{"id":107765,"date":"2017-10-27T16:37:35","date_gmt":"2017-10-27T19:37:35","guid":{"rendered":"http:\/\/senoticias.com.br\/se\/?p=107765"},"modified":"2017-10-27T21:22:47","modified_gmt":"2017-10-28T00:22:47","slug":"em-aracaju-prefeito-de-sao-paulo-joao-doria-recebe-titulo-de-cidadao-sergipano-na-alese","status":"publish","type":"post","link":"https:\/\/senoticias.com.br\/se\/em-aracaju-prefeito-de-sao-paulo-joao-doria-recebe-titulo-de-cidadao-sergipano-na-alese\/","title":{"rendered":"Prefeito de S\u00e3o Paulo Jo\u00e3o D\u00f3ria recebe t\u00edtulo de cidad\u00e3o sergipano na Alese"},"content":{"rendered":"<p style=\"text-align: justify;\">Em Sess\u00e3o Especial realizada no plen\u00e1rio Pedro Barreto de Andrade na noite desta quinta- feira, 26 de outubro, a Assembleia Legislativa de Sergipe (Alese) outorgou ao prefeito de S\u00e3o Paulo, Jo\u00e3o Agripino da Costa Doria J\u00fanior, o t\u00edtulo de Cidad\u00e3o Sergipano. A solenidade reuniu autoridades, amigos, familiares e imprensa.<\/p>\n<p style=\"text-align: justify;\">A honraria concedida foi proposta por Projeto de Resolu\u00e7\u00e3o n\u00ba 34\/2017, aprovada por unanimidade pela Casa Legislativa, \u00e9 de autoria do deputado estadual Augusto Bezerra (PHS) em decorr\u00eancia dos relevantes servi\u00e7os prestados \u00e0 Sergipe, quando ent\u00e3o foi presidente da Embratur ( Instituto Brasileiro de Turismo), pelo seu Estado, maior cidade do Brasil e uma das maiores da Am\u00e9rica do Sul, bem como\u00a0 pelo\u00a0 exemplo de administrador p\u00fablico, justificou Augusto Bezerra.<\/p>\n<p style=\"text-align: justify;\">Para Augusto Bezerra, Jo\u00e3o Doria representa o novo na pol\u00edtica do Brasil, \u00e9 um homem que tem demonstrado uma capacidade de trabalho muito grande e a popula\u00e7\u00e3o est\u00e1 cansada dos pol\u00edticos tradicionais a n\u00edvel nacional e regional. \u201cA\u00a0cidade de S\u00e3o Paulo est\u00e1 mais limpa, os servi\u00e7os essenciais \u00e0 popula\u00e7\u00e3o est\u00e3o sendo ofertados com mais qualidade com destaque para a sa\u00fade, a exemplo dos hospitais tradicionais como o Hospital\u00a0S\u00edrio Liban\u00eas no atendimento \u00e0 popula\u00e7\u00e3o mais carente, entre outros.\u00a0 Por fim, Jo\u00e3o Doria tem\u00a0notoriedade em todos os cargos ocupados\u201d, ressaltou Augusto Bezerra.<\/p>\n<div id=\"attachment_107766\" style=\"width: 609px\" class=\"wp-caption aligncenter\"><a href=\"http:\/\/senoticias.com.br\/se\/wp-content\/uploads\/2017\/10\/joao-doria-e1509132977619.jpg\"><img loading=\"lazy\" decoding=\"async\" aria-describedby=\"caption-attachment-107766\" class=\"size-full wp-image-107766\" src=\"http:\/\/senoticias.com.br\/se\/wp-content\/uploads\/2017\/10\/joao-doria-e1509132977619.jpg\" alt=\"Jo\u00e3o D\u00f3ria recebe t\u00edtulo de Cidad\u00e3o Sergipano na Alese (Foto: C\u00e9sar de Oliveira\/Alese)\" width=\"599\" height=\"398\" \/><\/a><p id=\"caption-attachment-107766\" class=\"wp-caption-text\">Jo\u00e3o D\u00f3ria recebe t\u00edtulo de Cidad\u00e3o Sergipano na Alese (Foto: C\u00e9sar de Oliveira\/Alese)<\/p><\/div>\n<p style=\"text-align: justify;\">Segundo o\u00a0\u00a0conselheiro e ex presidente do Tribunal de Justi\u00e7a de Sergipe,\u00a0 Carlos Pinna de Assis, o prefeito Jo\u00e3o Doria tem duas caracter\u00edsticas, a primeira \u00e9 que ele tem origem familiar em Sergipe,\u00a0 e a segunda\u00a0 \u00e9 que o prefeito foi o guardi\u00e3o de um pequeno tesouro de Sergipe, que estava guardado na biblioteca municipal de S\u00e3o Paulo, M\u00e1rio de Andrade. O tesouro trata-se de tr\u00eas obras, uma\u00a0 do s\u00e9culo XIX e duas do in\u00edcio do s\u00e9culo XX que retratam Sergipe e, especialmente, Aracaju.\u00a0 \u201cUm desses \u00e1lbuns retrata as fotografias mais antigas conhecidas como a Nova Capital de Sergipe, feitas em Aracaju ap\u00f3s 10 anos de sua funda\u00e7\u00e3o. Jo\u00e3o Doria est\u00e1 trazendo este tesouro, onde ser\u00e1 entregue no TC em solenidade realizada nesta sexta- feira, 27 de outubro\u201d, explicou Pinna.<\/p>\n<p style=\"text-align: justify;\">O presidente da Assembleia Legislativa de Sergipe, Luciano Bispo,\u00a0 disse que \u00e9\u00a0uma honra receber o prefeito de S\u00e3o Paulo, Jo\u00e3o Doria, pois sempre fomos um povo acolhedor e respeitador com todos que aqui chegam. Al\u00e9m do mais, Doria tem uma hist\u00f3ria com Sergipe, a exemplo dos la\u00e7os familiares com o ex governador Seixas Doria, um homem que dignificou\u00a0 nosso Sergipe.<\/p>\n<p style=\"text-align: justify;\">O homenageado da noite, jo\u00e3o Doria, em seu discurso, contagiou o plen\u00e1rio da Casa Legislativa ao falar sobre o momento pol\u00edtico atual, sobre sua paix\u00e3o pelo Brasil e pelo compromisso assumido com sua cidade e com seu pa\u00eds.<\/p>\n<p style=\"text-align: justify;\">Na oportunidade agradeceu ao deputado Augusto Bezerra pela indica\u00e7\u00e3o do T\u00edtulo de Cidadania, que ofereceu em nome do Poder Legislativo.\u00a0\u00a0Jo\u00e3o Doria expressou sua gratid\u00e3o \u00e0 todos os sergipanos.<\/p>\n<p style=\"text-align: justify;\">\u201cMinha fam\u00edlia \u00e9 de nordestinos, o que aumenta muito o meu orgulho\u201d, disse Doria acrescentando \u201cparte da fam\u00edlia \u00e9 de sergipanos e a outra de baianos. Por\u00e9m em Sergipe, Jo\u00e3o Seixas Doria, integrante da fam\u00edlia, foi governador\u00a0 honrando o t\u00edtulo e a hist\u00f3ria desse Estado, bem como a trajet\u00f3ria da nossa fam\u00edlia em dois estados irm\u00e3os e em duas fam\u00edlias\u201d, salientou.<\/p>\n<p style=\"text-align: justify;\">O mais novo sergipano ainda em seu discurso, lembrou quando ent\u00e3o foi presidente da Embratur, onde em visitas \u00e0 Sergipe, com o objetivo de ampliar a promo\u00e7\u00e3o tur\u00edstica do estado, especialmente em Aracaju, v\u00e1rios dos hot\u00e9is constru\u00eddos na praia de Atalaia foram feitos com certifica\u00e7\u00e3o de incentivos fiscais assinados por ele, que na \u00e9poca era de responsabilidade exclusiva do Instituto Brasileiro de Turismo, hoje sendo do BNDS, explicou o prefeito Jo\u00e3o Doria.<\/p>\n<p style=\"text-align: justify;\">A mesa diretora da solenidade foi composta pelas seguintes autoridades, o presidente da Assembleia Legislativa de Sergipe, Luciano Bispo, o deputado estadual Ven\u00e2ncio Fonseca, o vice governador do estado Belivaldo Chagas, o senador Eduardo Amorim, o deputado federal Valadares Filho, o vereador Thiaguinho Batalha, o presidente do Tribunal de Contas de Sergipe Cl\u00f3vis Barbosa, o desembargador e representando o Tribunal de Justi\u00e7a, Lu\u00eds Mendon\u00e7a, o ex governador e empres\u00e1rio Albano Franco e o deputado estadual por S\u00e3o Paulo, Coronel Camilo.<\/p>\n<p><strong>Conhe\u00e7a um pouco sobre o homenageado<\/strong><\/p>\n<p style=\"text-align: justify;\">Jo\u00e3o Doria J\u00fanior, nasceu em S\u00e3o Paulo, no dia 16 de dezembro de 1957. Filho de Jo\u00e3o Doria, publicit\u00e1rio e ex-deputado federal pelo Estado da Bahia, cassado pelo regime militar no ano de 1964, onde a fam\u00edlia mudou-se para Fran\u00e7a, onde o pai ficou exilado por 10 anos. Casado e pai de tr\u00eas filhos.<\/p>\n<p style=\"text-align: justify;\">Jornalista, publicit\u00e1rio e empres\u00e1rio brasileiro. D\u00f3ria \u00e9 presidente licenciado do Grupo Doria. Fundador e presidente licenciado do Comit\u00ea Executivo do Lide- Grupo de L\u00edderes Empresariais e membro do Conselho Deliberativo do Fundo Social de Solidariedade do Estado de S\u00e3o Paulo e presidente do grupo de Comunica\u00e7\u00e3o e Marketing, composto por cinco empresas: Doria Administra\u00e7\u00e3o de Bens, Doria Internacional, Doria Editora, Doria Eventos e Doria Marketing &amp; Imagem.<\/p>\n<p style=\"text-align: justify;\">Jo\u00e3o Doria J\u00fanior come\u00e7ou a trabalhar aos 13 anos de idade. Aos dezoito anos j\u00e1 era diretor de uma rede de televis\u00e3o. Saiu de uma escola particular e foi estudar em um col\u00e9gio p\u00fablico, em um curso noturno, para durante o dia, trabalhar numa ag\u00eancia de publicidade.<\/p>\n<p style=\"text-align: justify;\">Foi secret\u00e1rio municipal de Turismo e presidente da Paulistur, na gest\u00e3o de M\u00e1rio Covas na prefeitura de S\u00e3o Paulo. Presidiu a Embratur e o Conselho Nacional de Turismo de 1986 a 1988. Diretor de Comunica\u00e7\u00e3o da Rede Bandeirantes de Televis\u00e3o, no per\u00edodo de 1979 a 1982 e professor de Marketing na Funda\u00e7\u00e3o Armando \u00c1lvares Penteado (FAAP), em S\u00e3o Paulo.<\/p>\n<p style=\"text-align: justify;\">Apresenta dois programas de entrevistas: o Show Business, exibido pela TV Bandeirantes, o Face a Face pela Rede BandNews e j\u00e1 apresentou o reality show O Aprendiz.<\/p>\n<p style=\"text-align: justify;\">Eleito pela revista Isto\u00e9 no ano de 2012, pelo quarto ano consecutivo, como uma das 100 pessoas mais influentes do Brasil e do mundo. Em 2014, empresa europeia Merco realizou pesquisa, onde elegeu Jo\u00e3o Doria como um dos 100 l\u00edderes de melhor reputa\u00e7\u00e3o do Brasil, publicada pela Exame.Com. Em 2017, recebeu o pr\u00eamio Person of The Year.<\/p>\n<p>&nbsp;<\/p>\n<p>Por Ag\u00eancia de Not\u00edcias Alese<\/p>\n<p style=\"text-align: justify;\"><a href=\"http:\/\/senoticias.com.br\/se\/wp-content\/uploads\/2017\/10\/Logo-fone-1-2-1-2-4-6-1-1-1-2-1-1.jpg\"><img loading=\"lazy\" decoding=\"async\" class=\"aligncenter size-full wp-image-107713\" src=\"http:\/\/senoticias.com.br\/se\/wp-content\/uploads\/2017\/10\/Logo-fone-1-2-1-2-4-6-1-1-1-2-1-1.jpg\" alt=\"Logo-fone-1-2-1-2-4-6-1-1-1-2-1\" width=\"599\" height=\"78\" srcset=\"https:\/\/senoticias.com.br\/se\/wp-content\/uploads\/2017\/10\/Logo-fone-1-2-1-2-4-6-1-1-1-2-1-1.jpg 599w, https:\/\/senoticias.com.br\/se\/wp-content\/uploads\/2017\/10\/Logo-fone-1-2-1-2-4-6-1-1-1-2-1-1-300x39.jpg 300w\" sizes=\"(max-width: 599px) 100vw, 599px\" \/><\/a><\/p>\n<p><em><strong>Acompanhe tamb\u00e9m o SE Not\u00edcias no\u00a0<a href=\"https:\/\/twitter.com\/Senoticias\" target=\"_blank\">Twitter<\/a>,\u00a0<a href=\"https:\/\/www.facebook.com\/senoticias1\" target=\"_blank\">Facebook<\/a>\u00a0e no\u00a0<a href=\"https:\/\/www.instagram.com\/senoticias\/\" target=\"_blank\">Instagram<\/a><\/strong><\/em><\/p>\n<p><em>Com informa\u00e7\u00f5es do Portal Infonet e Folha de S\u00e3o Paulo<\/em><\/p>\n","protected":false},"excerpt":{"rendered":"<p>Em Sess\u00e3o Especial realizada no plen\u00e1rio Pedro Barreto de Andrade na noite desta quinta- feira, 26 de outubro, a Assembleia Legislativa de Sergipe (Alese) outorgou ao prefeito de S\u00e3o Paulo, Jo\u00e3o Agripino da Costa Doria J\u00fanior, o t\u00edtulo de Cidad\u00e3o Sergipano. A solenidade reuniu autoridades, amigos, familiares e imprensa. A honraria concedida foi proposta por [&hellip;]<\/p>\n","protected":false},"author":2,"featured_media":0,"comment_status":"closed","ping_status":"closed","sticky":false,"template":"","format":"standard","meta":{"footnotes":""},"categories":[15],"tags":[2830,2720,5523,5520,6738,222,6088],"class_list":{"0":"post-107765","1":"post","2":"type-post","3":"status-publish","4":"format-standard","6":"category-destaques","7":"tag-alese","8":"tag-eleicoes-2018","9":"tag-joao-doria","10":"tag-prefeito-de-sao-paulo","11":"tag-presidenciavel","12":"tag-psdb","13":"tag-titulo-de-cidadao-sergipano"},"_links":{"self":[{"href":"https:\/\/senoticias.com.br\/se\/wp-json\/wp\/v2\/posts\/107765"}],"collection":[{"href":"https:\/\/senoticias.com.br\/se\/wp-json\/wp\/v2\/posts"}],"about":[{"href":"https:\/\/senoticias.com.br\/se\/wp-json\/wp\/v2\/types\/post"}],"author":[{"embeddable":true,"href":"https:\/\/senoticias.com.br\/se\/wp-json\/wp\/v2\/users\/2"}],"replies":[{"embeddable":true,"href":"https:\/\/senoticias.com.br\/se\/wp-json\/wp\/v2\/comments?post=107765"}],"version-history":[{"count":0,"href":"https:\/\/senoticias.com.br\/se\/wp-json\/wp\/v2\/posts\/107765\/revisions"}],"wp:attachment":[{"href":"https:\/\/senoticias.com.br\/se\/wp-json\/wp\/v2\/media?parent=107765"}],"wp:term":[{"taxonomy":"category","embeddable":true,"href":"https:\/\/senoticias.com.br\/se\/wp-json\/wp\/v2\/categories?post=107765"},{"taxonomy":"post_tag","embeddable":true,"href":"https:\/\/senoticias.com.br\/se\/wp-json\/wp\/v2\/tags?post=107765"}],"curies":[{"name":"wp","href":"https:\/\/api.w.org\/{rel}","templated":true}]}}