{"id":107763,"date":"2017-10-27T15:45:47","date_gmt":"2017-10-27T18:45:47","guid":{"rendered":"http:\/\/senoticias.com.br\/se\/?p=107763"},"modified":"2017-10-27T21:15:34","modified_gmt":"2017-10-28T00:15:34","slug":"prefeito-de-socorro-entrega-reforma-da-emef-maria-da-conceicao-cruz-vasconcelos-no-conjunto-jardim","status":"publish","type":"post","link":"https:\/\/senoticias.com.br\/se\/prefeito-de-socorro-entrega-reforma-da-emef-maria-da-conceicao-cruz-vasconcelos-no-conjunto-jardim\/","title":{"rendered":"No Conjunto Jardim, Padre Inaldo inaugura Escola Maria da Concei\u00e7\u00e3o Cruz Vasconcelos"},"content":{"rendered":"<p style=\"text-align: justify;\"><span style=\"color: #000000;\">Na manh\u00e3 desta sexta-feira, 27, a Prefeitura de Nossa Senhora do Socorro entregou \u00e0 comunidade a reforma da Escola Municipal Maria da Concei\u00e7\u00e3o Cruz Vasconcelos. A unidade escolar, que atualmente atende 543 alunos, passou por uma reforma completa na estrutura.<\/span><\/p>\n<p style=\"text-align: justify;\"><span style=\"color: #000000;\">Um investimento de R$ 621.692,34 (seiscentos e vinte e um mil seiscentos e noventa e dois reais e trinta e quatro centavos), em recursos pr\u00f3prios, foi realizado pela gest\u00e3o para execu\u00e7\u00e3o da reforma, garantindo a constru\u00e7\u00e3o de cinco novas salas de aula, sendo uma para Atendimento Escolar Especializado (AEE) focada em educa\u00e7\u00e3o inclusiva e uma sala de inform\u00e1tica.<\/span><\/p>\n<div id=\"attachment_107764\" style=\"width: 609px\" class=\"wp-caption aligncenter\"><a href=\"http:\/\/senoticias.com.br\/se\/wp-content\/uploads\/2017\/10\/escola-socorro-SENOTICIAS-e1509129837313.jpg\"><img loading=\"lazy\" decoding=\"async\" aria-describedby=\"caption-attachment-107764\" class=\"size-full wp-image-107764\" src=\"http:\/\/senoticias.com.br\/se\/wp-content\/uploads\/2017\/10\/escola-socorro-SENOTICIAS-e1509129837313.jpg\" alt=\"Foto: Antonio Carlos\/ ANsocorro\" width=\"599\" height=\"399\" \/><\/a><p id=\"caption-attachment-107764\" class=\"wp-caption-text\">Unidade escolar foi totalmente reformada (foto: Antonio Carlos)<\/p><\/div>\n<p style=\"text-align: justify;\"><span style=\"color: #000000;\">Al\u00e9m dos novos espa\u00e7os educacionais, foram constru\u00eddos tamb\u00e9m dois novos complexos de sanit\u00e1rios e realizadas adapta\u00e7\u00f5es de acessibilidade para portadores de necessidades especiais, bem como a cria\u00e7\u00e3o de estacionamento interno para os servidores. A a\u00e7\u00e3o proporcionou tamb\u00e9m a reforma de toda \u00e1rea verde e de recrea\u00e7\u00e3o da escola, revestimento cer\u00e2mico em todas as paredes, instala\u00e7\u00e3o do forro, adequa\u00e7\u00e3o da cozinha (com amplia\u00e7\u00e3o do espa\u00e7o e novos arm\u00e1rios), cria\u00e7\u00e3o de sistema de escoamento de \u00e1gua, alambrado para prote\u00e7\u00e3o e a constru\u00e7\u00e3o do muro, com o objetivo de garantir mais seguran\u00e7a.<\/span><\/p>\n<p style=\"text-align: justify;\"><span style=\"color: #000000;\">Durante a solenidade de entrega, o prefeito Padre Inaldo afirmou em seu discurso que investir na educa\u00e7\u00e3o \u00e9 uma das prioridades da gest\u00e3o municipal. \u201cA popula\u00e7\u00e3o me escolheu para que eu pudesse trabalhar pela comunidade e \u00e9 para isso que estou aqui. Hoje estamos inaugurando uma grande e importante obra que ir\u00e1 trazer melhores condi\u00e7\u00f5es de ensino para as crian\u00e7as do Conjunto Jardim. Sabemos que a crise est\u00e1 em todo o pa\u00eds, mas estamos trabalhando para economizar no que for poss\u00edvel e investir no desenvolvimento do munic\u00edpio. \u00c9 com imensa alegria que estamos realizando essa entrega. Agrade\u00e7o a todos da Secretaria de Educa\u00e7\u00e3o por trabalhar sempre em conjunto para o bem dos nossos alunos\u201d, destacou.<\/span><\/p>\n<p style=\"text-align: justify;\"><span style=\"color: #000000;\">Segundo a secret\u00e1ria da Educa\u00e7\u00e3o, Marieta Barbosa, \u00e9 preciso pensar a educa\u00e7\u00e3o como um todo para que a qualidade no ensino seja contemplada de forma ampla e consistente. \u201cA educa\u00e7\u00e3o \u00e9 feita de paredes e tijolos, bem como de projetos pedag\u00f3gicos. Com muito esfor\u00e7o e um comprometimento muito grande estamos conseguindo realizar importantes investimentos na educa\u00e7\u00e3o, como pagando em dia nossos servidores, reformando as escolas, investindo em merenda, em transporte escolar e em projetos educacionais que est\u00e3o levando mais qualidade ao ensino da rede municipal. Hoje estamos entregando \u00e0 comunidade do Conjunto Jardim mais um resultado do nosso investimento\u201d, relatou.<\/span><\/p>\n<p style=\"text-align: justify;\"><span style=\"color: #000000;\">O diretor da Engenharia e Arquitetura da Secretaria Municipal da Educa\u00e7\u00e3o (Semed), Lauro Maia, detalha o processo de execu\u00e7\u00e3o da obra. \u201cA seguran\u00e7a tamb\u00e9m foi um dos nossos focos, para isso constru\u00edmos um muro no fundo, coisa que n\u00e3o existia, para evitar que pessoas sem autoriza\u00e7\u00e3o tivessem acesso \u00e0 escola. Criamos tamb\u00e9m um pequeno sistema de escoamento de \u00e1gua e saneamento para que as \u00e1guas da chuva possam escorrer sem causar transtornos, evitando os alagamentos que eram constantes na escola. Fizemos tamb\u00e9m o revestimento em todas as paredes, forramos e pintamos a escola por completo\u201d, relatou.<\/span><\/p>\n<p style=\"text-align: justify;\"><a href=\"http:\/\/senoticias.com.br\/se\/wp-content\/uploads\/2017\/10\/Logo-fone-1-2-1-2-4-6-1-1-1-2-1-1.jpg\"><img loading=\"lazy\" decoding=\"async\" class=\"aligncenter size-full wp-image-107713\" src=\"http:\/\/senoticias.com.br\/se\/wp-content\/uploads\/2017\/10\/Logo-fone-1-2-1-2-4-6-1-1-1-2-1-1.jpg\" alt=\"Logo-fone-1-2-1-2-4-6-1-1-1-2-1\" width=\"599\" height=\"78\" srcset=\"https:\/\/senoticias.com.br\/se\/wp-content\/uploads\/2017\/10\/Logo-fone-1-2-1-2-4-6-1-1-1-2-1-1.jpg 599w, https:\/\/senoticias.com.br\/se\/wp-content\/uploads\/2017\/10\/Logo-fone-1-2-1-2-4-6-1-1-1-2-1-1-300x39.jpg 300w\" sizes=\"(max-width: 599px) 100vw, 599px\" \/><\/a><\/p>\n<p><em><strong>Acompanhe tamb\u00e9m o SE Not\u00edcias no\u00a0<a href=\"https:\/\/twitter.com\/Senoticias\" target=\"_blank\">Twitter<\/a>,\u00a0<a href=\"https:\/\/www.facebook.com\/senoticias1\" target=\"_blank\">Facebook<\/a>\u00a0e no\u00a0<a href=\"https:\/\/www.instagram.com\/senoticias\/\" target=\"_blank\">Instagram<\/a><\/strong><\/em><\/p>\n<p><em>Por Ascom Nossa Senhora do Socorro<\/em><\/p>\n","protected":false},"excerpt":{"rendered":"<p>Na manh\u00e3 desta sexta-feira, 27, a Prefeitura de Nossa Senhora do Socorro entregou \u00e0 comunidade a reforma da Escola Municipal Maria da Concei\u00e7\u00e3o Cruz Vasconcelos. A unidade escolar, que atualmente atende 543 alunos, passou por uma reforma completa na estrutura. Um investimento de R$ 621.692,34 (seiscentos e vinte e um mil seiscentos e noventa e [&hellip;]<\/p>\n","protected":false},"author":2,"featured_media":0,"comment_status":"closed","ping_status":"closed","sticky":false,"template":"","format":"standard","meta":{"footnotes":""},"categories":[38],"tags":[6735,6741,4185,1913,2884,1993,2897],"class_list":{"0":"post-107763","1":"post","2":"type-post","3":"status-publish","4":"format-standard","6":"category-municipios","7":"tag-ansocorro","8":"tag-conjunto-jardim","9":"tag-obra","10":"tag-padre-inaldo","11":"tag-prefeitura","12":"tag-prefeitura-de-nossa-senhora-do-socorro","13":"tag-reforma"},"_links":{"self":[{"href":"https:\/\/senoticias.com.br\/se\/wp-json\/wp\/v2\/posts\/107763"}],"collection":[{"href":"https:\/\/senoticias.com.br\/se\/wp-json\/wp\/v2\/posts"}],"about":[{"href":"https:\/\/senoticias.com.br\/se\/wp-json\/wp\/v2\/types\/post"}],"author":[{"embeddable":true,"href":"https:\/\/senoticias.com.br\/se\/wp-json\/wp\/v2\/users\/2"}],"replies":[{"embeddable":true,"href":"https:\/\/senoticias.com.br\/se\/wp-json\/wp\/v2\/comments?post=107763"}],"version-history":[{"count":0,"href":"https:\/\/senoticias.com.br\/se\/wp-json\/wp\/v2\/posts\/107763\/revisions"}],"wp:attachment":[{"href":"https:\/\/senoticias.com.br\/se\/wp-json\/wp\/v2\/media?parent=107763"}],"wp:term":[{"taxonomy":"category","embeddable":true,"href":"https:\/\/senoticias.com.br\/se\/wp-json\/wp\/v2\/categories?post=107763"},{"taxonomy":"post_tag","embeddable":true,"href":"https:\/\/senoticias.com.br\/se\/wp-json\/wp\/v2\/tags?post=107763"}],"curies":[{"name":"wp","href":"https:\/\/api.w.org\/{rel}","templated":true}]}}