{"id":107762,"date":"2017-10-27T15:35:17","date_gmt":"2017-10-27T18:35:17","guid":{"rendered":"http:\/\/senoticias.com.br\/se\/?p=107762"},"modified":"2017-10-27T21:23:57","modified_gmt":"2017-10-28T00:23:57","slug":"camara-notifica-o-stf-da-decisao-que-nao-autoriza-investigar-o-presidente-temer","status":"publish","type":"post","link":"https:\/\/senoticias.com.br\/se\/camara-notifica-o-stf-da-decisao-que-nao-autoriza-investigar-o-presidente-temer\/","title":{"rendered":"C\u00e2mara notifica o STF da decis\u00e3o que n\u00e3o autoriza investigar o presidente Temer"},"content":{"rendered":"<p style=\"text-align: justify;\"><span style=\"color: #000000;\">O Supremo Tribunal Federal (STF) foi notificado pela C\u00e2mara dos Deputados da decis\u00e3o da maioria da Casa de n\u00e3o autorizar a instaura\u00e7\u00e3o de processo criminal contra o presidente Michel Temer e os ministros Eliseu Padilha (Casa Civil) e Moreira Franco (Secretaria-Geral da Presid\u00eancia). O comunicado foi expedido ao Supremo na quinta-feira (26), no fim da tarde, um dia depois da vota\u00e7\u00e3o que rejeitou a den\u00fancia apresentada pela Procuradoria-Geral da Rep\u00fablica (PGR).<\/span><\/p>\n<div id=\"attachment_104477\" style=\"width: 609px\" class=\"wp-caption aligncenter\"><a href=\"http:\/\/senoticias.com.br\/se\/wp-content\/uploads\/2017\/07\/Michel-Temer-SENOTICIAS-e1498918191229.jpg\"><img loading=\"lazy\" decoding=\"async\" aria-describedby=\"caption-attachment-104477\" class=\"size-full wp-image-104477\" src=\"http:\/\/senoticias.com.br\/se\/wp-content\/uploads\/2017\/07\/Michel-Temer-SENOTICIAS-e1498918191229.jpg\" alt=\" (Ueslei Marcelino\/Reuters)\" width=\"599\" height=\"399\" \/><\/a><p id=\"caption-attachment-104477\" class=\"wp-caption-text\">Foto: Ueslei Marcelino\/Reuters)<\/p><\/div>\n<p style=\"text-align: justify;\"><span style=\"color: #000000;\">A autoriza\u00e7\u00e3o pr\u00e9via da C\u00e2mara para processar o presidente da Rep\u00fablica est\u00e1 prevista na Constitui\u00e7\u00e3o Federal, que diz \u201cadmitida a acusa\u00e7\u00e3o contra o presidente da Rep\u00fablica, por dois ter\u00e7os da C\u00e2mara dos Deputados, ser\u00e1 ele submetido a julgamento perante o Supremo Tribunal Federal, nas infra\u00e7\u00f5es penais comuns, ou perante o Senado Federal, nos crimes de responsabilidade\u201d.<\/span><\/p>\n<p style=\"text-align: justify;\"><span style=\"color: #000000;\">O processo foi arquivado na C\u00e2mara e seguiu de volta ao Supremo, que fica impedido de prosseguir com a investiga\u00e7\u00e3o at\u00e9 o fim do mandato do presidente da Rep\u00fablica e dos ministros e deve definir como fica a tramita\u00e7\u00e3o do processo de agora em diante. Os acusados poder\u00e3o ser julgados pela primeira inst\u00e2ncia da Justi\u00e7a depois que perderem o foro privilegiado, condi\u00e7\u00e3o adquirida pelos cargos que ocupam atualmente.<\/span><\/p>\n<p style=\"text-align: justify;\"><strong><span style=\"color: #000000;\">Den\u00fancia<\/span><\/strong><\/p>\n<p style=\"text-align: justify;\"><span style=\"color: #000000;\">No dia 14 de setembro, o ex-procurador-geral da Rep\u00fablica Rodrigo Janot apresentou ao STF a segunda den\u00fancia contra o presidente Michel Temer. Em junho, Janot havia denunciado o presidente pelo crime de corrup\u00e7\u00e3o passiva. Desta vez, Temer foi acusado de obstruir a Justi\u00e7a no \u00e2mbito das investiga\u00e7\u00f5es da Opera\u00e7\u00e3o Lava Jato e tamb\u00e9m de liderar uma organiza\u00e7\u00e3o criminosa que negociava desde 2016 a ocupa\u00e7\u00e3o de cargos p\u00fablicos em troca do pagamento de propinas que chegariam ao montante de R$ 587 milh\u00f5es.<\/span><\/p>\n<p style=\"text-align: justify;\"><span style=\"color: #000000;\">Al\u00e9m de Temer, s\u00e3o acusados de participar da organiza\u00e7\u00e3o criminosa os integrantes do chamado PMDB da C\u00e2mara: Eduardo Cunha, Henrique Alves, Geddel Vieira Lima, Rodrigo Rocha Loures, Eliseu Padilha e Moreira Franco. Todos os denunciados negam as acusa\u00e7\u00f5es.<\/span><\/p>\n<p style=\"text-align: justify;\"><a href=\"http:\/\/senoticias.com.br\/se\/wp-content\/uploads\/2017\/10\/Logo-fone-1-2-1-2-4-6-1-1-1-2-1-1.jpg\"><img loading=\"lazy\" decoding=\"async\" class=\"aligncenter size-full wp-image-107713\" src=\"http:\/\/senoticias.com.br\/se\/wp-content\/uploads\/2017\/10\/Logo-fone-1-2-1-2-4-6-1-1-1-2-1-1.jpg\" alt=\"Logo-fone-1-2-1-2-4-6-1-1-1-2-1\" width=\"599\" height=\"78\" srcset=\"https:\/\/senoticias.com.br\/se\/wp-content\/uploads\/2017\/10\/Logo-fone-1-2-1-2-4-6-1-1-1-2-1-1.jpg 599w, https:\/\/senoticias.com.br\/se\/wp-content\/uploads\/2017\/10\/Logo-fone-1-2-1-2-4-6-1-1-1-2-1-1-300x39.jpg 300w\" sizes=\"(max-width: 599px) 100vw, 599px\" \/><\/a><\/p>\n<p><em><strong>Acompanhe tamb\u00e9m o SE Not\u00edcias no\u00a0<a href=\"https:\/\/twitter.com\/Senoticias\" target=\"_blank\">Twitter<\/a>,\u00a0<a href=\"https:\/\/www.facebook.com\/senoticias1\" target=\"_blank\">Facebook<\/a>\u00a0e no\u00a0<a href=\"https:\/\/www.instagram.com\/senoticias\/\" target=\"_blank\">Instagram<\/a><\/strong><\/em><\/p>\n<p><em>Por Ag\u00eancia Brasil<\/em><\/p>\n","protected":false},"excerpt":{"rendered":"<p>O Supremo Tribunal Federal (STF) foi notificado pela C\u00e2mara dos Deputados da decis\u00e3o da maioria da Casa de n\u00e3o autorizar a instaura\u00e7\u00e3o de processo criminal contra o presidente Michel Temer e os ministros Eliseu Padilha (Casa Civil) e Moreira Franco (Secretaria-Geral da Presid\u00eancia). O comunicado foi expedido ao Supremo na quinta-feira (26), no fim da [&hellip;]<\/p>\n","protected":false},"author":2,"featured_media":0,"comment_status":"closed","ping_status":"closed","sticky":false,"template":"","format":"standard","meta":{"footnotes":""},"categories":[2961],"tags":[370,3444,4621,2168,836,637,3445],"class_list":{"0":"post-107762","1":"post","2":"type-post","3":"status-publish","4":"format-standard","6":"category-nacional","7":"tag-brasil","8":"tag-camara","9":"tag-denuncia","10":"tag-politica","11":"tag-stf","12":"tag-temer","13":"tag-votacao"},"_links":{"self":[{"href":"https:\/\/senoticias.com.br\/se\/wp-json\/wp\/v2\/posts\/107762"}],"collection":[{"href":"https:\/\/senoticias.com.br\/se\/wp-json\/wp\/v2\/posts"}],"about":[{"href":"https:\/\/senoticias.com.br\/se\/wp-json\/wp\/v2\/types\/post"}],"author":[{"embeddable":true,"href":"https:\/\/senoticias.com.br\/se\/wp-json\/wp\/v2\/users\/2"}],"replies":[{"embeddable":true,"href":"https:\/\/senoticias.com.br\/se\/wp-json\/wp\/v2\/comments?post=107762"}],"version-history":[{"count":0,"href":"https:\/\/senoticias.com.br\/se\/wp-json\/wp\/v2\/posts\/107762\/revisions"}],"wp:attachment":[{"href":"https:\/\/senoticias.com.br\/se\/wp-json\/wp\/v2\/media?parent=107762"}],"wp:term":[{"taxonomy":"category","embeddable":true,"href":"https:\/\/senoticias.com.br\/se\/wp-json\/wp\/v2\/categories?post=107762"},{"taxonomy":"post_tag","embeddable":true,"href":"https:\/\/senoticias.com.br\/se\/wp-json\/wp\/v2\/tags?post=107762"}],"curies":[{"name":"wp","href":"https:\/\/api.w.org\/{rel}","templated":true}]}}