{"id":107750,"date":"2017-10-27T14:35:26","date_gmt":"2017-10-27T17:35:26","guid":{"rendered":"http:\/\/senoticias.com.br\/se\/?p=107750"},"modified":"2017-10-27T14:41:25","modified_gmt":"2017-10-27T17:41:25","slug":"primavera-verao-e-halloween-no-shopping-jardins","status":"publish","type":"post","link":"https:\/\/senoticias.com.br\/se\/primavera-verao-e-halloween-no-shopping-jardins\/","title":{"rendered":"Primavera-ver\u00e3o e Halloween no Shopping Jardins"},"content":{"rendered":"<p style=\"text-align: justify;\">Nesta sexta-feira (27) e s\u00e1bado (28), acontece \u201cO Jardim Encantado\u201d, evento que vai reunir as principais lojas do Shopping Jardins em torno do lan\u00e7amento da moda primavera-ver\u00e3o 2018 para os baixinhos. Antes dos desfiles, a trupe da Blitz Kids apresenta divertidos musicais abertos ao p\u00fablico. Nesta sexta-feira (27) \u00e0s 16 horas, quem for \u00e0 Pra\u00e7a de Eventos 2 vai se divertir com o espet\u00e1culo \u201cO M\u00e1gico de Oz Cover\u201d. Em seguida, Tip Top, Livraria Escariz e Espa\u00e7o Lord Kids desfilam suas novidades a partir das 17 horas. No s\u00e1bado (28) \u00e0s 15 horas, o Shopping Jardins brinda o p\u00fablico com o espet\u00e1culo \u201cJo\u00e3o e Maria\u201d. A partir das 16 horas, Puket, Cambalhota, Lilica &amp; Tigor, Malwee Kids e Kitty Baby apresentam suas novas cole\u00e7\u00f5es. As pulseiras de acesso a \u201cO Jardim Encantado\u201d j\u00e1 esgotaram, mas quem quiser assistir aos espet\u00e1culos e desfiles basta chegar e se acomodar na Pra\u00e7a de Eventos 2 porque as apresenta\u00e7\u00f5es s\u00e3o abertas ao p\u00fablico.<\/p>\n<div id=\"attachment_107751\" style=\"width: 609px\" class=\"wp-caption aligncenter\"><a href=\"http:\/\/senoticias.com.br\/se\/wp-content\/uploads\/2017\/10\/Jo\u00e3o-e-Maria_Blitz-Kids-e1509125968173.jpg\"><img loading=\"lazy\" decoding=\"async\" aria-describedby=\"caption-attachment-107751\" class=\"size-full wp-image-107751\" src=\"http:\/\/senoticias.com.br\/se\/wp-content\/uploads\/2017\/10\/Jo\u00e3o-e-Maria_Blitz-Kids-e1509125968173.jpg\" alt=\" imagens dos espet\u00e1culos \u201cO M\u00e1gico de OZ\u201d e \u201cJo\u00e3o e Maria\u201d. Fotos: Divulga\u00e7\u00e3o  \" width=\"599\" height=\"399\" \/><\/a><p id=\"caption-attachment-107751\" class=\"wp-caption-text\">imagens dos espet\u00e1culos \u201cO M\u00e1gico de OZ\u201d e \u201cJo\u00e3o e Maria\u201d. (Foto: Divulga\u00e7\u00e3o)<\/p><\/div>\n<p><strong>Dia das Bruxas<\/strong><\/p>\n<p style=\"text-align: justify;\">No pr\u00f3ximo domingo (29), o Shopping Jardins promove um divertido Bailinho de Halloween para a crian\u00e7ada na Pra\u00e7a de Eventos 2. A partir das 16 horas, divertidos personagens \u201csombrios\u201d da Blitz Kids comandam a festa que contar\u00e1 com anima\u00e7\u00e3o de deejay, pintura facial, distribui\u00e7\u00e3o de doces para os foli\u00f5es e concurso de fantasia entre os participantes dos desfiles de \u201cO Jardim Encantado\u201d. Durante o Bailinho de Halloween, um j\u00fari composto por tr\u00eas formadores de opini\u00e3o ir\u00e1 eleger o vencedor, que ser\u00e1 agraciado com presentes de todas as lojas que participaram dos desfiles nos dias 27 e 28. O Bailinho de Halloween \u00e9 gratuito, mas \u00e9 preciso reservar a pulseira de acesso atrav\u00e9s do aplicativo do Shopping Jardins (iOS e Android) e resgat\u00e1-la no Balc\u00e3o de Informa\u00e7\u00f5es. Cada CPF cadastrado d\u00e1 direito a um par de pulseiras. Ingressos limitados.<\/p>\n<p><strong>\u00daltimos dias<\/strong><\/p>\n<p style=\"text-align: justify;\">Terminam neste final de semana, a ExpoEnsino 2017 e a feira liter\u00e1ria Book Lovers Kids no Shopping Jardins. At\u00e9 domingo (29), a Universidade Tiradentes (Unit), Faculdade Pio X, Faculdade Jardins, Faculdade Dom Pedro, Uninassau, Senai\/Sesi\/IEL, Senac, as escolas Cepjss e Purifica\u00e7\u00e3o e a empresa de interc\u00e2mbio Experimento estar\u00e3o na Pra\u00e7a de Eventos 1 apresentando ao p\u00fablico suas metodologias e cursos. Durante a exposi\u00e7\u00e3o, o visitante tem a oportunidade de tirar d\u00favidas sobre os cursos oferecidos, valores de matr\u00edculas, did\u00e1tica de cada escola, al\u00e9m de trocar experi\u00eancias com os profissionais de diversas \u00e1reas. O acesso \u00e9 gratuito.<\/p>\n<p style=\"text-align: justify;\">At\u00e9 domingo (29), tamb\u00e9m acontece mais uma edi\u00e7\u00e3o da Book Lovers Kids no Shopping Jardins. Na Pra\u00e7a de Eventos 1, o p\u00fablico encontra um acervo com mais de 3 mil t\u00edtulos infantis, infanto-juvenis e tamb\u00e9m adultos. O acesso \u00e0 Book Lovers \u00e9 gratuito e os livros est\u00e3o sendo comercializados por valores a partir de R$ 5 a unidade.<\/p>\n<p style=\"text-align: justify;\">\u00a0<a href=\"http:\/\/senoticias.com.br\/se\/wp-content\/uploads\/2017\/10\/Logo-fone-1-2-1-2-4-6-1-1-1-2-1-1.jpg\"><img loading=\"lazy\" decoding=\"async\" class=\"aligncenter size-full wp-image-107713\" src=\"http:\/\/senoticias.com.br\/se\/wp-content\/uploads\/2017\/10\/Logo-fone-1-2-1-2-4-6-1-1-1-2-1-1.jpg\" alt=\"Logo-fone-1-2-1-2-4-6-1-1-1-2-1\" width=\"599\" height=\"78\" srcset=\"https:\/\/senoticias.com.br\/se\/wp-content\/uploads\/2017\/10\/Logo-fone-1-2-1-2-4-6-1-1-1-2-1-1.jpg 599w, https:\/\/senoticias.com.br\/se\/wp-content\/uploads\/2017\/10\/Logo-fone-1-2-1-2-4-6-1-1-1-2-1-1-300x39.jpg 300w\" sizes=\"(max-width: 599px) 100vw, 599px\" \/><\/a><\/p>\n<p style=\"text-align: justify;\"><em><strong>Acompanhe tamb\u00e9m o SE Not\u00edcias no\u00a0<a href=\"https:\/\/twitter.com\/Senoticias\" target=\"_blank\">Twitter<\/a>,\u00a0<a href=\"https:\/\/www.facebook.com\/senoticias1\" target=\"_blank\">Facebook<\/a>\u00a0e no\u00a0<a href=\"https:\/\/www.instagram.com\/senoticias\/\" target=\"_blank\">Instagram<\/a><\/strong><\/em><\/p>\n<p style=\"text-align: justify;\"><em><b>Assessoria de imprensa<\/b><span class=\"HOEnZb\"><span style=\"color: #888888;\"><b><br \/>\n<\/b>Lotti+Caldas Comunica\u00e7\u00e3o<\/span><\/span><\/em><\/p>\n","protected":false},"excerpt":{"rendered":"<p>Nesta sexta-feira (27) e s\u00e1bado (28), acontece \u201cO Jardim Encantado\u201d, evento que vai reunir as principais lojas do Shopping Jardins em torno do lan\u00e7amento da moda primavera-ver\u00e3o 2018 para os baixinhos. Antes dos desfiles, a trupe da Blitz Kids apresenta divertidos musicais abertos ao p\u00fablico. Nesta sexta-feira (27) \u00e0s 16 horas, quem for \u00e0 Pra\u00e7a [&hellip;]<\/p>\n","protected":false},"author":2,"featured_media":107751,"comment_status":"closed","ping_status":"closed","sticky":false,"template":"","format":"standard","meta":{"footnotes":""},"categories":[15,21],"tags":[6234,6030,4939,1803],"class_list":{"0":"post-107750","1":"post","2":"type-post","3":"status-publish","4":"format-standard","5":"has-post-thumbnail","7":"category-destaques","8":"category-entretenimento","9":"tag-halloween","10":"tag-primavera","11":"tag-shopping-jardins","12":"tag-verao"},"_links":{"self":[{"href":"https:\/\/senoticias.com.br\/se\/wp-json\/wp\/v2\/posts\/107750"}],"collection":[{"href":"https:\/\/senoticias.com.br\/se\/wp-json\/wp\/v2\/posts"}],"about":[{"href":"https:\/\/senoticias.com.br\/se\/wp-json\/wp\/v2\/types\/post"}],"author":[{"embeddable":true,"href":"https:\/\/senoticias.com.br\/se\/wp-json\/wp\/v2\/users\/2"}],"replies":[{"embeddable":true,"href":"https:\/\/senoticias.com.br\/se\/wp-json\/wp\/v2\/comments?post=107750"}],"version-history":[{"count":0,"href":"https:\/\/senoticias.com.br\/se\/wp-json\/wp\/v2\/posts\/107750\/revisions"}],"wp:featuredmedia":[{"embeddable":true,"href":"https:\/\/senoticias.com.br\/se\/wp-json\/wp\/v2\/media\/107751"}],"wp:attachment":[{"href":"https:\/\/senoticias.com.br\/se\/wp-json\/wp\/v2\/media?parent=107750"}],"wp:term":[{"taxonomy":"category","embeddable":true,"href":"https:\/\/senoticias.com.br\/se\/wp-json\/wp\/v2\/categories?post=107750"},{"taxonomy":"post_tag","embeddable":true,"href":"https:\/\/senoticias.com.br\/se\/wp-json\/wp\/v2\/tags?post=107750"}],"curies":[{"name":"wp","href":"https:\/\/api.w.org\/{rel}","templated":true}]}}