{"id":107690,"date":"2017-10-25T14:57:36","date_gmt":"2017-10-25T17:57:36","guid":{"rendered":"http:\/\/senoticias.com.br\/se\/?p=107690"},"modified":"2017-11-06T14:54:33","modified_gmt":"2017-11-06T17:54:33","slug":"escolas-estaduais-de-sergipe-terao-revisao-final-preparatoria-para-o-enem","status":"publish","type":"post","link":"https:\/\/senoticias.com.br\/se\/escolas-estaduais-de-sergipe-terao-revisao-final-preparatoria-para-o-enem\/","title":{"rendered":"Escolas estaduais de Sergipe t\u00eam revis\u00e3o final preparat\u00f3ria para o Enem"},"content":{"rendered":"<p style=\"text-align: justify;\"><span style=\"color: #000000;\">O governo do Estado, por meio da secretaria de Estado da Educa\u00e7\u00e3o (Seed), programou para o m\u00eas de novembro os dois \u00faltimos aul\u00f5es preparat\u00f3rios para o Exame Nacional do Ensino M\u00e9dio (Enem). O primeiro deles ser\u00e1 realizado no dia 02, no gin\u00e1sio de Esportes Const\u00e2ncio Vieira, em Aracaju, enquanto que o segundo, acontecer\u00e1 no dia 09 de novembro de 2017, \u00e0s 13h, no mesmo local. O aluno que desejar participar da revis\u00e3o final poder\u00e1 efetuar o cadastro no site da Seed.<\/span><\/p>\n<p style=\"text-align: justify;\"><span style=\"color: #000000;\">Segundo Jo\u00e3o Manoel de Faro Neto, coordenador estadual do Preuni, no dia 02 novembro acontece a revis\u00e3o das disciplinas Reda\u00e7\u00e3o e Linguagens Humanas &#8211; L\u00ednguas Espanhol e Ingl\u00eas e no dia 9 de novembro ser\u00e1 a vez das disciplinas Ci\u00eancias da Natureza e Matem\u00e1tica. &#8220;Ao longo do ano, a Seed deu todo suporte necess\u00e1rio para que todos os alunos da rede p\u00fablica possam participar do Enem e conquistar o t\u00e3o almejado sonho de entrar numa universidade&#8221;, disse Neto.<\/span><\/p>\n<p style=\"text-align: justify;\"><span style=\"color: #000000;\">De acordo com a coordenadora do Servi\u00e7o de Ensino M\u00e9dio (Semed), Gilv\u00e2nia Guimar\u00e3es, mais de dez mil alunos da rede p\u00fablica estadual estar\u00e3o participando do Enem. J\u00e1 os alunos do Pr\u00e9-Universit\u00e1rio\/Seed s\u00e3o mais de quatro mil que participar\u00e3o do Exame.<\/span><\/p>\n<div id=\"attachment_107691\" style=\"width: 609px\" class=\"wp-caption aligncenter\"><a href=\"http:\/\/senoticias.com.br\/se\/wp-content\/uploads\/2017\/10\/revisao-enem-SENOTICIAS-e1508954245713.jpg\"><img loading=\"lazy\" decoding=\"async\" aria-describedby=\"caption-attachment-107691\" class=\"size-full wp-image-107691\" src=\"http:\/\/senoticias.com.br\/se\/wp-content\/uploads\/2017\/10\/revisao-enem-SENOTICIAS-e1508954245713.jpg\" alt=\"Foto: Maria Od\u00edlia\/Seed\" width=\"599\" height=\"389\" \/><\/a><p id=\"caption-attachment-107691\" class=\"wp-caption-text\">Foto: Maria Od\u00edlia\/Seed<\/p><\/div>\n<p style=\"text-align: justify;\"><span style=\"color: #000000;\"><strong>Apoio<\/strong><\/span><\/p>\n<p style=\"text-align: justify;\"><span style=\"color: #000000;\">O Exame Nacional do Ensino M\u00e9dio ser\u00e1 aplicado nos dias 05 e 12 de novembro. Nesses dias, o governo disponibilizar\u00e1 \u00f4nibus, micro-\u00f4nibus e vans, para que os alunos do interior do estado possam fazer as provas nos 29 munic\u00edpios onde ele ser\u00e1 ofertado.<\/span><\/p>\n<p style=\"text-align: justify;\"><span style=\"color: #000000;\">A secretaria de Estado da Educa\u00e7\u00e3o far\u00e1 o acolhimento dos alunos, oferecendo o apoio psicol\u00f3gico e distribuir\u00e1 canetas e copinhos de \u00e1gua. A Seed estima que at\u00e9 as provas do Enem, mais de 17 mil estudantes tenham frequentado os aul\u00f5es e revis\u00f5es do Preuni, nos 44 polos distribu\u00eddos nos 29 munic\u00edpios.<\/span><\/p>\n<p style=\"text-align: justify;\"><span style=\"color: #000000;\">Objetivando colaborar na prepara\u00e7\u00e3o de estudantes de escolas estaduais que estejam cursando o 2\u00ba ou 3\u00ba anos ou egressos da rede p\u00fablica que tenham terminado o ensino m\u00e9dio, o Governo de Sergipe, por meio da Seed, oferta o Preuni.<\/span><\/p>\n<p style=\"text-align: justify;\"><span style=\"color: #000000;\">&#8220;Ao longo desse ano, realizamos noves aul\u00f5es no interior, atingindo todas as Diretorias Regionais de Educa\u00e7\u00e3o (DRE), al\u00e9m de seis revis\u00f5es, oficinas de reda\u00e7\u00e3o e atualidade e seis revis\u00f5es de peso, quando os estudantes t\u00eam a oportunidade de escolher qual \u00e1rea do conhecimento desejam refor\u00e7ar na maratona de estudos para o Enem e outros vestibulares, tendo como base o peso do curso que desejam a aprova\u00e7\u00e3o&#8221;, explicou Vlademir Silva Santos, coordenador pedag\u00f3gico do Dase.<\/span><\/p>\n<p style=\"text-align: justify;\"><span style=\"color: #000000;\"><strong>A\u00e7\u00f5es<\/strong><\/span><\/p>\n<p style=\"text-align: justify;\"><span style=\"color: #000000;\">No \u00faltimo final de semana, mais de mil alunos lotaram o terra\u00e7o da Biblioteca Central Jacinto Uch\u00f4a de Mendon\u00e7a, Campus Unit Aracaju Farol\u00e2ndia, durante o Aul\u00e3o de Espanhol e Ci\u00eancias da Natureza e suas Tecnologias e a Oficina de Reda\u00e7\u00e3o.<\/span><\/p>\n<p style=\"text-align: justify;\"><span style=\"color: #000000;\">As a\u00e7\u00f5es promovidas pela secretaria de Estado da Educa\u00e7\u00e3o fizeram parte das diversas atividades realizadas na Feira de Vestibular do Nordeste (Feivest), na Universidade Tiradentes.<\/span><\/p>\n<p style=\"text-align: justify;\"><span style=\"color: #000000;\">No mesmo dia, a Seed promoveu tamb\u00e9m, Aul\u00e3o no Col\u00e9gio Estadual Secret\u00e1rio de Estado Francisco Rosa, no bairro Bugio e no Centro de Educa\u00e7\u00e3o Profissional Berila Alves de Almeida, em Nossa Senhora das Dores, unidade escolar circunscrita \u00e0 Diretoria Regional de educa\u00e7\u00e3o (DRE 5).<\/span><\/p>\n<p style=\"text-align: justify;\"><span style=\"color: #000000;\"><strong>Est\u00e2ncia e Gl\u00f3ria<\/strong><\/span><\/p>\n<p style=\"text-align: justify;\"><span style=\"color: #000000;\">Nesses \u00faltimos meses, a Seed promoveu Super Revis\u00e3o nos munic\u00edpios de Est\u00e2ncia, Aracaju e Gl\u00f3ria com alunos que est\u00e3o em fase de prepara\u00e7\u00e3o para Enem. O Departamento de Apoio ao Sistema Operacional (Dase) respons\u00e1vel pelo Preuni, disponibilizou uma estrutura especial para a realiza\u00e7\u00e3o dos aul\u00f5es na capital e no interior.<\/span><\/p>\n<p style=\"text-align: justify;\">\n<p style=\"text-align: justify;\"><a href=\"http:\/\/senoticias.com.br\/se\/wp-content\/uploads\/2017\/10\/Logo-fone-1-2-1-2-4-6-1-1-1-2-1.jpg\"><img loading=\"lazy\" decoding=\"async\" class=\"aligncenter size-full wp-image-107376\" src=\"http:\/\/senoticias.com.br\/se\/wp-content\/uploads\/2017\/10\/Logo-fone-1-2-1-2-4-6-1-1-1-2-1.jpg\" alt=\"Logo-fone-1-2-1-2-4-6-1-1-1-2-1\" width=\"599\" height=\"78\" srcset=\"https:\/\/senoticias.com.br\/se\/wp-content\/uploads\/2017\/10\/Logo-fone-1-2-1-2-4-6-1-1-1-2-1.jpg 599w, https:\/\/senoticias.com.br\/se\/wp-content\/uploads\/2017\/10\/Logo-fone-1-2-1-2-4-6-1-1-1-2-1-300x39.jpg 300w\" sizes=\"(max-width: 599px) 100vw, 599px\" \/><\/a><\/p>\n<p><em><strong>Acompanhe tamb\u00e9m o SE Not\u00edcias no\u00a0<a href=\"https:\/\/twitter.com\/Senoticias\" target=\"_blank\">Twitter<\/a>,\u00a0<a href=\"https:\/\/www.facebook.com\/senoticias1\" target=\"_blank\">Facebook<\/a>\u00a0e no\u00a0<a href=\"https:\/\/www.instagram.com\/senoticias\/\" target=\"_blank\">Instagram<\/a><\/strong><\/em><\/p>\n<p><em>Por ASN<\/em><\/p>\n","protected":false},"excerpt":{"rendered":"<p>O governo do Estado, por meio da secretaria de Estado da Educa\u00e7\u00e3o (Seed), programou para o m\u00eas de novembro os dois \u00faltimos aul\u00f5es preparat\u00f3rios para o Exame Nacional do Ensino M\u00e9dio (Enem). O primeiro deles ser\u00e1 realizado no dia 02, no gin\u00e1sio de Esportes Const\u00e2ncio Vieira, em Aracaju, enquanto que o segundo, acontecer\u00e1 no dia [&hellip;]<\/p>\n","protected":false},"author":2,"featured_media":0,"comment_status":"closed","ping_status":"closed","sticky":false,"template":"","format":"standard","meta":{"footnotes":""},"categories":[15,8],"tags":[1306,764,3359,759],"class_list":{"0":"post-107690","1":"post","2":"type-post","3":"status-publish","4":"format-standard","6":"category-destaques","7":"category-esporte-e-cultura","8":"tag-educacao","9":"tag-enem","10":"tag-ensinomedio","11":"tag-revisao"},"_links":{"self":[{"href":"https:\/\/senoticias.com.br\/se\/wp-json\/wp\/v2\/posts\/107690"}],"collection":[{"href":"https:\/\/senoticias.com.br\/se\/wp-json\/wp\/v2\/posts"}],"about":[{"href":"https:\/\/senoticias.com.br\/se\/wp-json\/wp\/v2\/types\/post"}],"author":[{"embeddable":true,"href":"https:\/\/senoticias.com.br\/se\/wp-json\/wp\/v2\/users\/2"}],"replies":[{"embeddable":true,"href":"https:\/\/senoticias.com.br\/se\/wp-json\/wp\/v2\/comments?post=107690"}],"version-history":[{"count":0,"href":"https:\/\/senoticias.com.br\/se\/wp-json\/wp\/v2\/posts\/107690\/revisions"}],"wp:attachment":[{"href":"https:\/\/senoticias.com.br\/se\/wp-json\/wp\/v2\/media?parent=107690"}],"wp:term":[{"taxonomy":"category","embeddable":true,"href":"https:\/\/senoticias.com.br\/se\/wp-json\/wp\/v2\/categories?post=107690"},{"taxonomy":"post_tag","embeddable":true,"href":"https:\/\/senoticias.com.br\/se\/wp-json\/wp\/v2\/tags?post=107690"}],"curies":[{"name":"wp","href":"https:\/\/api.w.org\/{rel}","templated":true}]}}