{"id":107645,"date":"2017-10-24T07:09:55","date_gmt":"2017-10-24T10:09:55","guid":{"rendered":"http:\/\/senoticias.com.br\/se\/?p=107645"},"modified":"2017-10-24T08:33:23","modified_gmt":"2017-10-24T11:33:23","slug":"tribunal-de-justica-derruba-liminar-que-suspendia-taxas-cobradas-pelo-detran","status":"publish","type":"post","link":"https:\/\/senoticias.com.br\/se\/tribunal-de-justica-derruba-liminar-que-suspendia-taxas-cobradas-pelo-detran\/","title":{"rendered":"Tribunal de Justi\u00e7a derruba liminar que suspendia taxas cobradas pelo Detran"},"content":{"rendered":"<div class=\"mc-column content-text active-extra-styles active-capital-letter\" data-block-type=\"unstyled\" data-block-weight=\"26\">\n<p class=\"content-text__container theme-color-primary-first-letter\" style=\"text-align: justify;\" data-track-category=\"Link no Texto\" data-track-links=\"\">\n<p style=\"text-align: justify;\">Em decis\u00e3o emitida na tarde da segunda-feira, 23, o Desembargador Luiz Ant\u00f4nio Ara\u00fajo Mendon\u00e7a deferiu efeito suspensivo ao Agravo de Instrumento interposto pelo Departamento Estadual de Tr\u00e2nsito (Detran\/SE), cassando a liminar que interrompia a cobran\u00e7a de taxas pelos servi\u00e7os prestados pela Autarquia.<\/p>\n<p style=\"text-align: justify;\">Assim sendo, o Detran\/SE orienta os seus usu\u00e1rios a efetivarem normalmente a quita\u00e7\u00e3o das taxas para realizarem os procedimentos de ve\u00edculo e habilita\u00e7\u00e3o.<\/p>\n<div id=\"attachment_107379\" style=\"width: 609px\" class=\"wp-caption aligncenter\"><a href=\"http:\/\/senoticias.com.br\/se\/wp-content\/uploads\/2017\/10\/Detran-taxas-senoticias-e1507939535697.jpeg\"><img loading=\"lazy\" decoding=\"async\" aria-describedby=\"caption-attachment-107379\" class=\"size-full wp-image-107379\" src=\"http:\/\/senoticias.com.br\/se\/wp-content\/uploads\/2017\/10\/Detran-taxas-senoticias-e1507939535697.jpeg\" alt=\"Desembargador derruba liminar que suspendia taxas cobradas pelo Detran\" width=\"599\" height=\"337\" \/><\/a><p id=\"caption-attachment-107379\" class=\"wp-caption-text\">Desembargador derruba liminar que suspendia taxas cobradas pelo Detran (foto: SE Not\u00edcias)<\/p><\/div>\n<\/div>\n<div class=\"mc-column content-text active-extra-styles \" data-block-type=\"unstyled\" data-block-weight=\"31\">\n<p class=\"content-text__container \" style=\"text-align: justify;\" data-track-category=\"Link no Texto\" data-track-links=\"\">A ju\u00edza Simone de Oliveira Fraga suspendeu na sexta-feira (13), atrav\u00e9s de liminar, as cobran\u00e7as de todas as taxas fixadas atrav\u00e9s de resolu\u00e7\u00e3o do Departamento Nacional de Tr\u00e2nsito (Detran) em Sergipe.<\/p>\n<p class=\"content-text__container \" style=\"text-align: justify;\" data-track-category=\"Link no Texto\" data-track-links=\"\">Na decis\u00e3o, a ju\u00edza concluiu que \u00e9 preciso que haja uma lei instituindo as taxas e proibiu que o Detran cobre valores baseando-se apenas em resolu\u00e7\u00e3o.<\/p>\n<p class=\"content-text__container \" style=\"text-align: justify;\" data-track-category=\"Link no Texto\" data-track-links=\"\"><strong>VEJA A DECIS\u00c3O:<\/strong><\/p>\n<\/div>\n<p style=\"text-align: justify;\">CONFIGURA\u00c7\u00c3O DO INDIGITADO V\u00cdCIO MATERIAL \u2013 PROCED\u00caNCIA DA A\u00c7\u00c3O DIRETA DE INCONSTITUCIONALIDADE E, POR RAZ\u00d5ES DE SEGURAN\u00c7A JUR\u00cdDICA E EXCEPCIONAL INTERESSE SOCIAL, COM MODULA\u00c7\u00c3O DOS EFEITOS PARA QUE OPEREM EX NUNC, A PARTIR DO TR\u00c2NSITO EM JULGADO DESTA DECIS\u00c3O E COM EFIC\u00c1CIA ERGA OMNES. DECIS\u00c3O UN\u00c2NIME.<\/p>\n<p>Sendo tal situa\u00e7\u00e3o reconhecida pela Magistrada a quo, in verbis:<\/p>\n<p style=\"text-align: justify;\">\u00a0 \u00a0 \u00a0 \u00a0 \u00a0\u00a0<em><strong>(&#8230;)\u00c9 preciso frisar, inclusive, que o Tribunal de Justi\u00e7a do Estado de Sergipe, em ac\u00f3rd\u00e3o publicado em 03\/07\/2017, em sede de A\u00e7\u00e3o Direta de Inconstitucionalidade, tombada sob o n\u00b0 201700100333 e ajuizada pelo Procurador Geral de Justi\u00e7a do MP\/SE, declarou a inconstitucionalidade dos incisos XXIII e XXIV do artigo 7\u00ba da\u00a0Lei\u00a0Estadual n\u00b0 5.785\/2005 e, por arrestamento, dos atos normativos que se embasaram em tais dispositivos, especialmente as Resolu\u00e7\u00f5es n\u00b0 014\/2011 e 04\/2016, editadas pelo DETRAN\/SE, por meio de seu Conselho Deliberativo, bem como as que lhe sucederam, por afronta ao artigo 137 da Constitui\u00e7\u00e3o Estadual, que consagra, em\u00a0simetria\u00a0com o artigo 150 da CF, o princ\u00edpio da legalidade tribut\u00e1ria.(&#8230;)<\/strong><\/em><\/p>\n<p style=\"text-align: justify;\"><strong>Consoante consta da resenha processual da referida ADI constata-se que n\u00e3o ocorreu o seu tr\u00e2nsito em julgado, o que impossibilita a sua efetividade.<\/strong><\/p>\n<p style=\"text-align: justify;\"><strong>Com efeito, a situa\u00e7\u00e3o processual que se delineia por si s\u00f3 \u00e9 suficiente para a suspens\u00e3o dos efeitos da decis\u00e3o agravada, em aten\u00e7\u00e3o ao princ\u00edpio da seguran\u00e7a jur\u00eddica, considerando que A\u00e7\u00e3o Direta de Inconstitucionalidade, tombada sob o n\u00b0 201700100333, trata-se tamb\u00e9m da cobran\u00e7a das taxas inerentes aos servi\u00e7os prestados pelo DETRAN\/SE.<\/strong><\/p>\n<p style=\"text-align: justify;\"><strong>Desse modo, vislumbro a fuma\u00e7a do bom direito e vislumbro o perigo na demora na pretens\u00e3o do Agravante.<\/strong><\/p>\n<p style=\"text-align: justify;\">Portanto, diante da complexidade da causa, \u00e9 mais coerente e prudente suspender, nesse momento processual, a tutela antecipada proferida pelo Magistrado a quo at\u00e9 que a presente mat\u00e9ria seja analisada pelo Colegiado da C\u00e2mara C\u00edvel.<\/p>\n<p style=\"text-align: justify;\">Importa notar ainda que, neste momento processual, n\u00e3o se discute o m\u00e9rito do Agravo, de forma que estou a verificar sumariamente se os efeitos da decis\u00e3o fustigada devem ou n\u00e3o permanecer. TJSE &#8211; Sistema de Controle Processual\u00a0https:\/\/www.tjse.jus.br\/tjnet\/consultas\/internet\/exibeIntegra.wsp?tmp&#8230;. 7 de 8 23\/10\/2017 17:49<\/p>\n<p style=\"text-align: justify;\">Assim, por todo o exposto, defiro o efeito suspensivo, para suspender a decis\u00e3o do magistrado a quo proferida no processo de origem n\u00ba 201710300723, at\u00e9 o julgamento final deste agravo.<\/p>\n<p style=\"text-align: justify;\">Procedam-se \u00e0s formalidades de praxe, com a comunica\u00e7\u00e3o ao Ju\u00edzo, e a intima\u00e7\u00e3o da parte contr\u00e1ria para, querendo, apresentar contrarraz\u00f5es.<\/p>\n<p>Com as contrarraz\u00f5es, encaminhem-se os autos \u00e0 douta Procuradoria de Justi\u00e7a.<\/p>\n<p>Luiz Ant\u00f4nio Ara\u00fajo Mendon\u00e7a Desembargador.<\/p>\n<p>&nbsp;<\/p>\n<p><a href=\"http:\/\/senoticias.com.br\/se\/wp-content\/uploads\/2017\/10\/Logo-fone-1-2-1-2-4-6-1-1-1-2.jpg\"><img loading=\"lazy\" decoding=\"async\" class=\"aligncenter size-full wp-image-107378\" src=\"http:\/\/senoticias.com.br\/se\/wp-content\/uploads\/2017\/10\/Logo-fone-1-2-1-2-4-6-1-1-1-2.jpg\" alt=\"Logo-fone-1-2-1-2-4-6-1-1-1-2\" width=\"599\" height=\"78\" srcset=\"https:\/\/senoticias.com.br\/se\/wp-content\/uploads\/2017\/10\/Logo-fone-1-2-1-2-4-6-1-1-1-2.jpg 599w, https:\/\/senoticias.com.br\/se\/wp-content\/uploads\/2017\/10\/Logo-fone-1-2-1-2-4-6-1-1-1-2-300x39.jpg 300w\" sizes=\"(max-width: 599px) 100vw, 599px\" \/><\/a><\/p>\n<p>&nbsp;<\/p>\n<p><em><strong>Acompanhe tamb\u00e9m o SE Not\u00edcias no\u00a0<a href=\"https:\/\/twitter.com\/Senoticias\" target=\"_blank\">Twitter<\/a>,\u00a0<a href=\"https:\/\/www.facebook.com\/senoticias1\" target=\"_blank\">Facebook<\/a>\u00a0e no\u00a0<a href=\"https:\/\/www.instagram.com\/senoticias\/\" target=\"_blank\">Instagram<\/a><\/strong><\/em><\/p>\n<p><em>Com informa\u00e7\u00f5es do <b>Detran SE<\/b><\/em><\/p>\n<p>&nbsp;<\/p>\n","protected":false},"excerpt":{"rendered":"<p>Em decis\u00e3o emitida na tarde da segunda-feira, 23, o Desembargador Luiz Ant\u00f4nio Ara\u00fajo Mendon\u00e7a deferiu efeito suspensivo ao Agravo de Instrumento interposto pelo Departamento Estadual de Tr\u00e2nsito (Detran\/SE), cassando a liminar que interrompia a cobran\u00e7a de taxas pelos servi\u00e7os prestados pela Autarquia. Assim sendo, o Detran\/SE orienta os seus usu\u00e1rios a efetivarem normalmente a quita\u00e7\u00e3o [&hellip;]<\/p>\n","protected":false},"author":2,"featured_media":107379,"comment_status":"closed","ping_status":"closed","sticky":false,"template":"","format":"standard","meta":{"footnotes":""},"categories":[15],"tags":[6648,1828,4974,3905,4007],"class_list":{"0":"post-107645","1":"post","2":"type-post","3":"status-publish","4":"format-standard","5":"has-post-thumbnail","7":"category-destaques","8":"tag-departamento-nacional-de-transito","9":"tag-detran","10":"tag-liminar","11":"tag-taxas","12":"tag-tribunal-de-justica"},"_links":{"self":[{"href":"https:\/\/senoticias.com.br\/se\/wp-json\/wp\/v2\/posts\/107645"}],"collection":[{"href":"https:\/\/senoticias.com.br\/se\/wp-json\/wp\/v2\/posts"}],"about":[{"href":"https:\/\/senoticias.com.br\/se\/wp-json\/wp\/v2\/types\/post"}],"author":[{"embeddable":true,"href":"https:\/\/senoticias.com.br\/se\/wp-json\/wp\/v2\/users\/2"}],"replies":[{"embeddable":true,"href":"https:\/\/senoticias.com.br\/se\/wp-json\/wp\/v2\/comments?post=107645"}],"version-history":[{"count":0,"href":"https:\/\/senoticias.com.br\/se\/wp-json\/wp\/v2\/posts\/107645\/revisions"}],"wp:featuredmedia":[{"embeddable":true,"href":"https:\/\/senoticias.com.br\/se\/wp-json\/wp\/v2\/media\/107379"}],"wp:attachment":[{"href":"https:\/\/senoticias.com.br\/se\/wp-json\/wp\/v2\/media?parent=107645"}],"wp:term":[{"taxonomy":"category","embeddable":true,"href":"https:\/\/senoticias.com.br\/se\/wp-json\/wp\/v2\/categories?post=107645"},{"taxonomy":"post_tag","embeddable":true,"href":"https:\/\/senoticias.com.br\/se\/wp-json\/wp\/v2\/tags?post=107645"}],"curies":[{"name":"wp","href":"https:\/\/api.w.org\/{rel}","templated":true}]}}