{"id":107639,"date":"2017-10-23T20:52:53","date_gmt":"2017-10-23T23:52:53","guid":{"rendered":"http:\/\/senoticias.com.br\/se\/?p=107639"},"modified":"2017-10-23T20:52:53","modified_gmt":"2017-10-23T23:52:53","slug":"preso-em-flagrante-suspeito-de-matar-agiota-por-causa-de-divida-de-r-10-mil","status":"publish","type":"post","link":"https:\/\/senoticias.com.br\/se\/preso-em-flagrante-suspeito-de-matar-agiota-por-causa-de-divida-de-r-10-mil\/","title":{"rendered":"Preso em flagrante suspeito de matar agiota por causa de d\u00edvida de R$ 10 mil"},"content":{"rendered":"<p style=\"text-align: justify;\"><em>Verlane Est\u00e1cio*<\/em><\/p>\n<p style=\"text-align: justify;\">O homem que matou um agiota na tarde desta segunda-feira, 23, foi preso em flagrante e confessou \u00e0 Pol\u00edcia Civil que cometeu o crime porque devia R$ 10 mil a v\u00edtima. O autor do homic\u00eddio foi identificado como Jo\u00e3o Soares Santos. A v\u00edtima, o agiota, era um policial militar da reserva, que se chamava Jo\u00e3o Luiz Santos Nogueira, de 52 anos.<\/p>\n<div id=\"attachment_107640\" style=\"width: 609px\" class=\"wp-caption aligncenter\"><a href=\"http:\/\/senoticias.com.br\/se\/wp-content\/uploads\/2017\/10\/arma-e1508802553750.jpg\"><img loading=\"lazy\" decoding=\"async\" aria-describedby=\"caption-attachment-107640\" class=\"size-full wp-image-107640\" src=\"http:\/\/senoticias.com.br\/se\/wp-content\/uploads\/2017\/10\/arma-e1508802553750.jpg\" alt=\"O suspeito juntamente com a arma do crime foi encaminhado \u00e0 Delegacia Plantonista da Zona Sul, no Bairro Farol\u00e2ndia. \" width=\"599\" height=\"375\" \/><\/a><p id=\"caption-attachment-107640\" class=\"wp-caption-text\">O suspeito juntamente com a arma do crime foi encaminhado \u00e0 Delegacia Plantonista da Zona Sul, no Bairro Farol\u00e2ndia (foto: PM\/SE)<\/p><\/div>\n<p style=\"text-align: justify;\">Jo\u00e3o Soares foi preso ainda armado logo ap\u00f3s o crime por policiais da Companhia de Policiamento de Tr\u00e2nsito (CPTran). \u201cA Rotran estava fazendo rondas nas proximidades quando recebeu a informa\u00e7\u00e3o do Ciosp de que houve disparo de arma de fogo naquela regi\u00e3o. Assim entrou na via, a Rotran se deparou com um homem correndo e sendo perseguido por um sargento da PM \u00e0 paisana que percebeu a situa\u00e7\u00e3o. O autor do crime acabou encurralado e foi preso\u201d, explicou o 2\u00ba tenente Ant\u00f4nio de Oliveira Santos J\u00fanior, da CPTran.<\/p>\n<p style=\"text-align: justify;\">A v\u00edtima, Jo\u00e3o Luiz, foi encontrado morto &#8211; com ferimentos de arma de fogo &#8211; dentro do pr\u00f3prio carro, um palio branco de placa OED 8378. O ve\u00edculo foi periciado pelo Instituto de Criminal\u00edstica.<\/p>\n<p style=\"text-align: justify;\">De acordo com informa\u00e7\u00f5es da Secretaria de Seguran\u00e7a P\u00fablica, Jo\u00e3o Soares confessou que marcou um encontro com a v\u00edtima, alegando que iria saldar a d\u00edvida de R$ 10 mil, e que no local combinado, cometeu o assassinato. No Departamento de Homic\u00eddios e Prote\u00e7\u00e3o \u00e0 Pessoa (DHPP), Jo\u00e3o Soares disse ainda que, por causa da d\u00edvida, ele e seus familiares estavam sendo amea\u00e7ados por Jo\u00e3o Luiz.<\/p>\n<p style=\"text-align: justify;\">O crime ocorreu na rua Via F\u00e9rrea, nas imedia\u00e7\u00f5es da avenida Quirino, no In\u00e1cio Barbosa, em Aracaju.<\/p>\n<p style=\"text-align: justify;\"><a href=\"http:\/\/senoticias.com.br\/se\/wp-content\/uploads\/2017\/10\/Logo-fone-1-2-1-2-4-6-1-1-1-2.jpg\"><img loading=\"lazy\" decoding=\"async\" class=\"aligncenter size-full wp-image-107378\" src=\"http:\/\/senoticias.com.br\/se\/wp-content\/uploads\/2017\/10\/Logo-fone-1-2-1-2-4-6-1-1-1-2.jpg\" alt=\"Logo-fone-1-2-1-2-4-6-1-1-1-2\" width=\"599\" height=\"78\" srcset=\"https:\/\/senoticias.com.br\/se\/wp-content\/uploads\/2017\/10\/Logo-fone-1-2-1-2-4-6-1-1-1-2.jpg 599w, https:\/\/senoticias.com.br\/se\/wp-content\/uploads\/2017\/10\/Logo-fone-1-2-1-2-4-6-1-1-1-2-300x39.jpg 300w\" sizes=\"(max-width: 599px) 100vw, 599px\" \/><\/a><\/p>\n<p style=\"text-align: justify;\">\n<p style=\"text-align: justify;\"><em><strong>Acompanhe tamb\u00e9m o SE Not\u00edcias no\u00a0<a href=\"https:\/\/twitter.com\/Senoticias\" target=\"_blank\">Twitter<\/a>,\u00a0<a href=\"https:\/\/www.facebook.com\/senoticias1\" target=\"_blank\">Facebook<\/a>\u00a0e no\u00a0<a href=\"https:\/\/www.instagram.com\/senoticias\/\" target=\"_blank\">Instagram<\/a><\/strong><\/em><\/p>\n<p style=\"text-align: justify;\"><em>Por\u00a0Verlane Est\u00e1cio, <a href=\"http:\/\/www.infonet.com.br\/noticias\/cidade\/ler.asp?id=206497\">portal Infonet<\/a><\/em><\/p>\n","protected":false},"excerpt":{"rendered":"<p>Verlane Est\u00e1cio* O homem que matou um agiota na tarde desta segunda-feira, 23, foi preso em flagrante e confessou \u00e0 Pol\u00edcia Civil que cometeu o crime porque devia R$ 10 mil a v\u00edtima. O autor do homic\u00eddio foi identificado como Jo\u00e3o Soares Santos. A v\u00edtima, o agiota, era um policial militar da reserva, que se [&hellip;]<\/p>\n","protected":false},"author":2,"featured_media":107640,"comment_status":"closed","ping_status":"closed","sticky":false,"template":"","format":"standard","meta":{"footnotes":""},"categories":[15,7],"tags":[6642,2803,599,6643,2866,2847],"class_list":{"0":"post-107639","1":"post","2":"type-post","3":"status-publish","4":"format-standard","5":"has-post-thumbnail","7":"category-destaques","8":"category-policia","9":"tag-agiota","10":"tag-divida","11":"tag-flagrante","12":"tag-matar","13":"tag-preso","14":"tag-suspeito"},"_links":{"self":[{"href":"https:\/\/senoticias.com.br\/se\/wp-json\/wp\/v2\/posts\/107639"}],"collection":[{"href":"https:\/\/senoticias.com.br\/se\/wp-json\/wp\/v2\/posts"}],"about":[{"href":"https:\/\/senoticias.com.br\/se\/wp-json\/wp\/v2\/types\/post"}],"author":[{"embeddable":true,"href":"https:\/\/senoticias.com.br\/se\/wp-json\/wp\/v2\/users\/2"}],"replies":[{"embeddable":true,"href":"https:\/\/senoticias.com.br\/se\/wp-json\/wp\/v2\/comments?post=107639"}],"version-history":[{"count":0,"href":"https:\/\/senoticias.com.br\/se\/wp-json\/wp\/v2\/posts\/107639\/revisions"}],"wp:featuredmedia":[{"embeddable":true,"href":"https:\/\/senoticias.com.br\/se\/wp-json\/wp\/v2\/media\/107640"}],"wp:attachment":[{"href":"https:\/\/senoticias.com.br\/se\/wp-json\/wp\/v2\/media?parent=107639"}],"wp:term":[{"taxonomy":"category","embeddable":true,"href":"https:\/\/senoticias.com.br\/se\/wp-json\/wp\/v2\/categories?post=107639"},{"taxonomy":"post_tag","embeddable":true,"href":"https:\/\/senoticias.com.br\/se\/wp-json\/wp\/v2\/tags?post=107639"}],"curies":[{"name":"wp","href":"https:\/\/api.w.org\/{rel}","templated":true}]}}