{"id":107587,"date":"2017-10-21T11:12:02","date_gmt":"2017-10-21T14:12:02","guid":{"rendered":"http:\/\/senoticias.com.br\/se\/?p=107587"},"modified":"2017-10-21T11:12:02","modified_gmt":"2017-10-21T14:12:02","slug":"ufs-divulga-edital-para-contratacao-temporaria-de-tradutoresinterpretes-de-libras","status":"publish","type":"post","link":"https:\/\/senoticias.com.br\/se\/ufs-divulga-edital-para-contratacao-temporaria-de-tradutoresinterpretes-de-libras\/","title":{"rendered":"UFS divulga edital para contrata\u00e7\u00e3o tempor\u00e1ria de tradutores\/int\u00e9rpretes de Libras"},"content":{"rendered":"<p style=\"text-align: justify;\"><span style=\"color: #000000;\">A Pr\u00f3-Reitoria de Assuntos Estudantis (Proest) torna p\u00fablica a abertura de edital para contrata\u00e7\u00e3o tempor\u00e1ria de prestadores de servi\u00e7o t\u00e9cnico de Tradutor\/Int\u00e9rprete de Libras (TILS).<\/span><\/p>\n<p style=\"text-align: justify;\"><span style=\"color: #000000;\">O objetivo da contrata\u00e7\u00e3o \u00e9 garantir a inclus\u00e3o comunicacional e pedag\u00f3gica da comunidade surda da UFS e atender as demandas da Divis\u00e3o de A\u00e7\u00f5es Inclusivas (Dain\/Proest).<\/span><\/p>\n<p style=\"text-align: justify;\"><span style=\"color: #000000;\"><a href=\"http:\/\/senoticias.com.br\/se\/wp-content\/uploads\/2016\/10\/UFS-SE-Noticias-e1477179609293.jpeg\"><img loading=\"lazy\" decoding=\"async\" class=\"aligncenter size-full wp-image-97276\" src=\"http:\/\/senoticias.com.br\/se\/wp-content\/uploads\/2016\/10\/UFS-SE-Noticias-e1477179609293.jpeg\" alt=\"ufs-se-noticias\" width=\"599\" height=\"360\" \/><\/a>Ser\u00e1 realizado o cadastro dos profissionais, que poder\u00e3o ser contratados para desempenhar suas atividades por 131 (cento e trinta e um) dias, iniciando as atividades a partir de 30 de outubro de 2017.<\/span><\/p>\n<p style=\"text-align: justify;\"><span style=\"color: #000000;\">A carga hor\u00e1ria ser\u00e1 de at\u00e9 30 horas semanais, podendo ser distribu\u00edda para os turnos da manh\u00e3, tarde ou noite, conforme necessidade da Dain\/Proest. Os profissionais contratados receber\u00e3o, pela presta\u00e7\u00e3o do servi\u00e7o, o valor total de R$12.268,88, a ser pago em 2 presta\u00e7\u00f5es de R$ 6.134,44.<\/span><\/p>\n<p style=\"text-align: justify;\"><span style=\"color: #000000;\">As inscri\u00e7\u00f5es ser\u00e3o realizadas na pr\u00f3xima ter\u00e7a-feira,24, das 9h \u00e0s 16h, na Dain\/Proest, localizada no Centro de Viv\u00eancia da Universidade Federal de Sergipe, campus de S\u00e3o Crist\u00f3v\u00e3o.<\/span><\/p>\n<p style=\"text-align: justify;\"><span style=\"color: #000000;\">Para mais informa\u00e7\u00f5es, veja o <a href=\"http:\/\/www.ufs.br\/uploads\/content_attach\/path\/24609\/Edital_contrata__o_tempor_ria_int_rpretes_2017.pdf\">edital<\/a>.<\/span><\/p>\n<p style=\"text-align: justify;\"><a href=\"http:\/\/senoticias.com.br\/se\/wp-content\/uploads\/2017\/10\/Logo-fone-1-2-1-2-4-6-1-1-1-2-1.jpg\"><img loading=\"lazy\" decoding=\"async\" class=\"aligncenter size-full wp-image-107376\" src=\"http:\/\/senoticias.com.br\/se\/wp-content\/uploads\/2017\/10\/Logo-fone-1-2-1-2-4-6-1-1-1-2-1.jpg\" alt=\"Logo-fone-1-2-1-2-4-6-1-1-1-2-1\" width=\"599\" height=\"78\" srcset=\"https:\/\/senoticias.com.br\/se\/wp-content\/uploads\/2017\/10\/Logo-fone-1-2-1-2-4-6-1-1-1-2-1.jpg 599w, https:\/\/senoticias.com.br\/se\/wp-content\/uploads\/2017\/10\/Logo-fone-1-2-1-2-4-6-1-1-1-2-1-300x39.jpg 300w\" sizes=\"(max-width: 599px) 100vw, 599px\" \/><\/a><\/p>\n<p style=\"text-align: justify;\"><span style=\"color: #000000;\">Por Ascom UFS<\/span><\/p>\n<p style=\"text-align: justify;\">\n","protected":false},"excerpt":{"rendered":"<p>A Pr\u00f3-Reitoria de Assuntos Estudantis (Proest) torna p\u00fablica a abertura de edital para contrata\u00e7\u00e3o tempor\u00e1ria de prestadores de servi\u00e7o t\u00e9cnico de Tradutor\/Int\u00e9rprete de Libras (TILS). O objetivo da contrata\u00e7\u00e3o \u00e9 garantir a inclus\u00e3o comunicacional e pedag\u00f3gica da comunidade surda da UFS e atender as demandas da Divis\u00e3o de A\u00e7\u00f5es Inclusivas (Dain\/Proest). Ser\u00e1 realizado o cadastro [&hellip;]<\/p>\n","protected":false},"author":2,"featured_media":0,"comment_status":"closed","ping_status":"closed","sticky":false,"template":"","format":"standard","meta":{"footnotes":""},"categories":[15,10],"tags":[2699,54,6593,6594,223,6592,2299],"class_list":{"0":"post-107587","1":"post","2":"type-post","3":"status-publish","4":"format-standard","6":"category-destaques","7":"category-empregos","8":"tag-edital","9":"tag-empregos-2","10":"tag-interprete","11":"tag-libras","12":"tag-sergipe","13":"tag-tradutor","14":"tag-ufs"},"_links":{"self":[{"href":"https:\/\/senoticias.com.br\/se\/wp-json\/wp\/v2\/posts\/107587"}],"collection":[{"href":"https:\/\/senoticias.com.br\/se\/wp-json\/wp\/v2\/posts"}],"about":[{"href":"https:\/\/senoticias.com.br\/se\/wp-json\/wp\/v2\/types\/post"}],"author":[{"embeddable":true,"href":"https:\/\/senoticias.com.br\/se\/wp-json\/wp\/v2\/users\/2"}],"replies":[{"embeddable":true,"href":"https:\/\/senoticias.com.br\/se\/wp-json\/wp\/v2\/comments?post=107587"}],"version-history":[{"count":0,"href":"https:\/\/senoticias.com.br\/se\/wp-json\/wp\/v2\/posts\/107587\/revisions"}],"wp:attachment":[{"href":"https:\/\/senoticias.com.br\/se\/wp-json\/wp\/v2\/media?parent=107587"}],"wp:term":[{"taxonomy":"category","embeddable":true,"href":"https:\/\/senoticias.com.br\/se\/wp-json\/wp\/v2\/categories?post=107587"},{"taxonomy":"post_tag","embeddable":true,"href":"https:\/\/senoticias.com.br\/se\/wp-json\/wp\/v2\/tags?post=107587"}],"curies":[{"name":"wp","href":"https:\/\/api.w.org\/{rel}","templated":true}]}}