{"id":107559,"date":"2017-10-20T14:46:11","date_gmt":"2017-10-20T17:46:11","guid":{"rendered":"http:\/\/senoticias.com.br\/se\/?p=107559"},"modified":"2017-10-20T14:46:11","modified_gmt":"2017-10-20T17:46:11","slug":"programa-istaids-testes-rapidos-retornam-proximo-sabado-apos-queda-de-liminar","status":"publish","type":"post","link":"https:\/\/senoticias.com.br\/se\/programa-istaids-testes-rapidos-retornam-proximo-sabado-apos-queda-de-liminar\/","title":{"rendered":"Programa IST\/Aids: testes r\u00e1pidos retornam pr\u00f3ximo s\u00e1bado, ap\u00f3s queda de liminar"},"content":{"rendered":"<p style=\"text-align: justify;\"><span style=\"color: #000000;\">Equipes do Programa Estadual IST\/Aids, da Secretaria de Estado da Sa\u00fade (SES), voltam a realizar no pr\u00f3ximo s\u00e1bado, 21, os testes r\u00e1pidos para detec\u00e7\u00e3o do HIV, s\u00edfilis e hepatites B e C. O retorno se d\u00e1 ap\u00f3s a queda da liminar concedida pela Justi\u00e7a Federal de Bras\u00edlia, que limitava o direito dos enfermeiros de requisitar exames na Aten\u00e7\u00e3o B\u00e1sica. A liminar foi suspensa nessa quarta-feira, 18, e permanecer\u00e1 at\u00e9 o julgamento do m\u00e9rito do processo.<\/span><\/p>\n<div id=\"attachment_107560\" style=\"width: 609px\" class=\"wp-caption aligncenter\"><a href=\"http:\/\/senoticias.com.br\/se\/wp-content\/uploads\/2017\/10\/testes-dst-SENOTICIAS.jpg\"><img loading=\"lazy\" decoding=\"async\" aria-describedby=\"caption-attachment-107560\" class=\"size-full wp-image-107560\" src=\"http:\/\/senoticias.com.br\/se\/wp-content\/uploads\/2017\/10\/testes-dst-SENOTICIAS-e1508521487964.jpg\" alt=\"Foto: SES\" width=\"599\" height=\"399\" \/><\/a><p id=\"caption-attachment-107560\" class=\"wp-caption-text\">Foto: SES<\/p><\/div>\n<p style=\"text-align: justify;\"><span style=\"color: #000000;\">Segundo o coordenador do IST\/Aids, o m\u00e9dico Almir Santana, houve um entendimento err\u00f4neo sobre a referida decis\u00e3o judicial, que atendeu uma a\u00e7\u00e3o movida pelo Conselho Federal de Medicina (CFM) contra o Conselho Federal de Enfermagem (Cofen), supostamente, proibindo a atua\u00e7\u00e3o de enfermeiros na realiza\u00e7\u00e3o de testes de diagn\u00f3sticos, inclusive os realizados pelo programa estadual. O m\u00e9dico ressalta que a proibi\u00e7\u00e3o n\u00e3o alcan\u00e7a os programas que seguem protocolos estabelecidos pelo Minist\u00e9rio da Sa\u00fade, a exemplo dos que diagnosticam o HIV, as hepatites virais, hipertens\u00e3o arterial e diabetes.<\/span><\/p>\n<p style=\"text-align: justify;\"><span style=\"color: #000000;\">\u201cInterrompemos por tr\u00eas semanas a realiza\u00e7\u00e3o dos testes r\u00e1pidos, considerando que alguns munic\u00edpios deram continuidade, mesmo ap\u00f3s a a\u00e7\u00e3o movida pelo CFM. A liminar, por sua vez, poderia desencadear um problema nacional por comprometer at\u00e9 mesmo a qualidade do pr\u00e9-natal de milhares de brasileiras, visto que o processo impediria o enfermeiro de realizar consultas, assinar e solicitar exames para diagn\u00f3sticos de quaisquer doen\u00e7as ou mesmo prescrever medicamentos. S\u00f3 em Sergipe, cerca de sete mil testes r\u00e1pidos s\u00e3o realizados, anualmente\u201d, afirmou Almir Santana.<\/span><\/p>\n<p style=\"text-align: justify;\"><strong><span style=\"color: #000000;\">Decis\u00e3o<\/span><\/strong><\/p>\n<p style=\"text-align: justify;\"><span style=\"color: #000000;\">O recurso da Advocacia-Geral da Uni\u00e3o apontou que a liminar, da 20\u00aa Vara C\u00edvel do Distrito Federal, se baseou em \u201cpremissas equivocadas\u201d e representou \u201cindevida inger\u00eancia do Poder Judici\u00e1rio na execu\u00e7\u00e3o da pol\u00edtica p\u00fablica de Aten\u00e7\u00e3o B\u00e1sica do Sistema \u00danico de Sa\u00fade\u201d, gerando \u201cgrave les\u00e3o \u00e0 ordem p\u00fablico-administrativa e \u00e0 sa\u00fade p\u00fablica\u201d. At\u00e9 que fossem restabelecidas as prerrogativas legais para a atua\u00e7\u00e3o da enfermagem no pa\u00eds, diversas audi\u00eancias p\u00fablicas aconteceram em estados brasileiros, resultando assim no posicionamento do presidente do Tribunal Regional Federal da 1\u00aa Regi\u00e3o, que acatou recurso contra a liminar.<\/span><\/p>\n<p style=\"text-align: justify;\"><span style=\"color: #000000;\">Informa\u00e7\u00f5es veiculadas pelo Conselho Federal de Enfermagem apontam que a solicita\u00e7\u00e3o de exames de rotina e complementares \u00e9 realidade consolidada no Brasil desde 1997, quando foi editada a Resolu\u00e7\u00e3o Cofen 195\/97, em vigor. A consulta e o diagn\u00f3stico de enfermagem, al\u00e9m da prescri\u00e7\u00e3o de medicamentos em protocolos, s\u00e3o compet\u00eancias dos enfermeiros estabelecidas na Lei 7.498\/1986, regulamentada pelo Decreto 94.406\/1987 e pela Portaria 2.436\/2017, do Minist\u00e9rio da Sa\u00fade.<\/span><\/p>\n<p style=\"text-align: justify;\"><span style=\"color: #000000;\">A restri\u00e7\u00e3o imposta pela decis\u00e3o liminar afetou o atendimento a milhares brasileiros, atrasando ou inviabilizando exames essenciais, inclusive pr\u00e9-natais, interrompendo assim protocolos da Estrat\u00e9gia de Sa\u00fade da Fam\u00edlia e prejudicando programas, como o IST\/Aids, de acompanhamento de diab\u00e9ticos e hipertensos, tuberculose e hansen\u00edase.<\/span><\/p>\n<p style=\"text-align: justify;\">\n<p style=\"text-align: justify;\"><a href=\"http:\/\/senoticias.com.br\/se\/wp-content\/uploads\/2017\/10\/Logo-fone-1-2-1-2-4-6-1-1-1-2-1.jpg\"><img loading=\"lazy\" decoding=\"async\" class=\"aligncenter size-full wp-image-107376\" src=\"http:\/\/senoticias.com.br\/se\/wp-content\/uploads\/2017\/10\/Logo-fone-1-2-1-2-4-6-1-1-1-2-1.jpg\" alt=\"Logo-fone-1-2-1-2-4-6-1-1-1-2-1\" width=\"599\" height=\"78\" srcset=\"https:\/\/senoticias.com.br\/se\/wp-content\/uploads\/2017\/10\/Logo-fone-1-2-1-2-4-6-1-1-1-2-1.jpg 599w, https:\/\/senoticias.com.br\/se\/wp-content\/uploads\/2017\/10\/Logo-fone-1-2-1-2-4-6-1-1-1-2-1-300x39.jpg 300w\" sizes=\"(max-width: 599px) 100vw, 599px\" \/><\/a><\/p>\n<p><em><strong>Acompanhe tamb\u00e9m o SE Not\u00edcias no\u00a0<a href=\"https:\/\/twitter.com\/Senoticias\" target=\"_blank\">Twitter<\/a>,\u00a0<a href=\"https:\/\/www.facebook.com\/senoticias1\" target=\"_blank\">Facebook<\/a>\u00a0e no\u00a0<a href=\"https:\/\/www.instagram.com\/senoticias\/\" target=\"_blank\">Instagram<\/a><\/strong><\/em><\/p>\n<p>Por ASN<\/p>\n<p style=\"text-align: justify;\">\n","protected":false},"excerpt":{"rendered":"<p>Equipes do Programa Estadual IST\/Aids, da Secretaria de Estado da Sa\u00fade (SES), voltam a realizar no pr\u00f3ximo s\u00e1bado, 21, os testes r\u00e1pidos para detec\u00e7\u00e3o do HIV, s\u00edfilis e hepatites B e C. O retorno se d\u00e1 ap\u00f3s a queda da liminar concedida pela Justi\u00e7a Federal de Bras\u00edlia, que limitava o direito dos enfermeiros de requisitar [&hellip;]<\/p>\n","protected":false},"author":2,"featured_media":0,"comment_status":"closed","ping_status":"closed","sticky":false,"template":"","format":"standard","meta":{"footnotes":""},"categories":[15,38],"tags":[267,6566,6565,223,6564],"class_list":{"0":"post-107559","1":"post","2":"type-post","3":"status-publish","4":"format-standard","6":"category-destaques","7":"category-municipios","8":"tag-aids","9":"tag-almirsantana","10":"tag-dst","11":"tag-sergipe","12":"tag-testes"},"_links":{"self":[{"href":"https:\/\/senoticias.com.br\/se\/wp-json\/wp\/v2\/posts\/107559"}],"collection":[{"href":"https:\/\/senoticias.com.br\/se\/wp-json\/wp\/v2\/posts"}],"about":[{"href":"https:\/\/senoticias.com.br\/se\/wp-json\/wp\/v2\/types\/post"}],"author":[{"embeddable":true,"href":"https:\/\/senoticias.com.br\/se\/wp-json\/wp\/v2\/users\/2"}],"replies":[{"embeddable":true,"href":"https:\/\/senoticias.com.br\/se\/wp-json\/wp\/v2\/comments?post=107559"}],"version-history":[{"count":0,"href":"https:\/\/senoticias.com.br\/se\/wp-json\/wp\/v2\/posts\/107559\/revisions"}],"wp:attachment":[{"href":"https:\/\/senoticias.com.br\/se\/wp-json\/wp\/v2\/media?parent=107559"}],"wp:term":[{"taxonomy":"category","embeddable":true,"href":"https:\/\/senoticias.com.br\/se\/wp-json\/wp\/v2\/categories?post=107559"},{"taxonomy":"post_tag","embeddable":true,"href":"https:\/\/senoticias.com.br\/se\/wp-json\/wp\/v2\/tags?post=107559"}],"curies":[{"name":"wp","href":"https:\/\/api.w.org\/{rel}","templated":true}]}}