{"id":107512,"date":"2017-10-18T19:04:45","date_gmt":"2017-10-18T22:04:45","guid":{"rendered":"http:\/\/senoticias.com.br\/se\/?p=107512"},"modified":"2017-10-20T08:36:02","modified_gmt":"2017-10-20T11:36:02","slug":"assaltante-morre-apos-trocar-tiros-com-policial-militar-em-aracaju","status":"publish","type":"post","link":"https:\/\/senoticias.com.br\/se\/assaltante-morre-apos-trocar-tiros-com-policial-militar-em-aracaju\/","title":{"rendered":"Assaltante morre ap\u00f3s trocar tiros com policial militar em  Aracaju"},"content":{"rendered":"<p style=\"text-align: justify;\">Uma tentativa de assalto a uma mulher terminou em troca de tiros entre os suspeitos e um policial militar.Um dos assaltantes acabou ferido e faleceu no Hospital de Urg\u00eancia de Sergipe (Huse). O fato ocorreu no final da manh\u00e3 desta quarta-feira, 18, no bairro Jardins.<\/p>\n<div id=\"attachment_107513\" style=\"width: 609px\" class=\"wp-caption aligncenter\"><a href=\"http:\/\/senoticias.com.br\/se\/wp-content\/uploads\/2017\/10\/carro-e1508364026559.jpg\"><img loading=\"lazy\" decoding=\"async\" aria-describedby=\"caption-attachment-107513\" class=\"size-full wp-image-107513\" src=\"http:\/\/senoticias.com.br\/se\/wp-content\/uploads\/2017\/10\/carro-e1508364026559.jpg\" alt=\"Os tr\u00eas suspeitos chegaram em um ve\u00edculo Agile Prata, placa KJZ-9161, de S\u00e3o Crist\u00f3v\u00e3o, assaltaram uma pessoa nas proximidades do Col\u00e9gio do Salvador, no bairro Jardins, em Aracaju. \" width=\"599\" height=\"617\" \/><\/a><p id=\"caption-attachment-107513\" class=\"wp-caption-text\">Os tr\u00eas suspeitos chegaram em um ve\u00edculo Agile Prata, placa KJZ-9161, de S\u00e3o Crist\u00f3v\u00e3o, assaltaram uma pessoa nas proximidades do Col\u00e9gio do Salvador, no bairro Jardins, em Aracaju (foto: PM\/SE).<\/p><\/div>\n<p style=\"text-align: justify;\">De acordo com informa\u00e7\u00f5es do tenente-coronel Vivaldy Cabral, comandante da PM na capital, os dois homens abordaram uma mulher nas imedia\u00e7\u00f5es de um col\u00e9gio particular do bairro Jardins, mas um policial militar percebeu a situa\u00e7\u00e3o e deu voz de pris\u00e3o. Os suspeitos, conforme relatos do comandante, reagiram com tiros contra o policial, que revidou.<\/p>\n<p style=\"text-align: justify;\">Os homens tentaram fugir, usando um carro \u00c1gile Prata, conduzido por um terceiro suspeito. A Pol\u00edcia Militar iniciou a persegui\u00e7\u00e3o e os tr\u00eas homens acabaram seguindo para o Huse. Um deles fugiu no meio do trajeto, o segundo foi preso no Huse e o terceiro, que estava ferido, foi socorrido e veio a \u00f3bito na unidade hospitalar.<\/p>\n<p style=\"text-align: justify;\"><a href=\"http:\/\/senoticias.com.br\/se\/wp-content\/uploads\/2017\/10\/Logo-fone-1-2-1-2-4-6-1-1-1-2.jpg\"><img loading=\"lazy\" decoding=\"async\" class=\"aligncenter size-full wp-image-107378\" src=\"http:\/\/senoticias.com.br\/se\/wp-content\/uploads\/2017\/10\/Logo-fone-1-2-1-2-4-6-1-1-1-2.jpg\" alt=\"Logo-fone-1-2-1-2-4-6-1-1-1-2\" width=\"599\" height=\"78\" srcset=\"https:\/\/senoticias.com.br\/se\/wp-content\/uploads\/2017\/10\/Logo-fone-1-2-1-2-4-6-1-1-1-2.jpg 599w, https:\/\/senoticias.com.br\/se\/wp-content\/uploads\/2017\/10\/Logo-fone-1-2-1-2-4-6-1-1-1-2-300x39.jpg 300w\" sizes=\"(max-width: 599px) 100vw, 599px\" \/><\/a><\/p>\n<p style=\"text-align: justify;\"><em><strong>Acompanhe tamb\u00e9m o SE Not\u00edcias no\u00a0<a href=\"https:\/\/twitter.com\/Senoticias\" target=\"_blank\">Twitter<\/a>,\u00a0<a href=\"https:\/\/www.facebook.com\/senoticias1\" target=\"_blank\">Facebook<\/a>\u00a0e no\u00a0<a href=\"https:\/\/www.instagram.com\/senoticias\/\" target=\"_blank\">Instagram<\/a><\/strong><\/em><\/p>\n<p style=\"text-align: justify;\"><em>Com informa\u00e7\u00f5es de <a href=\"http:\/\/www.infonet.com.br\/noticias\/cidade\/ler.asp?id=206335\"><strong>Verlane Est\u00e1cio<\/strong><\/a> da infonet<\/em><\/p>\n","protected":false},"excerpt":{"rendered":"<p>Uma tentativa de assalto a uma mulher terminou em troca de tiros entre os suspeitos e um policial militar.Um dos assaltantes acabou ferido e faleceu no Hospital de Urg\u00eancia de Sergipe (Huse). O fato ocorreu no final da manh\u00e3 desta quarta-feira, 18, no bairro Jardins. De acordo com informa\u00e7\u00f5es do tenente-coronel Vivaldy Cabral, comandante da [&hellip;]<\/p>\n","protected":false},"author":2,"featured_media":107513,"comment_status":"closed","ping_status":"closed","sticky":false,"template":"","format":"standard","meta":{"footnotes":""},"categories":[15,7],"tags":[339,6536,2848,3290,2850],"class_list":{"0":"post-107512","1":"post","2":"type-post","3":"status-publish","4":"format-standard","5":"has-post-thumbnail","7":"category-destaques","8":"category-policia","9":"tag-aracaju","10":"tag-assaltante","11":"tag-morre","12":"tag-policial-militar","13":"tag-tiros"},"_links":{"self":[{"href":"https:\/\/senoticias.com.br\/se\/wp-json\/wp\/v2\/posts\/107512"}],"collection":[{"href":"https:\/\/senoticias.com.br\/se\/wp-json\/wp\/v2\/posts"}],"about":[{"href":"https:\/\/senoticias.com.br\/se\/wp-json\/wp\/v2\/types\/post"}],"author":[{"embeddable":true,"href":"https:\/\/senoticias.com.br\/se\/wp-json\/wp\/v2\/users\/2"}],"replies":[{"embeddable":true,"href":"https:\/\/senoticias.com.br\/se\/wp-json\/wp\/v2\/comments?post=107512"}],"version-history":[{"count":0,"href":"https:\/\/senoticias.com.br\/se\/wp-json\/wp\/v2\/posts\/107512\/revisions"}],"wp:featuredmedia":[{"embeddable":true,"href":"https:\/\/senoticias.com.br\/se\/wp-json\/wp\/v2\/media\/107513"}],"wp:attachment":[{"href":"https:\/\/senoticias.com.br\/se\/wp-json\/wp\/v2\/media?parent=107512"}],"wp:term":[{"taxonomy":"category","embeddable":true,"href":"https:\/\/senoticias.com.br\/se\/wp-json\/wp\/v2\/categories?post=107512"},{"taxonomy":"post_tag","embeddable":true,"href":"https:\/\/senoticias.com.br\/se\/wp-json\/wp\/v2\/tags?post=107512"}],"curies":[{"name":"wp","href":"https:\/\/api.w.org\/{rel}","templated":true}]}}