{"id":107503,"date":"2017-10-18T16:04:55","date_gmt":"2017-10-18T19:04:55","guid":{"rendered":"http:\/\/senoticias.com.br\/se\/?p=107503"},"modified":"2017-10-18T16:15:39","modified_gmt":"2017-10-18T19:15:39","slug":"mpfse-obtem-condenacao-de-ex-prefeito-de-capela-por-desvio-de-verba-da-educacao","status":"publish","type":"post","link":"https:\/\/senoticias.com.br\/se\/mpfse-obtem-condenacao-de-ex-prefeito-de-capela-por-desvio-de-verba-da-educacao\/","title":{"rendered":"Ex-prefeito de Capela condenado por desvio de mais de R$ 1 milh\u00e3o de verba da Educa\u00e7\u00e3o"},"content":{"rendered":"<p style=\"text-align: justify;\">A pedido do Minist\u00e9rio P\u00fablico Federal em Sergipe (MPF\/SE), a Justi\u00e7a Federal condenou o ex-prefeito de Capela, Manoel Messias Sukita Santos, por desvio de mais de R$ 1 milh\u00e3o resultado de conv\u00eanio do Minist\u00e9rio da Educa\u00e7\u00e3o. A verba era para ser utilizada na aquisi\u00e7\u00e3o de \u00f4nibus escolares para transporte de alunos da rede p\u00fablica. No entanto, o MPF\/SE demonstrou que o recurso foi sacado da conta banc\u00e1ria com cheques nominais \u00e0 Prefeitura de Capela, o que configura ato de improbidade administrativa. Pelos mesmos fatos, a Justi\u00e7a tamb\u00e9m condenou o ex-secret\u00e1rio de Finan\u00e7as do munic\u00edpio Jos\u00e9 Edivaldo dos Santos.<\/p>\n<div id=\"attachment_78515\" style=\"width: 609px\" class=\"wp-caption aligncenter\"><a href=\"http:\/\/senoticias.com.br\/se\/wp-content\/uploads\/2015\/04\/Sukita-e1429060299136.jpg\"><img loading=\"lazy\" decoding=\"async\" aria-describedby=\"caption-attachment-78515\" class=\"size-full wp-image-78515\" src=\"http:\/\/senoticias.com.br\/se\/wp-content\/uploads\/2015\/04\/Sukita-e1429060299136.jpg\" alt=\"Al\u00e9m de Manoel Sukita, tamb\u00e9m foi condenado o ex-secret\u00e1rio de finan\u00e7as do munic\u00edpio, Jos\u00e9 Edivaldo dos Santos. 2. (Foto: arquio\/Divulga\u00e7\u00e3o)\" width=\"599\" height=\"377\" \/><\/a><p id=\"caption-attachment-78515\" class=\"wp-caption-text\">Al\u00e9m de Manoel Sukita, tamb\u00e9m foi condenado o ex-secret\u00e1rio de finan\u00e7as do munic\u00edpio, Jos\u00e9 Edivaldo dos Santos. 2. (Foto: arquivo\/Divulga\u00e7\u00e3o)<\/p><\/div>\n<p style=\"text-align: justify;\">O desvio, com saques e transfer\u00eancias online da conta onde estava depositado o recurso, ocorreu nos meses de julho e agosto de 2012. Segundo extrato banc\u00e1rio, depois dos dois meses, restou apenas R$ 55,45 na conta. \u201cEm consequ\u00eancia do desvio do recurso p\u00fablico, n\u00e3o houve o pagamento do contrato com as empresas fornecedoras dos \u00f4nibus escolares que foram entregues ao munic\u00edpio de Capela\u201d, destaca trecho da senten\u00e7a.<\/p>\n<p style=\"text-align: justify;\">Pelos atos de improbidade administrativa, o ex-prefeito e o secret\u00e1rio de finan\u00e7as foram condenados a devolver R$ 1.228.900,00, o equivalente ao valor desviado. Tamb\u00e9m foram condenados com a perda da fun\u00e7\u00e3o p\u00fablica, suspens\u00e3o dos direitos pol\u00edticos por oito anos e proibi\u00e7\u00e3o de contratar com a Administra\u00e7\u00e3o P\u00fablica ou receber benef\u00edcios ou incentivos fiscais pelo prazo de dez anos.<\/p>\n<p style=\"text-align: justify;\">A decis\u00e3o foi proferida pela 9\u00aa Vara da Justi\u00e7a Federal (Propri\u00e1) e cabe recurso. N\u00famero para acompanhamento processual: 0800023-08.2015.4.05.8504<\/p>\n<p style=\"text-align: justify;\"><em><strong>Acompanhe tamb\u00e9m o SE Not\u00edcias no\u00a0<a href=\"https:\/\/twitter.com\/Senoticias\" target=\"_blank\">Twitter<\/a>,\u00a0<a href=\"https:\/\/www.facebook.com\/senoticias1\" target=\"_blank\">Facebook<\/a>\u00a0e no\u00a0<a href=\"https:\/\/www.instagram.com\/senoticias\/\" target=\"_blank\">Instagram<\/a><\/strong><\/em><\/p>\n<p style=\"text-align: justify;\"><a href=\"http:\/\/senoticias.com.br\/se\/wp-content\/uploads\/2017\/10\/Logo-fone-1-2-1-2-4-6-1-1-1-2.jpg\"><img loading=\"lazy\" decoding=\"async\" class=\"aligncenter size-full wp-image-107378\" src=\"http:\/\/senoticias.com.br\/se\/wp-content\/uploads\/2017\/10\/Logo-fone-1-2-1-2-4-6-1-1-1-2.jpg\" alt=\"Logo-fone-1-2-1-2-4-6-1-1-1-2\" width=\"599\" height=\"78\" srcset=\"https:\/\/senoticias.com.br\/se\/wp-content\/uploads\/2017\/10\/Logo-fone-1-2-1-2-4-6-1-1-1-2.jpg 599w, https:\/\/senoticias.com.br\/se\/wp-content\/uploads\/2017\/10\/Logo-fone-1-2-1-2-4-6-1-1-1-2-300x39.jpg 300w\" sizes=\"(max-width: 599px) 100vw, 599px\" \/><\/a><\/p>\n<p><em>Assessoria de Comunica\u00e7\u00e3o<\/em><br \/>\n<em>Minist\u00e9rio P\u00fablico Federal em Sergipe<\/em><\/p>\n","protected":false},"excerpt":{"rendered":"<p>A pedido do Minist\u00e9rio P\u00fablico Federal em Sergipe (MPF\/SE), a Justi\u00e7a Federal condenou o ex-prefeito de Capela, Manoel Messias Sukita Santos, por desvio de mais de R$ 1 milh\u00e3o resultado de conv\u00eanio do Minist\u00e9rio da Educa\u00e7\u00e3o. A verba era para ser utilizada na aquisi\u00e7\u00e3o de \u00f4nibus escolares para transporte de alunos da rede p\u00fablica. No [&hellip;]<\/p>\n","protected":false},"author":2,"featured_media":78515,"comment_status":"closed","ping_status":"closed","sticky":false,"template":"","format":"standard","meta":{"footnotes":""},"categories":[15],"tags":[978,4675,6529,1306,6531,6530],"class_list":{"0":"post-107503","1":"post","2":"type-post","3":"status-publish","4":"format-standard","5":"has-post-thumbnail","7":"category-destaques","8":"tag-capela","9":"tag-condenacao","10":"tag-desvio","11":"tag-educacao","12":"tag-improbidade-administrativa","13":"tag-sukita-condenado"},"_links":{"self":[{"href":"https:\/\/senoticias.com.br\/se\/wp-json\/wp\/v2\/posts\/107503"}],"collection":[{"href":"https:\/\/senoticias.com.br\/se\/wp-json\/wp\/v2\/posts"}],"about":[{"href":"https:\/\/senoticias.com.br\/se\/wp-json\/wp\/v2\/types\/post"}],"author":[{"embeddable":true,"href":"https:\/\/senoticias.com.br\/se\/wp-json\/wp\/v2\/users\/2"}],"replies":[{"embeddable":true,"href":"https:\/\/senoticias.com.br\/se\/wp-json\/wp\/v2\/comments?post=107503"}],"version-history":[{"count":0,"href":"https:\/\/senoticias.com.br\/se\/wp-json\/wp\/v2\/posts\/107503\/revisions"}],"wp:featuredmedia":[{"embeddable":true,"href":"https:\/\/senoticias.com.br\/se\/wp-json\/wp\/v2\/media\/78515"}],"wp:attachment":[{"href":"https:\/\/senoticias.com.br\/se\/wp-json\/wp\/v2\/media?parent=107503"}],"wp:term":[{"taxonomy":"category","embeddable":true,"href":"https:\/\/senoticias.com.br\/se\/wp-json\/wp\/v2\/categories?post=107503"},{"taxonomy":"post_tag","embeddable":true,"href":"https:\/\/senoticias.com.br\/se\/wp-json\/wp\/v2\/tags?post=107503"}],"curies":[{"name":"wp","href":"https:\/\/api.w.org\/{rel}","templated":true}]}}