{"id":107478,"date":"2017-10-17T14:39:29","date_gmt":"2017-10-17T17:39:29","guid":{"rendered":"http:\/\/senoticias.com.br\/se\/?p=107478"},"modified":"2017-10-17T14:39:29","modified_gmt":"2017-10-17T17:39:29","slug":"policia-divulga-video-com-acao-de-assaltantes-em-loja-de-roupas-no-grageru-assista","status":"publish","type":"post","link":"https:\/\/senoticias.com.br\/se\/policia-divulga-video-com-acao-de-assaltantes-em-loja-de-roupas-no-grageru-assista\/","title":{"rendered":"Pol\u00edcia divulga v\u00eddeo com a\u00e7\u00e3o de assaltantes em loja de roupas no Grageru; assista"},"content":{"rendered":"<p style=\"text-align: justify;\">A 1\u00aa Delegacia Metropolitana (1\u00aaDM) divulgou no final da manh\u00e3 desta ter\u00e7a-feira, 17, imagens de quatro indiv\u00edduos acusados de participar de um roubo a uma loja de roupas localizada na avenida Franklin Campos Sobral, localizada no conjunto Leite Neto, bairro Grageru, zona sul de Aracaju. O crime ocorreu na tarde do dia 20 de fevereiro deste ano.<\/p>\n<div id=\"attachment_107479\" style=\"width: 609px\" class=\"wp-caption aligncenter\"><a href=\"http:\/\/senoticias.com.br\/se\/wp-content\/uploads\/2017\/10\/8ab8c94f-749f-4f9f-bcd8-cb3d4d60126c-e1508261774925.png\"><img loading=\"lazy\" decoding=\"async\" aria-describedby=\"caption-attachment-107479\" class=\"size-full wp-image-107479\" src=\"http:\/\/senoticias.com.br\/se\/wp-content\/uploads\/2017\/10\/8ab8c94f-749f-4f9f-bcd8-cb3d4d60126c-e1508261774925.png\" alt=\"Crime ocorreu na semana passada, dia 10 de outubro\" width=\"599\" height=\"367\" \/><\/a><p id=\"caption-attachment-107479\" class=\"wp-caption-text\">Crime ocorreu na semana passada, dia 10 de outubro (foto: SSP\/SE)<\/p><\/div>\n<p style=\"text-align: justify;\">\nO v\u00eddeo mostra o momento em que quatro indiv\u00edduos, sendo tr\u00eas mulheres e um homem, desembarcam de um ve\u00edculo T\u00e1xi, modelo Corsa Classic, e entram na loja se passando por clientes. J\u00e1 no interior do estabelecimento, eles anunciam o assalto e recolhem v\u00e1rios produtos, totalizando um preju\u00edzo aproximado de R$ 3.000,00.<\/p>\n<p style=\"text-align: justify;\">\n<p style=\"text-align: justify;\">Ao final do a\u00e7\u00e3o criminosa, eles amarram e trancam os funcion\u00e1rios da loja. Logo depois, empreendem fuga utilizando o mesmo ve\u00edculo t\u00e1xi que estava j\u00e1 \u00e0 espera dos criminosos para dar fuga com os objetos subtra\u00eddos.<\/p>\n<p style=\"text-align: justify;\">\n<p style=\"text-align: justify;\">O caso est\u00e1 sendo investigado pelas equipes da 1\u00aaDM, sob a coordena\u00e7\u00e3o do delegado Everton dos Santos.<\/p>\n<p style=\"text-align: justify;\">\n<p style=\"text-align: justify;\">Atualmente as imagens do crime podem ser vistas na \u00e1rea denominada \u201cIdentifique e Denuncie Criminosos\u201d, com o t\u00edtulo \u201cAssalto a loja de inform\u00e1tica na capital\u201d. A \u00e1rea \u00e9 reservada no site da SSP (<a href=\"http:\/\/www.ssp.se.gov.br\/Noticias\/Detalhes?idNoticia=9011\">www.ssp.se.gov.br<\/a>) para divulgar registros fotogr\u00e1ficos e sequ\u00eancia de imagens de c\u00e2meras de seguran\u00e7a de estabelecimentos comerciais que exibam os autores de cometimento de delitos, sejam eles furto, roubo, homic\u00eddio, latroc\u00ednio ou qualquer outra tipifica\u00e7\u00e3o criminal. L\u00e1, a popula\u00e7\u00e3o poder\u00e1 visualizar os v\u00eddeos e ajudar o trabalho da pol\u00edcia.<\/p>\n<p style=\"text-align: justify;\">\n<p style=\"text-align: justify;\">Para divulga\u00e7\u00e3o dos v\u00eddeos, basta o servidor respons\u00e1vel procurar a Assessoria de Comunica\u00e7\u00e3o Social da SSP. Qualquer den\u00fancia pode ser feita pelo Disque-Den\u00fancia 181 ou pelo Aplicativo Disque-Den\u00fancia SE.<\/p>\n<p style=\"text-align: justify;\">\n<p style=\"text-align: justify;\"><a href=\"http:\/\/senoticias.com.br\/se\/wp-content\/uploads\/2017\/10\/Logo-fone-1-2-1-2-4-6-1-1-1-2.jpg\"><img loading=\"lazy\" decoding=\"async\" class=\"aligncenter size-full wp-image-107378\" src=\"http:\/\/senoticias.com.br\/se\/wp-content\/uploads\/2017\/10\/Logo-fone-1-2-1-2-4-6-1-1-1-2.jpg\" alt=\"Logo-fone-1-2-1-2-4-6-1-1-1-2\" width=\"599\" height=\"78\" srcset=\"https:\/\/senoticias.com.br\/se\/wp-content\/uploads\/2017\/10\/Logo-fone-1-2-1-2-4-6-1-1-1-2.jpg 599w, https:\/\/senoticias.com.br\/se\/wp-content\/uploads\/2017\/10\/Logo-fone-1-2-1-2-4-6-1-1-1-2-300x39.jpg 300w\" sizes=\"(max-width: 599px) 100vw, 599px\" \/><\/a><\/p>\n<p style=\"text-align: justify;\">\n<p style=\"text-align: justify;\"><em><strong>Acompanhe tamb\u00e9m o SE Not\u00edcias no\u00a0<a href=\"https:\/\/twitter.com\/Senoticias\" target=\"_blank\">Twitter<\/a>,\u00a0<a href=\"https:\/\/www.facebook.com\/senoticias1\" target=\"_blank\">Facebook<\/a>\u00a0e no\u00a0<a href=\"https:\/\/www.instagram.com\/senoticias\/\" target=\"_blank\">Instagram<\/a><\/strong><\/em><\/p>\n<p style=\"text-align: justify;\">\n<p style=\"text-align: justify;\"><em>Informa\u00e7\u00f5es da SSP\/SE<\/em><\/p>\n","protected":false},"excerpt":{"rendered":"<p>A 1\u00aa Delegacia Metropolitana (1\u00aaDM) divulgou no final da manh\u00e3 desta ter\u00e7a-feira, 17, imagens de quatro indiv\u00edduos acusados de participar de um roubo a uma loja de roupas localizada na avenida Franklin Campos Sobral, localizada no conjunto Leite Neto, bairro Grageru, zona sul de Aracaju. O crime ocorreu na tarde do dia 20 de fevereiro [&hellip;]<\/p>\n","protected":false},"author":2,"featured_media":107479,"comment_status":"closed","ping_status":"closed","sticky":false,"template":"","format":"standard","meta":{"footnotes":""},"categories":[15,7],"tags":[6515,5362,5859,1303,6514,4096],"class_list":{"0":"post-107478","1":"post","2":"type-post","3":"status-publish","4":"format-standard","5":"has-post-thumbnail","7":"category-destaques","8":"category-policia","9":"tag-assaltantes","10":"tag-assista","11":"tag-grageru","12":"tag-policia","13":"tag-roupas","14":"tag-video"},"_links":{"self":[{"href":"https:\/\/senoticias.com.br\/se\/wp-json\/wp\/v2\/posts\/107478"}],"collection":[{"href":"https:\/\/senoticias.com.br\/se\/wp-json\/wp\/v2\/posts"}],"about":[{"href":"https:\/\/senoticias.com.br\/se\/wp-json\/wp\/v2\/types\/post"}],"author":[{"embeddable":true,"href":"https:\/\/senoticias.com.br\/se\/wp-json\/wp\/v2\/users\/2"}],"replies":[{"embeddable":true,"href":"https:\/\/senoticias.com.br\/se\/wp-json\/wp\/v2\/comments?post=107478"}],"version-history":[{"count":0,"href":"https:\/\/senoticias.com.br\/se\/wp-json\/wp\/v2\/posts\/107478\/revisions"}],"wp:featuredmedia":[{"embeddable":true,"href":"https:\/\/senoticias.com.br\/se\/wp-json\/wp\/v2\/media\/107479"}],"wp:attachment":[{"href":"https:\/\/senoticias.com.br\/se\/wp-json\/wp\/v2\/media?parent=107478"}],"wp:term":[{"taxonomy":"category","embeddable":true,"href":"https:\/\/senoticias.com.br\/se\/wp-json\/wp\/v2\/categories?post=107478"},{"taxonomy":"post_tag","embeddable":true,"href":"https:\/\/senoticias.com.br\/se\/wp-json\/wp\/v2\/tags?post=107478"}],"curies":[{"name":"wp","href":"https:\/\/api.w.org\/{rel}","templated":true}]}}