{"id":107473,"date":"2017-10-17T11:29:49","date_gmt":"2017-10-17T14:29:49","guid":{"rendered":"http:\/\/senoticias.com.br\/se\/?p=107473"},"modified":"2017-10-17T11:34:58","modified_gmt":"2017-10-17T14:34:58","slug":"policia-militar-apreende-40-quilos-de-maconha-na-aruana","status":"publish","type":"post","link":"https:\/\/senoticias.com.br\/se\/policia-militar-apreende-40-quilos-de-maconha-na-aruana\/","title":{"rendered":"Pol\u00edcia Militar apreende 40 quilos de maconha na Aruana"},"content":{"rendered":"<p><!-- [if lte IE 9]>\n<script type=\"text\/javascript\" src=\"\/Scripts\/html5shiv.min.js\"><\/script>\n        <script type=\"text\/javascript\" src=\"\/Scripts\/respond.min.js\"><\/script>\n<![endif]--><\/p>\n<div id=\"main-notice\" class=\"container\" data-ng-class=\"{'container': app.paginaPrincipal}\">\n<div class=\"row ng-scope\" data-ng-init=\"noticias.obterDetalhes()\" data-ng-controller=\"NoticiasController as noticias\" data-ng-show=\"noticias.noticia\">\n<div class=\"col-md-12\">\n<div class=\"panel panel-white\">\n<div class=\"panel-body\">\n<div class=\"form-group\">\n<p style=\"text-align: justify;\">Policiais Militares das Rondas Ostensivas com Apoio de Motocicletas (Rocam), unidade subordinada ao Batalh\u00e3o de Policiamento Tur\u00edstico (BPTur) e do Grupamento Especial T\u00e1tico de Motos (Getam), apreenderam, em poder de Jo\u00e3o da Cruz, 40 quilos de maconha para ser comercializada.\u00a0O caso ocorreu na manh\u00e3 do \u00faltimo s\u00e1bado, 14, no Conjunto Costa Nova, na Zona de Expans\u00e3o da capital.<\/p>\n<div id=\"attachment_107474\" style=\"width: 609px\" class=\"wp-caption aligncenter\"><a href=\"http:\/\/senoticias.com.br\/se\/wp-content\/uploads\/2017\/10\/40-kg-de-drogas-no-Aruana-SENOTICIAS-e1508250666754.jpg\"><img loading=\"lazy\" decoding=\"async\" aria-describedby=\"caption-attachment-107474\" class=\"size-full wp-image-107474\" src=\"http:\/\/senoticias.com.br\/se\/wp-content\/uploads\/2017\/10\/40-kg-de-drogas-no-Aruana-SENOTICIAS-e1508250666754.jpg\" alt=\" \u00a0A apreens\u00e3o ocorreu na manh\u00e3 do \u00faltimo s\u00e1bado, 14, no Conjunto Costa Nova, na Zona de Expans\u00e3o da capital\" width=\"599\" height=\"399\" \/><\/a><p id=\"caption-attachment-107474\" class=\"wp-caption-text\"><br \/>\u00a0A apreens\u00e3o ocorreu na manh\u00e3 do \u00faltimo s\u00e1bado, 14, no Conjunto Costa Nova, na Zona de Expans\u00e3o da capital (foto: PM\/SE)<\/p><\/div>\n<p style=\"text-align: justify;\">As equipes realizavam rondas na regi\u00e3o, quando se depararam com o homem, que estava na moto Honda\/CB 250, de cor branca e\u00a0placa QKW-8817. Ao avistar a viatura, Jo\u00e3o da Cruz tentou se esconder, juntamente com o ve\u00edculo. Os policiais perceberam a atitude suspeita e fizeram a abordagem.\u00a0Foi encontrado cerca de 500 gramas de maconha que estavam escondidos embaixo do banco da motocicleta.<\/p>\n<p>&nbsp;<\/p>\n<p style=\"text-align: justify;\">Ap\u00f3s consulta ao sistema, foi constatado que Jo\u00e3o j\u00e1 tinha passagem pelo sistema prisional pelo crime de tr\u00e1fico de drogas. Al\u00e9m disso, haviam den\u00fancias que ele teria recebido uma\u00a0grande quantidade de entorpecentes e que o material estaria escondido na regi\u00e3o do Mosqueiro.<\/p>\n<p style=\"text-align: justify;\">Durante as buscas, foi encontrado cerca de 500 gramas de maconha que estavam escondidos embaixo do banco da moto. Ap\u00f3s consulta ao sistema, foi constatado que o acusado j\u00e1 tinha passagem pelo sistema prisional pelo crime de tr\u00e1fico de drogas. Al\u00e9m disso, haviam den\u00fancias que Jo\u00e3o da Cruz teria recebido uma\u00a0grande quantidade de entorpecentes e que o material estaria escondido na regi\u00e3o do Mosqueiro.<\/p>\n<p style=\"text-align: justify;\">O suspeito informou aos policiais o local onde estava o restante da droga. No endere\u00e7o indicado, foram apreendidos 40 quilos de\u00a0maconha, prontas para serem comercializadas, e uma balan\u00e7a de precis\u00e3o. O indiv\u00edduo foi encaminhado \u00e0 Delegacia Plantonista Sul onde foi autuado em flagrante delito pelo crime de tr\u00e1fico.<\/p>\n<\/div>\n<p style=\"text-align: justify;\"><em><strong>Acompanhe tamb\u00e9m o SE Not\u00edcias no\u00a0<a href=\"https:\/\/twitter.com\/Senoticias\" target=\"_blank\">Twitter<\/a>,\u00a0<a href=\"https:\/\/www.facebook.com\/senoticias1\" target=\"_blank\">Facebook<\/a>\u00a0e no\u00a0<a href=\"https:\/\/www.instagram.com\/senoticias\/\" target=\"_blank\">Instagram<\/a><\/strong><\/em><\/p>\n<\/div>\n<p style=\"text-align: justify;\"><a href=\"http:\/\/senoticias.com.br\/se\/wp-content\/uploads\/2017\/10\/Logo-fone-1-2-1-2-4-6-1-1-1-2-1.jpg\"><img loading=\"lazy\" decoding=\"async\" class=\"aligncenter size-full wp-image-107376\" src=\"http:\/\/senoticias.com.br\/se\/wp-content\/uploads\/2017\/10\/Logo-fone-1-2-1-2-4-6-1-1-1-2-1.jpg\" alt=\"Logo-fone-1-2-1-2-4-6-1-1-1-2-1\" width=\"599\" height=\"78\" srcset=\"https:\/\/senoticias.com.br\/se\/wp-content\/uploads\/2017\/10\/Logo-fone-1-2-1-2-4-6-1-1-1-2-1.jpg 599w, https:\/\/senoticias.com.br\/se\/wp-content\/uploads\/2017\/10\/Logo-fone-1-2-1-2-4-6-1-1-1-2-1-300x39.jpg 300w\" sizes=\"(max-width: 599px) 100vw, 599px\" \/><\/a><\/p>\n<\/div>\n<p style=\"text-align: justify;\"><em>Por ascom\/Pol\u00edcia Militar<\/em><\/p>\n<div class=\"panel panel-white\">\n<div class=\"panel-body\">\n<div class=\"form-group\">\n<p>&nbsp;<\/p>\n<p><em><strong>Fonte: PM\/SE<\/strong><\/em><\/p>\n<\/div>\n<\/div>\n<\/div>\n<\/div>\n<\/div>\n<\/div>\n","protected":false},"excerpt":{"rendered":"<p>Policiais Militares das Rondas Ostensivas com Apoio de Motocicletas (Rocam), unidade subordinada ao Batalh\u00e3o de Policiamento Tur\u00edstico (BPTur) e do Grupamento Especial T\u00e1tico de Motos (Getam), apreenderam, em poder de Jo\u00e3o da Cruz, 40 quilos de maconha para ser comercializada.\u00a0O caso ocorreu na manh\u00e3 do \u00faltimo s\u00e1bado, 14, no Conjunto Costa Nova, na Zona de [&hellip;]<\/p>\n","protected":false},"author":2,"featured_media":107474,"comment_status":"closed","ping_status":"closed","sticky":false,"template":"","format":"standard","meta":{"footnotes":""},"categories":[15,7],"tags":[6512,6513,2660,86],"class_list":{"0":"post-107473","1":"post","2":"type-post","3":"status-publish","4":"format-standard","5":"has-post-thumbnail","7":"category-destaques","8":"category-policia","9":"tag-40-quilos","10":"tag-aruana","11":"tag-maconha","12":"tag-policia-militar"},"_links":{"self":[{"href":"https:\/\/senoticias.com.br\/se\/wp-json\/wp\/v2\/posts\/107473"}],"collection":[{"href":"https:\/\/senoticias.com.br\/se\/wp-json\/wp\/v2\/posts"}],"about":[{"href":"https:\/\/senoticias.com.br\/se\/wp-json\/wp\/v2\/types\/post"}],"author":[{"embeddable":true,"href":"https:\/\/senoticias.com.br\/se\/wp-json\/wp\/v2\/users\/2"}],"replies":[{"embeddable":true,"href":"https:\/\/senoticias.com.br\/se\/wp-json\/wp\/v2\/comments?post=107473"}],"version-history":[{"count":0,"href":"https:\/\/senoticias.com.br\/se\/wp-json\/wp\/v2\/posts\/107473\/revisions"}],"wp:featuredmedia":[{"embeddable":true,"href":"https:\/\/senoticias.com.br\/se\/wp-json\/wp\/v2\/media\/107474"}],"wp:attachment":[{"href":"https:\/\/senoticias.com.br\/se\/wp-json\/wp\/v2\/media?parent=107473"}],"wp:term":[{"taxonomy":"category","embeddable":true,"href":"https:\/\/senoticias.com.br\/se\/wp-json\/wp\/v2\/categories?post=107473"},{"taxonomy":"post_tag","embeddable":true,"href":"https:\/\/senoticias.com.br\/se\/wp-json\/wp\/v2\/tags?post=107473"}],"curies":[{"name":"wp","href":"https:\/\/api.w.org\/{rel}","templated":true}]}}