{"id":107467,"date":"2017-10-17T09:43:23","date_gmt":"2017-10-17T12:43:23","guid":{"rendered":"http:\/\/senoticias.com.br\/se\/?p=107467"},"modified":"2017-10-17T12:22:24","modified_gmt":"2017-10-17T15:22:24","slug":"governo-diz-que-a-safra-de-milho-deste-ano-atingira-793-mil-toneladas","status":"publish","type":"post","link":"https:\/\/senoticias.com.br\/se\/governo-diz-que-a-safra-de-milho-deste-ano-atingira-793-mil-toneladas\/","title":{"rendered":"Governo diz que a safra de milho deste ano atingir\u00e1 793 mil  toneladas"},"content":{"rendered":"<p style=\"text-align: justify;\"><span style=\"color: #000000;\">A abundante quantidade de chuvas entre os meses de maio e setembro de 2017 teve influ\u00eancia positiva na safra de cereais, leguminosas e oleaginosas no Nordeste. Em Sergipe, a produ\u00e7\u00e3o de milho obteve o n\u00famero mais expressivo de toda a sua hist\u00f3ria, em grande parte proporcionado pela atua\u00e7\u00e3o do governo do Estado, atrav\u00e9s da Secretaria de Estado da Agricultura e Desenvolvimento Rural (Seagri).<\/span><\/p>\n<p style=\"text-align: justify;\"><span style=\"color: #000000;\">De acordo com o assessor t\u00e9cnico do governo, professor Ricardo Lacerda, os altos \u00edndices da produ\u00e7\u00e3o agr\u00edcola representam um incremento na renda dos produtores agr\u00edcolas do interior de Sergipe. \u201cA produ\u00e7\u00e3o tinha sofrido muito no ano anterior, principalmente no Semi\u00e1rido. O aumento da safra vai causar um efeito muito positivo na renda familiar que estava bastante deprimida em fun\u00e7\u00e3o da seca\u201d, explicou.<\/span><\/p>\n<div id=\"attachment_107468\" style=\"width: 449px\" class=\"wp-caption aligncenter\"><a href=\"http:\/\/senoticias.com.br\/se\/wp-content\/uploads\/2017\/10\/milho-SENOTICIAS-e1508244175279.jpg\"><img loading=\"lazy\" decoding=\"async\" aria-describedby=\"caption-attachment-107468\" class=\"size-full wp-image-107468\" src=\"http:\/\/senoticias.com.br\/se\/wp-content\/uploads\/2017\/10\/milho-SENOTICIAS-e1508244175279.jpg\" alt=\"Foto: ASN\" width=\"439\" height=\"600\" \/><\/a><p id=\"caption-attachment-107468\" class=\"wp-caption-text\">Foto: ASN<\/p><\/div>\n<p style=\"text-align: justify;\"><span style=\"color: #000000;\">Ricardo salienta que ao aumento da renda ocorre tamb\u00e9m em escala estadual. \u201cPara se ter uma ideia, a estimativa \u00e9 de que a volta da safra tenha impacto m\u00e9dio de 3% a mais no Produto Interno Bruto nos estados do Nordeste. Em Sergipe, esse impacto deve ser ainda maior, j\u00e1 que o crescimento de Sergipe foi maior do que em todos os outros estados\u201d, esclareceu.<\/span><\/p>\n<p style=\"text-align: justify;\"><span style=\"color: #000000;\">No Nordeste, o crescimento da safra em rela\u00e7\u00e3o ao ano passado foi de 104,8%. Em Sergipe, o aumento chegou a 462,6%. Em toneladas, essa amplia\u00e7\u00e3o foi de 140,9 mil no ano passado para 793 mil neste ano. \u201cEm geral, o patamar era na faixa de 700 mil toneladas. Houve uma queda muito grande no ano passado. Neste ano, ent\u00e3o, o n\u00famero n\u00e3o s\u00f3 foi retomado como melhorou\u201d, salientou.<\/span><\/p>\n<p style=\"text-align: justify;\"><span style=\"color: #000000;\">De acordo com o secret\u00e1rio de Agricultura, Esmeraldo Leal, a presen\u00e7a do governo do Estado foi de fundamental import\u00e2ncia para os produtores. \u201cA distribui\u00e7\u00e3o de sementes foi feita em sua quantidade regular. A novidade \u00e9 que, neste ano, a agricultura familiar acabou precisando mais das sementes do que nos anos anteriores, em fun\u00e7\u00e3o da seca e da dificuldade de armazenamento com rela\u00e7\u00e3o ao ano passado. Da mesma forma, ocorreu com o nosso programa de mecaniza\u00e7\u00e3o. A agricultura familiar acabou se valendo mais dele neste do que nos \u00faltimos anos\u201d, informou, acrescentando que, ano passado, foram distribu\u00eddas 200 mil toneladas de sementes de milho para 20 mil fam\u00edlias em 21 munic\u00edpios sergipanos e 17.450 horas de trator para 15.937 benefici\u00e1rios em 13 munic\u00edpios.<\/span><\/p>\n<p style=\"text-align: justify;\"><span style=\"color: #000000;\">O secret\u00e1rio enfatiza ainda a atua\u00e7\u00e3o de \u00f3rg\u00e3os como a Empresa de Desenvolvimento Agropecu\u00e1rio de Sergipe (Emdagro) e a Empresa Brasileira de Pesquisa Agropecu\u00e1ria (Embrapa). \u201cA Emdagro tem acompanhamento em todos os munic\u00edpios do estado. A sua orienta\u00e7\u00e3o, assim como da Embrapa, \u00e9 determinante para que haja um suporte t\u00e9cnico suficiente para que se continue produzindo n\u00e3o somente em termos de quantidade de \u00e1rea plantada, mas para aumentar a produtividade, que \u00e9 a quantidade de gr\u00e3os produzidos dentro de um mesmo espa\u00e7o geogr\u00e1fico\u201d, disse.<\/span><\/p>\n<p style=\"text-align: justify;\"><span style=\"color: #000000;\">A orienta\u00e7\u00e3o t\u00e9cnica, segundo Esmeraldo, atuou ainda no sentido de aumentar a produ\u00e7\u00e3o de material forrageiro. \u201cHouve muita orienta\u00e7\u00e3o tamb\u00e9m com rela\u00e7\u00e3o \u00e0 silagem. A seca do ano passado afetou muito com rela\u00e7\u00e3o \u00e0 distribui\u00e7\u00e3o do material forrageiro, principalmente o Semi\u00e1rido. Ficou claro que al\u00e9m de produzir muitos gr\u00e3os, Sergipe precisava tamb\u00e9m preparar sua reserva para o rebanho animal\u201d, pontuou.<\/span><\/p>\n<p style=\"text-align: justify;\"><span style=\"color: #000000;\">Para al\u00e9m da produ\u00e7\u00e3o de safras secas, Sergipe tem alcan\u00e7ado bons resultados com rela\u00e7\u00e3o \u00e0s culturas irrigadas. Nesse sentido, os investimentos na tecniza\u00e7\u00e3o e na melhoria da infraestrutura dos per\u00edmetros irrigados vem garantindo amparo aos produtores, sobretudo em se tratando da agricultura familiar.<\/span><\/p>\n<p style=\"text-align: justify;\"><a href=\"http:\/\/senoticias.com.br\/se\/wp-content\/uploads\/2017\/10\/Logo-fone-1-2-1-2-4-6-1-1-1-2.jpg\"><img loading=\"lazy\" decoding=\"async\" class=\"aligncenter size-full wp-image-107378\" src=\"http:\/\/senoticias.com.br\/se\/wp-content\/uploads\/2017\/10\/Logo-fone-1-2-1-2-4-6-1-1-1-2.jpg\" alt=\"Logo-fone-1-2-1-2-4-6-1-1-1-2\" width=\"599\" height=\"78\" srcset=\"https:\/\/senoticias.com.br\/se\/wp-content\/uploads\/2017\/10\/Logo-fone-1-2-1-2-4-6-1-1-1-2.jpg 599w, https:\/\/senoticias.com.br\/se\/wp-content\/uploads\/2017\/10\/Logo-fone-1-2-1-2-4-6-1-1-1-2-300x39.jpg 300w\" sizes=\"(max-width: 599px) 100vw, 599px\" \/><\/a><\/p>\n<p><em><strong>Acompanhe tamb\u00e9m o SE Not\u00edcias no\u00a0<a href=\"https:\/\/twitter.com\/Senoticias\" target=\"_blank\">Twitter<\/a>,\u00a0<a href=\"https:\/\/www.facebook.com\/senoticias1\" target=\"_blank\">Facebook<\/a>\u00a0e no\u00a0<a href=\"https:\/\/www.instagram.com\/senoticias\/\" target=\"_blank\">Instagram<\/a><\/strong><\/em><\/p>\n<p>Por ASN<\/p>\n","protected":false},"excerpt":{"rendered":"<p>A abundante quantidade de chuvas entre os meses de maio e setembro de 2017 teve influ\u00eancia positiva na safra de cereais, leguminosas e oleaginosas no Nordeste. Em Sergipe, a produ\u00e7\u00e3o de milho obteve o n\u00famero mais expressivo de toda a sua hist\u00f3ria, em grande parte proporcionado pela atua\u00e7\u00e3o do governo do Estado, atrav\u00e9s da Secretaria [&hellip;]<\/p>\n","protected":false},"author":2,"featured_media":0,"comment_status":"closed","ping_status":"closed","sticky":false,"template":"","format":"standard","meta":{"footnotes":""},"categories":[38],"tags":[6509,6508,6510,5149,223],"class_list":{"0":"post-107467","1":"post","2":"type-post","3":"status-publish","4":"format-standard","6":"category-municipios","7":"tag-agricultura","8":"tag-milhos","9":"tag-producao","10":"tag-safra","11":"tag-sergipe"},"_links":{"self":[{"href":"https:\/\/senoticias.com.br\/se\/wp-json\/wp\/v2\/posts\/107467"}],"collection":[{"href":"https:\/\/senoticias.com.br\/se\/wp-json\/wp\/v2\/posts"}],"about":[{"href":"https:\/\/senoticias.com.br\/se\/wp-json\/wp\/v2\/types\/post"}],"author":[{"embeddable":true,"href":"https:\/\/senoticias.com.br\/se\/wp-json\/wp\/v2\/users\/2"}],"replies":[{"embeddable":true,"href":"https:\/\/senoticias.com.br\/se\/wp-json\/wp\/v2\/comments?post=107467"}],"version-history":[{"count":0,"href":"https:\/\/senoticias.com.br\/se\/wp-json\/wp\/v2\/posts\/107467\/revisions"}],"wp:attachment":[{"href":"https:\/\/senoticias.com.br\/se\/wp-json\/wp\/v2\/media?parent=107467"}],"wp:term":[{"taxonomy":"category","embeddable":true,"href":"https:\/\/senoticias.com.br\/se\/wp-json\/wp\/v2\/categories?post=107467"},{"taxonomy":"post_tag","embeddable":true,"href":"https:\/\/senoticias.com.br\/se\/wp-json\/wp\/v2\/tags?post=107467"}],"curies":[{"name":"wp","href":"https:\/\/api.w.org\/{rel}","templated":true}]}}