{"id":107466,"date":"2017-10-17T09:37:32","date_gmt":"2017-10-17T12:37:32","guid":{"rendered":"http:\/\/senoticias.com.br\/se\/?p=107466"},"modified":"2017-10-17T09:37:32","modified_gmt":"2017-10-17T12:37:32","slug":"redacao-do-enem-que-desrespeitar-direitos-humanos-pode-receber-nota-zero","status":"publish","type":"post","link":"https:\/\/senoticias.com.br\/se\/redacao-do-enem-que-desrespeitar-direitos-humanos-pode-receber-nota-zero\/","title":{"rendered":"Reda\u00e7\u00e3o do Enem que desrespeitar direitos humanos pode receber nota zero"},"content":{"rendered":"<p style=\"text-align: justify;\"><span style=\"color: #000000;\">Entre as regras a serem seguidas pelos candidatos que v\u00e3o fazer o Exame Nacional do Ensino M\u00e9dio (Enem) na elabora\u00e7\u00e3o da prova de reda\u00e7\u00e3o est\u00e1 o respeito aos direitos humanos. Quem defender ideias avaliadas como contr\u00e1rias aos direitos humanos poder\u00e1 receber nota zero na reda\u00e7\u00e3o.<\/span><\/p>\n<p style=\"text-align: justify;\"><span style=\"color: #000000;\">De acordo com a <a href=\"http:\/\/download.inep.gov.br\/educacao_basica\/enem\/guia_participante\/2017\/manual_de_redacao_do_enem_2017.pdf\">Cartilha do Participante \u2013 Reda\u00e7\u00e3o no Enem 2017<\/a>, divulgada nesta segunda-feira (16) pelo Instituto Nacional de Estudos e Pesquisas Educacionais (Inep), algumas ideias e a\u00e7\u00f5es ser\u00e3o sempre avaliadas como contr\u00e1rias aos direitos humanos, como: defesa de tortura, mutila\u00e7\u00e3o, execu\u00e7\u00e3o sum\u00e1ria e qualquer forma de \u201cjusti\u00e7a com as pr\u00f3prias m\u00e3os\u201d, isto \u00e9, sem a interven\u00e7\u00e3o de institui\u00e7\u00f5es sociais devidamente autorizadas.<\/span><\/p>\n<div id=\"attachment_97705\" style=\"width: 609px\" class=\"wp-caption aligncenter\"><a href=\"http:\/\/senoticias.com.br\/se\/wp-content\/uploads\/2016\/11\/Intolerancia-Religiosa-SE-Noticias-e1478454994305.jpg\"><img loading=\"lazy\" decoding=\"async\" aria-describedby=\"caption-attachment-97705\" class=\"size-full wp-image-97705\" src=\"http:\/\/senoticias.com.br\/se\/wp-content\/uploads\/2016\/11\/Intolerancia-Religiosa-SE-Noticias-e1478454994305.jpg\" alt=\"(Foto: Veja.com)\" width=\"599\" height=\"399\" \/><\/a><p id=\"caption-attachment-97705\" class=\"wp-caption-text\">(Foto: Veja.com)<\/p><\/div>\n<p style=\"text-align: justify;\"><span style=\"color: #000000;\">Tamb\u00e9m ferem os direitos humanos, a incita\u00e7\u00e3o a qualquer tipo de viol\u00eancia motivada por quest\u00f5es de ra\u00e7a, etnia, g\u00eanero, credo, condi\u00e7\u00e3o f\u00edsica, origem geogr\u00e1fica ou socioecon\u00f4mica e a explicita\u00e7\u00e3o de qualquer forma de discurso de \u00f3dio voltado contra grupos sociais espec\u00edficos. Segundo o Inep, apesar de a refer\u00eancia aos direitos humanos ocorrer apenas em uma das cinco compet\u00eancias avaliadas, a men\u00e7\u00e3o ou a apologia a tais ideias, em qualquer parte do texto, pode anular a prova.<\/span><\/p>\n<p style=\"text-align: justify;\"><span style=\"color: #000000;\">No ano passado, quando o tema da reda\u00e7\u00e3o foi \u201cCaminhos para combater a intoler\u00e2ncia religiosa no Brasil\u201d, foram anuladas as reda\u00e7\u00f5es que feriram os direitos humanos porque incitaram ideias de viol\u00eancia ou de persegui\u00e7\u00e3o contra seguidores de qualquer religi\u00e3o, filosofia, doutrina, seita, inclusive o ate\u00edsmo ou quaisquer outras manifesta\u00e7\u00f5es religiosas, al\u00e9m de ideias de cerceamento da liberdade de ter ou adotar religi\u00e3o ou cren\u00e7a e que tenham defendido a destrui\u00e7\u00e3o de vidas, imagens, roupas e objetos ritual\u00edsticos.<\/span><\/p>\n<p style=\"text-align: justify;\"><span style=\"color: #000000;\">De acordo com o Inep, a prova de reda\u00e7\u00e3o do Enem sempre exigiu que o participante respeite os direitos humanos, mas, desde 2013, o edital do exame tornou obrigat\u00f3rio o respeito ao tema, sob pena de a reda\u00e7\u00e3o receber nota zero.<\/span><\/p>\n<p style=\"text-align: justify;\"><span style=\"color: #000000;\">A prova de reda\u00e7\u00e3o, que ser\u00e1 aplicada no dia 5 de novembro, exige a produ\u00e7\u00e3o de um texto em prosa, do tipo dissertativo-argumentativo, sobre um tema de ordem social, cient\u00edfica, cultural ou pol\u00edtica. O candidato deve apresentar uma proposta de solu\u00e7\u00e3o para o problema proposto, a chamada interven\u00e7\u00e3o, respeitando os direitos humanos. Tamb\u00e9m deve ser apresentada uma refer\u00eancia textual sobre o tema.<\/span><\/p>\n<p style=\"text-align: justify;\">\n<p style=\"text-align: justify;\"><a href=\"http:\/\/senoticias.com.br\/se\/wp-content\/uploads\/2017\/10\/Logo-fone-1-2-1-2-4-6-1-1-1-2-1.jpg\"><img loading=\"lazy\" decoding=\"async\" class=\"aligncenter size-full wp-image-107376\" src=\"http:\/\/senoticias.com.br\/se\/wp-content\/uploads\/2017\/10\/Logo-fone-1-2-1-2-4-6-1-1-1-2-1.jpg\" alt=\"Logo-fone-1-2-1-2-4-6-1-1-1-2-1\" width=\"599\" height=\"78\" srcset=\"https:\/\/senoticias.com.br\/se\/wp-content\/uploads\/2017\/10\/Logo-fone-1-2-1-2-4-6-1-1-1-2-1.jpg 599w, https:\/\/senoticias.com.br\/se\/wp-content\/uploads\/2017\/10\/Logo-fone-1-2-1-2-4-6-1-1-1-2-1-300x39.jpg 300w\" sizes=\"(max-width: 599px) 100vw, 599px\" \/><\/a><\/p>\n<p><em><strong>Acompanhe tamb\u00e9m o SE Not\u00edcias no\u00a0<a href=\"https:\/\/twitter.com\/Senoticias\" target=\"_blank\">Twitter<\/a>,\u00a0<a href=\"https:\/\/www.facebook.com\/senoticias1\" target=\"_blank\">Facebook<\/a>\u00a0e no\u00a0<a href=\"https:\/\/www.instagram.com\/senoticias\/\" target=\"_blank\">Instagram<\/a><\/strong><\/em><\/p>\n<p>Por Ag\u00eancia Brasil<\/p>\n","protected":false},"excerpt":{"rendered":"<p>Entre as regras a serem seguidas pelos candidatos que v\u00e3o fazer o Exame Nacional do Ensino M\u00e9dio (Enem) na elabora\u00e7\u00e3o da prova de reda\u00e7\u00e3o est\u00e1 o respeito aos direitos humanos. Quem defender ideias avaliadas como contr\u00e1rias aos direitos humanos poder\u00e1 receber nota zero na reda\u00e7\u00e3o. De acordo com a Cartilha do Participante \u2013 Reda\u00e7\u00e3o no [&hellip;]<\/p>\n","protected":false},"author":2,"featured_media":0,"comment_status":"closed","ping_status":"closed","sticky":false,"template":"","format":"standard","meta":{"footnotes":""},"categories":[8],"tags":[1306,764,6135,896,6175,6507],"class_list":{"0":"post-107466","1":"post","2":"type-post","3":"status-publish","4":"format-standard","6":"category-esporte-e-cultura","7":"tag-educacao","8":"tag-enem","9":"tag-inep","10":"tag-mec","11":"tag-redacao","12":"tag-temas"},"_links":{"self":[{"href":"https:\/\/senoticias.com.br\/se\/wp-json\/wp\/v2\/posts\/107466"}],"collection":[{"href":"https:\/\/senoticias.com.br\/se\/wp-json\/wp\/v2\/posts"}],"about":[{"href":"https:\/\/senoticias.com.br\/se\/wp-json\/wp\/v2\/types\/post"}],"author":[{"embeddable":true,"href":"https:\/\/senoticias.com.br\/se\/wp-json\/wp\/v2\/users\/2"}],"replies":[{"embeddable":true,"href":"https:\/\/senoticias.com.br\/se\/wp-json\/wp\/v2\/comments?post=107466"}],"version-history":[{"count":0,"href":"https:\/\/senoticias.com.br\/se\/wp-json\/wp\/v2\/posts\/107466\/revisions"}],"wp:attachment":[{"href":"https:\/\/senoticias.com.br\/se\/wp-json\/wp\/v2\/media?parent=107466"}],"wp:term":[{"taxonomy":"category","embeddable":true,"href":"https:\/\/senoticias.com.br\/se\/wp-json\/wp\/v2\/categories?post=107466"},{"taxonomy":"post_tag","embeddable":true,"href":"https:\/\/senoticias.com.br\/se\/wp-json\/wp\/v2\/tags?post=107466"}],"curies":[{"name":"wp","href":"https:\/\/api.w.org\/{rel}","templated":true}]}}