{"id":107434,"date":"2017-10-16T15:43:05","date_gmt":"2017-10-16T18:43:05","guid":{"rendered":"http:\/\/senoticias.com.br\/se\/?p=107434"},"modified":"2017-10-16T21:50:32","modified_gmt":"2017-10-17T00:50:32","slug":"policia-civil-investiga-relacao-entre-casal-executado-com-assassinato-de-boliviano-em-capela","status":"publish","type":"post","link":"https:\/\/senoticias.com.br\/se\/policia-civil-investiga-relacao-entre-casal-executado-com-assassinato-de-boliviano-em-capela\/","title":{"rendered":"Pol\u00edcia Civil investiga tr\u00eas assassinatos ocorridos no fim de semana em Capela"},"content":{"rendered":"<p>&nbsp;<\/p>\n<p style=\"text-align: justify;\">Na noite do \u00faltimo s\u00e1bado, 14, o boliviano Luiz Ant\u00f4nio Mendez Ortiz, de 49 anos, foi assassinado no Conjunto Jo\u00e3o Paulo, na cidade de Capela, a 69 km da capital Aracaju. Segundo informa\u00e7\u00f5es obtidas atrav\u00e9s do disk 100, ele era investigado por tr\u00e1fico de pessoas e de drogas.<\/p>\n<p style=\"text-align: justify;\">A reportagem do <strong>SE Not\u00edcias<\/strong> apurou que Luiz Ant\u00f4nio tinha um relacionamento com uma mulher da cidade de capela. A fam\u00edlia informou que a mulher n\u00e3o manteve mais contato desde que foi morar na Bol\u00edvia. As suspeitas aumentaram ap\u00f3s ele ter retornado para a cidade sem a companheira.<\/p>\n<div id=\"attachment_107438\" style=\"width: 550px\" class=\"wp-caption aligncenter\"><a href=\"http:\/\/senoticias.com.br\/se\/wp-content\/uploads\/2017\/10\/casal-assassinado-senoticias.jpg\"><img loading=\"lazy\" decoding=\"async\" aria-describedby=\"caption-attachment-107438\" class=\"size-full wp-image-107438\" src=\"http:\/\/senoticias.com.br\/se\/wp-content\/uploads\/2017\/10\/casal-assassinado-senoticias.jpg\" alt=\"A suspeita \u00e9 de que o casal executado ontem (15) tenha rela\u00e7\u00e3o com o homic\u00eddio do boliviano, que ocorreu no \u00faltimo domingo (14), no Conjunto Jo\u00e3o Paulo, centro de Capela (foto: redes sociais)\" width=\"540\" height=\"960\" srcset=\"https:\/\/senoticias.com.br\/se\/wp-content\/uploads\/2017\/10\/casal-assassinado-senoticias.jpg 540w, https:\/\/senoticias.com.br\/se\/wp-content\/uploads\/2017\/10\/casal-assassinado-senoticias-169x300.jpg 169w\" sizes=\"(max-width: 540px) 100vw, 540px\" \/><\/a><p id=\"caption-attachment-107438\" class=\"wp-caption-text\">A suspeita \u00e9 de que o casal executado ontem (15) tenha rela\u00e7\u00e3o com o homic\u00eddio do boliviano, que ocorreu no \u00faltimo domingo (14), no Conjunto Jo\u00e3o Paulo, em Capela (foto: redes sociais)<\/p><\/div>\n<p><strong>Outras v\u00edtimas<\/strong><\/p>\n<p style=\"text-align: justify;\">O casal Daniele Alves dos Santos, 19 anos, e Tiago Santos Rodrigues, 18 anos, foi assassinado com mais de dez tiros na noite do \u00faltimo domingo, 15. O crime aconteceu no Conjunto Jo\u00e3o Paulo, no Centro de Capela. A delegada respons\u00e1vel pelo caso, Mariana Amorim, da Delegacia de Capela, afirmou ao <strong>Portal SE Not\u00edcias<\/strong> que &#8220;a pol\u00edcia trabalha com a possibilidade de liga\u00e7\u00e3o entre o assassinato do boliviano e do casal. N\u00e3o h\u00e1 nada de concreto, nada foi confirmado, mas faz parte da investiga\u00e7\u00e3o&#8221;, disse.<\/p>\n<p style=\"text-align: justify;\">A Secretaria de Seguran\u00e7a P\u00fablica (SSP) informou que Tiago foi apreendido quando ainda era menor de idade por suspeita de tr\u00e1fico e porte ilegal de arma de fogo. A pris\u00e3o foi efetuada pelo Cope, em novembro do ano passado e ele foi liberado em janeiro deste ano.<\/p>\n<p style=\"text-align: justify;\">Quem tiver informa\u00e7\u00f5es sobre os crimes e outras den\u00fancias sobre homic\u00eddios pode colaborar com as investiga\u00e7\u00f5es da Pol\u00edcia Civil atrav\u00e9s do n\u00famero 181. N\u00e3o \u00e9 necess\u00e1rio se identificar.<\/p>\n<p style=\"text-align: justify;\"><em><strong>Acompanhe tamb\u00e9m o SE Not\u00edcias no\u00a0<a href=\"https:\/\/twitter.com\/Senoticias\" target=\"_blank\">Twitter<\/a>,\u00a0<a href=\"https:\/\/www.facebook.com\/senoticias1\" target=\"_blank\">Facebook<\/a>\u00a0e no\u00a0<a href=\"https:\/\/www.instagram.com\/senoticias\/\" target=\"_blank\">Instagram<\/a><\/strong><\/em><\/p>\n<p style=\"text-align: justify;\"><a href=\"http:\/\/senoticias.com.br\/se\/wp-content\/uploads\/2017\/10\/Logo-fone-1-2-1-2-4-6-1-1-1-2.jpg\"><img loading=\"lazy\" decoding=\"async\" class=\"aligncenter size-full wp-image-107378\" src=\"http:\/\/senoticias.com.br\/se\/wp-content\/uploads\/2017\/10\/Logo-fone-1-2-1-2-4-6-1-1-1-2.jpg\" alt=\"Logo-fone-1-2-1-2-4-6-1-1-1-2\" width=\"599\" height=\"78\" srcset=\"https:\/\/senoticias.com.br\/se\/wp-content\/uploads\/2017\/10\/Logo-fone-1-2-1-2-4-6-1-1-1-2.jpg 599w, https:\/\/senoticias.com.br\/se\/wp-content\/uploads\/2017\/10\/Logo-fone-1-2-1-2-4-6-1-1-1-2-300x39.jpg 300w\" sizes=\"(max-width: 599px) 100vw, 599px\" \/><\/a><\/p>\n<p style=\"text-align: justify;\"><em><strong>Reda\u00e7\u00e3o SE Not\u00edcias<\/strong><\/em><\/p>\n","protected":false},"excerpt":{"rendered":"<p>&nbsp; Na noite do \u00faltimo s\u00e1bado, 14, o boliviano Luiz Ant\u00f4nio Mendez Ortiz, de 49 anos, foi assassinado no Conjunto Jo\u00e3o Paulo, na cidade de Capela, a 69 km da capital Aracaju. Segundo informa\u00e7\u00f5es obtidas atrav\u00e9s do disk 100, ele era investigado por tr\u00e1fico de pessoas e de drogas. A reportagem do SE Not\u00edcias apurou [&hellip;]<\/p>\n","protected":false},"author":2,"featured_media":107438,"comment_status":"closed","ping_status":"closed","sticky":false,"template":"","format":"standard","meta":{"footnotes":""},"categories":[15,7],"tags":[6479,978,6483,612,2643,2645,78],"class_list":{"0":"post-107434","1":"post","2":"type-post","3":"status-publish","4":"format-standard","5":"has-post-thumbnail","7":"category-destaques","8":"category-policia","9":"tag-boliviano","10":"tag-capela","11":"tag-casal-executado","12":"tag-cope","13":"tag-delegada-de-capela","14":"tag-mariana-amorim","15":"tag-policia-civil"},"_links":{"self":[{"href":"https:\/\/senoticias.com.br\/se\/wp-json\/wp\/v2\/posts\/107434"}],"collection":[{"href":"https:\/\/senoticias.com.br\/se\/wp-json\/wp\/v2\/posts"}],"about":[{"href":"https:\/\/senoticias.com.br\/se\/wp-json\/wp\/v2\/types\/post"}],"author":[{"embeddable":true,"href":"https:\/\/senoticias.com.br\/se\/wp-json\/wp\/v2\/users\/2"}],"replies":[{"embeddable":true,"href":"https:\/\/senoticias.com.br\/se\/wp-json\/wp\/v2\/comments?post=107434"}],"version-history":[{"count":0,"href":"https:\/\/senoticias.com.br\/se\/wp-json\/wp\/v2\/posts\/107434\/revisions"}],"wp:featuredmedia":[{"embeddable":true,"href":"https:\/\/senoticias.com.br\/se\/wp-json\/wp\/v2\/media\/107438"}],"wp:attachment":[{"href":"https:\/\/senoticias.com.br\/se\/wp-json\/wp\/v2\/media?parent=107434"}],"wp:term":[{"taxonomy":"category","embeddable":true,"href":"https:\/\/senoticias.com.br\/se\/wp-json\/wp\/v2\/categories?post=107434"},{"taxonomy":"post_tag","embeddable":true,"href":"https:\/\/senoticias.com.br\/se\/wp-json\/wp\/v2\/tags?post=107434"}],"curies":[{"name":"wp","href":"https:\/\/api.w.org\/{rel}","templated":true}]}}