{"id":107393,"date":"2017-10-14T18:48:33","date_gmt":"2017-10-14T21:48:33","guid":{"rendered":"http:\/\/senoticias.com.br\/se\/?p=107393"},"modified":"2017-10-14T21:20:53","modified_gmt":"2017-10-15T00:20:53","slug":"funcaju-lanca-1o-premio-mario-jorge-de-poesia","status":"publish","type":"post","link":"https:\/\/senoticias.com.br\/se\/funcaju-lanca-1o-premio-mario-jorge-de-poesia\/","title":{"rendered":"Funcaju lan\u00e7a 1\u00ba Pr\u00eamio M\u00e1rio Jorge de Poesia"},"content":{"rendered":"<p style=\"text-align: justify;\"><span style=\"color: #000000;\">Um dos maiores \u00edcones da poesia sergipana ganha uma justa homenagem. A Prefeitura de Aracaju e a Funda\u00e7\u00e3o Cultural Cidade de Aracaju (Funcaju) lan\u00e7am o Pr\u00eamio M\u00e1rio Jorge de Poesia, um reconhecimento \u00e0 obra do poeta e a cria\u00e7\u00e3o de um espa\u00e7o para incentivar e fomentar a arte da poesia entre os aracajuanos. O pr\u00eamio ter\u00e1 como tem\u00e1tica os poemas de M\u00e1rio Jorge de Menezes Vieira, considerado um dos maiores poetas contempor\u00e2neo. As inscri\u00e7\u00f5es est\u00e3o abertas e podem ser feitas at\u00e9 o dia 11 de novembro atrav\u00e9s do link <a href=\"http:\/\/www.mapa.cultura.aracaju.se.gov.br.\">www.mapa.cultura.aracaju.se.gov.br.<\/a><\/span><\/p>\n<div id=\"attachment_107394\" style=\"width: 610px\" class=\"wp-caption aligncenter\"><a href=\"http:\/\/senoticias.com.br\/se\/wp-content\/uploads\/2017\/10\/img_0897-e1508017667240.jpg\"><img loading=\"lazy\" decoding=\"async\" aria-describedby=\"caption-attachment-107394\" class=\"size-full wp-image-107394\" src=\"http:\/\/senoticias.com.br\/se\/wp-content\/uploads\/2017\/10\/img_0897-e1508017667240.jpg\" alt=\"Pr\u00eamio M\u00e1rio Jorge de Poesia (Arte: Ascom\/Funcaju)\" width=\"600\" height=\"600\" \/><\/a><p id=\"caption-attachment-107394\" class=\"wp-caption-text\">Pr\u00eamio M\u00e1rio Jorge de Poesia (Arte: Ascom\/Funcaju)<\/p><\/div>\n<p style=\"text-align: justify;\"><span style=\"color: #000000;\">O pr\u00eamio \u00e9 destinado aos poetas residentes em Aracaju e cadastrados no Mapa Cultural de Aracaju. Menores de 18 anos podem participar, desde que a inscri\u00e7\u00e3o seja feita com a autoriza\u00e7\u00e3o dos pais ou respons\u00e1vel. Cada participante pode inscrever at\u00e9 dois poemas, observando como tem\u00e1tica a poesia de M\u00e1rio Jorge, e que n\u00e3o tenham sido premiados em nenhum outro concurso.<\/span><\/p>\n<p style=\"text-align: justify;\"><span style=\"color: #000000;\">As poesias ser\u00e3o avaliadas por uma comiss\u00e3o julgadora que selecionar\u00e1 as dez melhores para serem premiadas com o Trof\u00e9u P\u00e1ssaro Azul, al\u00e9m de um certificado. As obras inscritas passar\u00e3o a fazer parte do acervo da Biblioteca P\u00fablica Municipal M\u00e1rio Cabral. A cerim\u00f4nia de premia\u00e7\u00e3o do Pr\u00eamio acontecer\u00e1 no dia 23 de novembro, \u00e0s 17 horas, no Teatro Jo\u00e3o Costa, no Centro Cultural de Aracaju.<\/span><\/p>\n<p style=\"text-align: justify;\"><span style=\"color: #000000;\">Para o presidente da Funcaju, Silvio Santos, o pr\u00eamio retoma a discuss\u00e3o em torno da obra de um dos grandes nomes da literatura sergipana. \u201cFalar de M\u00e1rio Jorge \u00e9 falar de um poeta que, al\u00e9m de um talento incomum, era moderno, um agitador cultural. Sergipe perdeu, de forma precoce, um poeta que se consagrou num momento em que o pa\u00eds ainda vivia tempos dif\u00edceis e a poesia era uma ferramenta de transgress\u00e3o, de liberdade\u201d, observou.<\/span><\/p>\n<p style=\"text-align: justify;\"><strong><span style=\"color: #000000;\">Um poeta \u00e0 frente de seu tempo<\/span><\/strong><\/p>\n<p style=\"text-align: justify;\"><span style=\"color: #000000;\">M\u00e1rio Jorge de Menezes Vieira nasceu em Aracaju no dia 23 de novembro de 1946 e faleceu em janeiro de 1973 em um acidente automobil\u00edstico. Foi militante do movimento estudantil na d\u00e9cada de 60, durante o per\u00edodo da Ditadura Militar no Brasil. Em 1968, publicou o seu primeiro e \u00fanico livro, com o t\u00edtulo de Revolu\u00e7\u00e3o.<\/span><\/p>\n<p style=\"text-align: justify;\"><span style=\"color: #000000;\">Al\u00e9m desse livro, o poeta tamb\u00e9m publicou poemas e artigos em jornais e revistas de Sergipe, foi editor de jornal, produtor de filmes, colaborou em pe\u00e7as de teatro e participou de festivais de m\u00fasica. Em sua produ\u00e7\u00e3o liter\u00e1ria, nota-se a influ\u00eancia das poesias de vanguarda onde se destaca a poesia concretista, pr\u00e1xis, social e marginal, al\u00e9m de influ\u00eancias da tropic\u00e1lia.<\/span><\/p>\n<p style=\"text-align: justify;\"><span style=\"color: #000000;\">O contexto dos poemas de M\u00e1rio Jorge retrata temas semelhantes ao futurismo com um car\u00e1ter de den\u00fancia social como os problemas durante o Regime Militar no Brasil e a influ\u00eancia de protestos hippies como os do per\u00edodo da Guerra do Vietn\u00e3.<\/span><\/p>\n<p style=\"text-align: justify;\"><a href=\"http:\/\/senoticias.com.br\/se\/wp-content\/uploads\/2017\/10\/Logo-fone-1-2-1-2-4-6-1-1-1-2.jpg\"><img loading=\"lazy\" decoding=\"async\" class=\"aligncenter size-full wp-image-107378\" src=\"http:\/\/senoticias.com.br\/se\/wp-content\/uploads\/2017\/10\/Logo-fone-1-2-1-2-4-6-1-1-1-2.jpg\" alt=\"Logo-fone-1-2-1-2-4-6-1-1-1-2\" width=\"599\" height=\"78\" srcset=\"https:\/\/senoticias.com.br\/se\/wp-content\/uploads\/2017\/10\/Logo-fone-1-2-1-2-4-6-1-1-1-2.jpg 599w, https:\/\/senoticias.com.br\/se\/wp-content\/uploads\/2017\/10\/Logo-fone-1-2-1-2-4-6-1-1-1-2-300x39.jpg 300w\" sizes=\"(max-width: 599px) 100vw, 599px\" \/><\/a><\/p>\n<p style=\"text-align: justify;\"><em><strong>Acompanhe tamb\u00e9m o SE Not\u00edcias no\u00a0<a href=\"https:\/\/twitter.com\/Senoticias\" target=\"_blank\">Twitter<\/a>,\u00a0<a href=\"https:\/\/www.facebook.com\/senoticias1\" target=\"_blank\">Facebook<\/a>\u00a0e no\u00a0<a href=\"https:\/\/www.instagram.com\/senoticias\/\" target=\"_blank\">Instagram<\/a><\/strong><\/em><\/p>\n<p style=\"text-align: justify;\">Por AAN<\/p>\n","protected":false},"excerpt":{"rendered":"<p>Um dos maiores \u00edcones da poesia sergipana ganha uma justa homenagem. A Prefeitura de Aracaju e a Funda\u00e7\u00e3o Cultural Cidade de Aracaju (Funcaju) lan\u00e7am o Pr\u00eamio M\u00e1rio Jorge de Poesia, um reconhecimento \u00e0 obra do poeta e a cria\u00e7\u00e3o de um espa\u00e7o para incentivar e fomentar a arte da poesia entre os aracajuanos. O pr\u00eamio [&hellip;]<\/p>\n","protected":false},"author":2,"featured_media":0,"comment_status":"closed","ping_status":"closed","sticky":false,"template":"","format":"standard","meta":{"footnotes":""},"categories":[21],"tags":[339,2663,6452,6453,6454,3070],"class_list":{"0":"post-107393","1":"post","2":"type-post","3":"status-publish","4":"format-standard","6":"category-entretenimento","7":"tag-aracaju","8":"tag-cultura","9":"tag-mariojorge","10":"tag-poesia","11":"tag-poetas","12":"tag-premio"},"_links":{"self":[{"href":"https:\/\/senoticias.com.br\/se\/wp-json\/wp\/v2\/posts\/107393"}],"collection":[{"href":"https:\/\/senoticias.com.br\/se\/wp-json\/wp\/v2\/posts"}],"about":[{"href":"https:\/\/senoticias.com.br\/se\/wp-json\/wp\/v2\/types\/post"}],"author":[{"embeddable":true,"href":"https:\/\/senoticias.com.br\/se\/wp-json\/wp\/v2\/users\/2"}],"replies":[{"embeddable":true,"href":"https:\/\/senoticias.com.br\/se\/wp-json\/wp\/v2\/comments?post=107393"}],"version-history":[{"count":0,"href":"https:\/\/senoticias.com.br\/se\/wp-json\/wp\/v2\/posts\/107393\/revisions"}],"wp:attachment":[{"href":"https:\/\/senoticias.com.br\/se\/wp-json\/wp\/v2\/media?parent=107393"}],"wp:term":[{"taxonomy":"category","embeddable":true,"href":"https:\/\/senoticias.com.br\/se\/wp-json\/wp\/v2\/categories?post=107393"},{"taxonomy":"post_tag","embeddable":true,"href":"https:\/\/senoticias.com.br\/se\/wp-json\/wp\/v2\/tags?post=107393"}],"curies":[{"name":"wp","href":"https:\/\/api.w.org\/{rel}","templated":true}]}}