{"id":107391,"date":"2017-10-14T18:41:44","date_gmt":"2017-10-14T21:41:44","guid":{"rendered":"http:\/\/senoticias.com.br\/se\/?p=107391"},"modified":"2017-10-14T21:21:26","modified_gmt":"2017-10-15T00:21:26","slug":"vasco-faz-classico-contra-botafogo-no-rio-com-torcida-de-volta-ao-estadio","status":"publish","type":"post","link":"https:\/\/senoticias.com.br\/se\/vasco-faz-classico-contra-botafogo-no-rio-com-torcida-de-volta-ao-estadio\/","title":{"rendered":"Vasco faz cl\u00e1ssico contra Botafogo no Rio com torcida de volta ao est\u00e1dio"},"content":{"rendered":"<p style=\"text-align: justify;\"><span style=\"color: #000000;\">Com a volta da torcida vasca\u00edna ao est\u00e1dio na cidade, o Vasco faz neste s\u00e1bado (14) \u00e1 noite o cl\u00e1ssico carioca da 28\u00aa rodada da s\u00e9rie A do Campeonato Brasileiro de Futebol contra o Botafogo,no Maracan\u00e3. O time dirigido por Z\u00e9 Ricardo cumpriu suspens\u00e3o de seis jogos sem torcida no Rio, devido aos tumultos ocorridos em S\u00e3o janu\u00e1rio no jogo do primeiro turno contra o Flamengo.<\/span><\/p>\n<div id=\"attachment_107392\" style=\"width: 590px\" class=\"wp-caption aligncenter\"><a href=\"http:\/\/senoticias.com.br\/se\/wp-content\/uploads\/2017\/10\/maracana-SENOTICIAS.jpg\"><img loading=\"lazy\" decoding=\"async\" aria-describedby=\"caption-attachment-107392\" class=\"size-full wp-image-107392\" src=\"http:\/\/senoticias.com.br\/se\/wp-content\/uploads\/2017\/10\/maracana-SENOTICIAS.jpg\" alt=\"Arquivo\/Tania Rego\/Ag\u00eancia Brasil\" width=\"580\" height=\"388\" srcset=\"https:\/\/senoticias.com.br\/se\/wp-content\/uploads\/2017\/10\/maracana-SENOTICIAS.jpg 580w, https:\/\/senoticias.com.br\/se\/wp-content\/uploads\/2017\/10\/maracana-SENOTICIAS-300x201.jpg 300w, https:\/\/senoticias.com.br\/se\/wp-content\/uploads\/2017\/10\/maracana-SENOTICIAS-90x60.jpg 90w, https:\/\/senoticias.com.br\/se\/wp-content\/uploads\/2017\/10\/maracana-SENOTICIAS-180x120.jpg 180w, https:\/\/senoticias.com.br\/se\/wp-content\/uploads\/2017\/10\/maracana-SENOTICIAS-95x64.jpg 95w\" sizes=\"(max-width: 580px) 100vw, 580px\" \/><\/a><p id=\"caption-attachment-107392\" class=\"wp-caption-text\">Arquivo\/Tania Rego\/Ag\u00eancia Brasil<\/p><\/div>\n<p style=\"text-align: justify;\"><span style=\"color: #000000;\">O jogo Vasco e Botafogo come\u00e7a \u00e0s 19h, e em S\u00e3o Paulo, \u00e0s 21h, o S\u00e3o Paulo enfrenta o Atl\u00e9tico Paranaense. O cl\u00e1ssico carioca dever\u00e1 levar um grande p\u00fablico ao est\u00e1dio, j\u00e1 que os dois times v\u00eam de vit\u00f3rias dif\u00edceis na rodada, ambas por 2&#215;1 e contra times catarinenses, a Chapecoense (Botafogo) e o Ava\u00ed (Vasco).<\/span><\/p>\n<p style=\"text-align: justify;\"><span style=\"color: #000000;\">Na tabela, o Botafogo leva vantagem, em 6\u00ba lugar, na zona de classifica\u00e7\u00e3o da Libertadores, com 43 pontos. O Vasco ocupa a 9\u00aa posi\u00e7\u00e3o, com 36, o que leva \u00e0 Copa Sul-Americana. Na outra partida da noite, o S\u00e3o Paulo volta a lutar para sair da zona de rebaixamento, onde ocupa a 17\u00aa posi\u00e7\u00e3o, com 31 pontos. No domingo (15) o Fluminense, 16\u00ba, com 32 pontos, tentar\u00e1 vencer o Ava\u00ed, no Maracan\u00e3, para n\u00e3o entrar no Z4.<\/span><\/p>\n<p style=\"text-align: justify;\"><span style=\"color: #000000;\">No domingo um jogo que desperta aten\u00e7\u00e3o ser\u00e1 entre o lanterna do campeonato, Atl\u00e9tico GO (26 pontos), em 20\u00ba lugar, e o Palmeiras (44), 5\u00ba colocado e que demitiu o t\u00e9cnico Cuca ap\u00f3s empatar em casa por 2&#215;2 com o Bahia, depois de estar vencendo por 2&#215;0. O mesmo Bahia, 14\u00ba colocado (32 pontos), receber\u00e1 em Salvador o l\u00edder do campeonato, Corinthians (58 pontos).<\/span><\/p>\n<p style=\"text-align: justify;\"><span style=\"color: #000000;\">A rodada completa \u00e9 a seguinte: s\u00e1bado (14): Vasco x Botafogo e S\u00e3o Paulo x Atl\u00e9tico PR; domingo (15): Fluminense x Ava\u00ed; Sport x Atl\u00e9tico MG; Atl\u00e9tico GO x Palmeiras; Chapecoense x Flamengo; Coritiba x Gr\u00eamio; Bahia x Corinthians; segunda-feira (16): Santos x Vit\u00f3ria.<\/span><\/p>\n<p style=\"text-align: justify;\"><span style=\"color: #000000;\">Classifica\u00e7\u00e3o: 1\u00ba, Corinthians (58 pontos) 2\u00ba, Santos (48); 3\u00ba, Cruzeiro, 47; 4\u00ba, Gr\u00eamio, 46; 5\u00ba, Palmeiras (44); 6\u00ba, Botafogo, 43; 7\u00ba, Flamengo, 40; 8\u00ba, Atl\u00e9tico MG (37); 9\u00ba, Vasco (36); 10\u00ba, Atl\u00e9tico PR (35);12\u00ba, Sport (33); 13\u00ba Chapecoense (32); 14\u00ba, Bahia (32); 15\u00ba Ponte Preta (32); 16\u00ba, Fluminense (32); 17\u00ba, S\u00e3o Paulo (31); 18\u00ba, Ava\u00ed (30); 19\u00ba, Coritiba (28); 20\u00ba, Atl\u00e9tico GO (26).<\/span><\/p>\n<p style=\"text-align: justify;\"><span style=\"color: #000000;\">Pela s\u00e9rie B, os jogos deste s\u00e1bado: ABC x Boa Esporte; Figueirense x Santa Cruz; Vila Nova x Goi\u00e1s; Am\u00e9rica MG x Luverdense; N\u00e1utico x Guarani; Oeste x Cear\u00e1. O l\u00edder, com 57 pontos, \u00e9 o Internacional, que venceu na ter\u00e7a-feira (9) o Brasil RS por 1&#215;0, em Porto Alegre.<\/span><\/p>\n<p style=\"text-align: justify;\"><span style=\"color: #000000;\">Em Fortaleza, come\u00e7a neste s\u00e1bado a decis\u00e3o da s\u00e9rie C do Campeonato Brasileiro, com o primeiro jogo entre Fortaleza e CSA de Alagoas, \u00e0s 19h, na Arena Castel\u00e3o. A segunda e decisiva partida est\u00e1 marcada para o pr\u00f3ximo s\u00e1bado (21), no Est\u00e1dio Rei Pel\u00e9, em Macei\u00f3, \u00e0s 18h.<\/span><\/p>\n<p style=\"text-align: justify;\"><span style=\"color: #000000;\">Em 18 jogos oficiais disputados entre as duas equipes, o CSA venceu sete, o Fortaleza tr\u00eas e houve sete empates. CSA marcou 22 gols contra 15 do Fortaleza. Na primeira faze da competi\u00e7\u00e3o, CSA venceu por 1&#215;0 em Macei\u00f3 e houve empate de 1&#215;1 em Fortaleza. Os dois times est\u00e3o classificados para a s\u00e9rie B de 2018, assim como Sampaio Corr\u00eaa, do Maranh\u00e3o, e S\u00e3o Bento de Sorocaba (SP), que tamb\u00e9m terminaram entre os quatro primeiros lugares do campeonato.<\/span><\/p>\n<p style=\"text-align: justify;\"><a href=\"http:\/\/senoticias.com.br\/se\/wp-content\/uploads\/2017\/10\/Logo-fone-1-2-1-2-4-6-1-1-1-2.jpg\"><img loading=\"lazy\" decoding=\"async\" class=\"aligncenter size-full wp-image-107378\" src=\"http:\/\/senoticias.com.br\/se\/wp-content\/uploads\/2017\/10\/Logo-fone-1-2-1-2-4-6-1-1-1-2.jpg\" alt=\"Logo-fone-1-2-1-2-4-6-1-1-1-2\" width=\"599\" height=\"78\" srcset=\"https:\/\/senoticias.com.br\/se\/wp-content\/uploads\/2017\/10\/Logo-fone-1-2-1-2-4-6-1-1-1-2.jpg 599w, https:\/\/senoticias.com.br\/se\/wp-content\/uploads\/2017\/10\/Logo-fone-1-2-1-2-4-6-1-1-1-2-300x39.jpg 300w\" sizes=\"(max-width: 599px) 100vw, 599px\" \/><\/a><\/p>\n<p>&nbsp;<\/p>\n<p>&nbsp;<\/p>\n<p><em><strong>Acompanhe tamb\u00e9m o SE Not\u00edcias no\u00a0<a href=\"https:\/\/twitter.com\/Senoticias\" target=\"_blank\">Twitter<\/a>,\u00a0<a href=\"https:\/\/www.facebook.com\/senoticias1\" target=\"_blank\">Facebook<\/a>\u00a0e no\u00a0<a href=\"https:\/\/www.instagram.com\/senoticias\/\" target=\"_blank\">Instagram<\/a><\/strong><\/em><\/p>\n<p>Por Ag\u00eancia Brasil<\/p>\n","protected":false},"excerpt":{"rendered":"<p>Com a volta da torcida vasca\u00edna ao est\u00e1dio na cidade, o Vasco faz neste s\u00e1bado (14) \u00e1 noite o cl\u00e1ssico carioca da 28\u00aa rodada da s\u00e9rie A do Campeonato Brasileiro de Futebol contra o Botafogo,no Maracan\u00e3. O time dirigido por Z\u00e9 Ricardo cumpriu suspens\u00e3o de seis jogos sem torcida no Rio, devido aos tumultos ocorridos [&hellip;]<\/p>\n","protected":false},"author":2,"featured_media":0,"comment_status":"closed","ping_status":"closed","sticky":false,"template":"","format":"standard","meta":{"footnotes":""},"categories":[26],"tags":[434,6451,3875,406,3362,433],"class_list":{"0":"post-107391","1":"post","2":"type-post","3":"status-publish","4":"format-standard","6":"category-esportes","7":"tag-botafogo","8":"tag-campeonatobrasileiro","9":"tag-esporte","10":"tag-futebol","11":"tag-maracana","12":"tag-vasco"},"_links":{"self":[{"href":"https:\/\/senoticias.com.br\/se\/wp-json\/wp\/v2\/posts\/107391"}],"collection":[{"href":"https:\/\/senoticias.com.br\/se\/wp-json\/wp\/v2\/posts"}],"about":[{"href":"https:\/\/senoticias.com.br\/se\/wp-json\/wp\/v2\/types\/post"}],"author":[{"embeddable":true,"href":"https:\/\/senoticias.com.br\/se\/wp-json\/wp\/v2\/users\/2"}],"replies":[{"embeddable":true,"href":"https:\/\/senoticias.com.br\/se\/wp-json\/wp\/v2\/comments?post=107391"}],"version-history":[{"count":0,"href":"https:\/\/senoticias.com.br\/se\/wp-json\/wp\/v2\/posts\/107391\/revisions"}],"wp:attachment":[{"href":"https:\/\/senoticias.com.br\/se\/wp-json\/wp\/v2\/media?parent=107391"}],"wp:term":[{"taxonomy":"category","embeddable":true,"href":"https:\/\/senoticias.com.br\/se\/wp-json\/wp\/v2\/categories?post=107391"},{"taxonomy":"post_tag","embeddable":true,"href":"https:\/\/senoticias.com.br\/se\/wp-json\/wp\/v2\/tags?post=107391"}],"curies":[{"name":"wp","href":"https:\/\/api.w.org\/{rel}","templated":true}]}}