{"id":107377,"date":"2017-10-13T21:06:47","date_gmt":"2017-10-14T00:06:47","guid":{"rendered":"http:\/\/senoticias.com.br\/se\/?p=107377"},"modified":"2017-10-15T18:25:57","modified_gmt":"2017-10-15T21:25:57","slug":"justica-suspende-cobranca-de-todas-as-taxas-do-detran","status":"publish","type":"post","link":"https:\/\/senoticias.com.br\/se\/justica-suspende-cobranca-de-todas-as-taxas-do-detran\/","title":{"rendered":"Justi\u00e7a suspende cobran\u00e7a de todas as taxas do Detran"},"content":{"rendered":"<p style=\"text-align: justify;\">A ju\u00edza Simone de Oliveira Fraga, da 3\u00aa Vara C\u00edvel de Aracaju, determinou a suspens\u00e3o da cobran\u00e7a das taxas do Departamento Estadual de Tr\u00e2nsito (Detran\/SE). A multa por descumprimento \u00e9 de R$ 10 mil, informa o portal Infonet.<\/p>\n<div id=\"attachment_107379\" style=\"width: 609px\" class=\"wp-caption aligncenter\"><a href=\"http:\/\/senoticias.com.br\/se\/wp-content\/uploads\/2017\/10\/Detran-taxas-senoticias-e1507939535697.jpeg\"><img loading=\"lazy\" decoding=\"async\" aria-describedby=\"caption-attachment-107379\" class=\"size-full wp-image-107379\" src=\"http:\/\/senoticias.com.br\/se\/wp-content\/uploads\/2017\/10\/Detran-taxas-senoticias-e1507939535697.jpeg\" alt=\"A decis\u00e3o ainda cabe recurso\" width=\"599\" height=\"337\" \/><\/a><p id=\"caption-attachment-107379\" class=\"wp-caption-text\">A decis\u00e3o ainda cabe recurso (foto: arquivo\/SE Not\u00edcias)<\/p><\/div>\n<p>A decis\u00e3o atende a um pedido de concess\u00e3o de limitar ajuizado pelo deputado estadual Georgeo Passos e pelo servidor p\u00fablico e suplente de vereador em Aracaju, Hebert Pereira. Eles alegaram que as taxas n\u00e3o possuem o amparo legal por n\u00e3o terem sidas criadas atrav\u00e9s de Lei, e sim por meio de Resolu\u00e7\u00e3o do Conselho Deliberativo do Detran\/SE.<\/p>\n<p style=\"text-align: justify;\"><a href=\"http:\/\/senoticias.com.br\/se\/wp-content\/uploads\/2017\/10\/Logo-fone-1-2-1-2-4-6-1-1-1-2.jpg\"><img loading=\"lazy\" decoding=\"async\" class=\"aligncenter size-full wp-image-107378\" src=\"http:\/\/senoticias.com.br\/se\/wp-content\/uploads\/2017\/10\/Logo-fone-1-2-1-2-4-6-1-1-1-2.jpg\" alt=\"Logo-fone-1-2-1-2-4-6-1-1-1-2\" width=\"599\" height=\"78\" srcset=\"https:\/\/senoticias.com.br\/se\/wp-content\/uploads\/2017\/10\/Logo-fone-1-2-1-2-4-6-1-1-1-2.jpg 599w, https:\/\/senoticias.com.br\/se\/wp-content\/uploads\/2017\/10\/Logo-fone-1-2-1-2-4-6-1-1-1-2-300x39.jpg 300w\" sizes=\"(max-width: 599px) 100vw, 599px\" \/><\/a><\/p>\n<p style=\"text-align: justify;\"><em><strong>Acompanhe tamb\u00e9m o SE Not\u00edcias no\u00a0<a href=\"https:\/\/twitter.com\/Senoticias\" target=\"_blank\">Twitter<\/a>,\u00a0<a href=\"https:\/\/www.facebook.com\/senoticias1\" target=\"_blank\">Facebook<\/a>\u00a0e no\u00a0<a href=\"https:\/\/www.instagram.com\/senoticias\/\" target=\"_blank\">Instagram<\/a><\/strong><\/em><\/p>\n","protected":false},"excerpt":{"rendered":"<p>A ju\u00edza Simone de Oliveira Fraga, da 3\u00aa Vara C\u00edvel de Aracaju, determinou a suspens\u00e3o da cobran\u00e7a das taxas do Departamento Estadual de Tr\u00e2nsito (Detran\/SE). A multa por descumprimento \u00e9 de R$ 10 mil, informa o portal Infonet. A decis\u00e3o atende a um pedido de concess\u00e3o de limitar ajuizado pelo deputado estadual Georgeo Passos e [&hellip;]<\/p>\n","protected":false},"author":2,"featured_media":107379,"comment_status":"closed","ping_status":"closed","sticky":false,"template":"","format":"standard","meta":{"footnotes":""},"categories":[15,6],"tags":[6444,2799,3204,6445],"class_list":{"0":"post-107377","1":"post","2":"type-post","3":"status-publish","4":"format-standard","5":"has-post-thumbnail","7":"category-destaques","8":"category-politica","9":"tag-cobranca","10":"tag-justica","11":"tag-suspende","12":"tag-taxas-do-detran"},"_links":{"self":[{"href":"https:\/\/senoticias.com.br\/se\/wp-json\/wp\/v2\/posts\/107377"}],"collection":[{"href":"https:\/\/senoticias.com.br\/se\/wp-json\/wp\/v2\/posts"}],"about":[{"href":"https:\/\/senoticias.com.br\/se\/wp-json\/wp\/v2\/types\/post"}],"author":[{"embeddable":true,"href":"https:\/\/senoticias.com.br\/se\/wp-json\/wp\/v2\/users\/2"}],"replies":[{"embeddable":true,"href":"https:\/\/senoticias.com.br\/se\/wp-json\/wp\/v2\/comments?post=107377"}],"version-history":[{"count":0,"href":"https:\/\/senoticias.com.br\/se\/wp-json\/wp\/v2\/posts\/107377\/revisions"}],"wp:featuredmedia":[{"embeddable":true,"href":"https:\/\/senoticias.com.br\/se\/wp-json\/wp\/v2\/media\/107379"}],"wp:attachment":[{"href":"https:\/\/senoticias.com.br\/se\/wp-json\/wp\/v2\/media?parent=107377"}],"wp:term":[{"taxonomy":"category","embeddable":true,"href":"https:\/\/senoticias.com.br\/se\/wp-json\/wp\/v2\/categories?post=107377"},{"taxonomy":"post_tag","embeddable":true,"href":"https:\/\/senoticias.com.br\/se\/wp-json\/wp\/v2\/tags?post=107377"}],"curies":[{"name":"wp","href":"https:\/\/api.w.org\/{rel}","templated":true}]}}