{"id":107373,"date":"2017-10-13T20:46:18","date_gmt":"2017-10-13T23:46:18","guid":{"rendered":"http:\/\/senoticias.com.br\/se\/?p=107373"},"modified":"2017-10-15T10:47:28","modified_gmt":"2017-10-15T13:47:28","slug":"tribunal-regional-federal-da-5a-regiao-manda-demolir-o-restaurante-corno-velho","status":"publish","type":"post","link":"https:\/\/senoticias.com.br\/se\/tribunal-regional-federal-da-5a-regiao-manda-demolir-o-restaurante-corno-velho\/","title":{"rendered":"Tribunal Regional Federal da 5\u00aa Regi\u00e3o manda demolir o Restaurante Corno Velho"},"content":{"rendered":"<p style=\"text-align: justify;\">A Primeira Turma do Tribunal Regional Federal da 5\u00aa Regi\u00e3o \u2013 TRF5 deu, por unanimidade, parcial provimento \u00e0 apela\u00e7\u00e3o do Minist\u00e9rio P\u00fablico Federal (MPF) e do Minist\u00e9rio P\u00fablico Estadual de Sergipe (MP\/SE), no sentido de condenar o Restaurante O Caranguejo MR Ltda-ME (Corno Velho), situado no munic\u00edpio de Aracaju\/SE, a reparar os danos ambientais causados no local onde o empreendimento foi edificado, nas proximidades do rio Poxim, em regi\u00e3o de manguezal, considerada \u00c1rea de Preserva\u00e7\u00e3o Permanente (APP). O restaurante deve ser desocupado e, em seguida, demolido.<\/p>\n<div id=\"attachment_107374\" style=\"width: 609px\" class=\"wp-caption aligncenter\"><a href=\"http:\/\/senoticias.com.br\/se\/wp-content\/uploads\/2017\/10\/Corno-velho-senoticias-e1507938500291.jpg\"><img loading=\"lazy\" decoding=\"async\" aria-describedby=\"caption-attachment-107374\" class=\"size-full wp-image-107374\" src=\"http:\/\/senoticias.com.br\/se\/wp-content\/uploads\/2017\/10\/Corno-velho-senoticias-e1507938500291.jpg\" alt=\"Segundo tribunal, estabelecimento foi constru\u00eddo em \u00e1rea de preserva\u00e7\u00e3o permanente.\" width=\"599\" height=\"398\" \/><\/a><p id=\"caption-attachment-107374\" class=\"wp-caption-text\">Segundo o tribunal,\u00a0Restaurante\u00a0\u00a0Corno Velho foi constru\u00eddo em \u00e1rea de preserva\u00e7\u00e3o permanente (foto: faceboock)<\/p><\/div>\n<p style=\"text-align: justify;\">De acordo com os autos, tamb\u00e9m foram condenados o munic\u00edpio de Aracaju\/SE, a Empresa Municipal de Obras e Urbaniza\u00e7\u00e3o da Prefeitura de Aracaju (Emurb), o Instituto Brasileiro do Meio Ambiente e dos Recursos Naturais Renov\u00e1veis (Ibama) e a Uni\u00e3o Federal.<\/p>\n<p style=\"text-align: justify;\">O relator da apela\u00e7\u00e3o, desembargador federal \u00c9lio Siqueira, acredita que houve, de fato, dano ambiental. \u201cO estabelecimento n\u00e3o possui licen\u00e7a para funcionar e n\u00e3o teve aprova\u00e7\u00e3o do Munic\u00edpio para a sua constru\u00e7\u00e3o, n\u00e3o atendendo \u00e0s exig\u00eancias das normas. Verificou-se, tamb\u00e9m, que o restaurante se localiza em APP, tendo em vista laudo complementar de perito bi\u00f3logo. Diante disso, comprovada a ocorr\u00eancia de danos ambientais e de irregularidades, n\u00e3o se pode omitir a responsabilidade civil pelo dano ambiental, qualquer que seja a qualifica\u00e7\u00e3o jur\u00eddica do degradador\u201d, justificou o magistrado.<\/p>\n<p style=\"text-align: justify;\">O Caranguejo (Corno Velho) \u2013 O MPF e MP\/SE ajuizaram a\u00e7\u00e3o civil p\u00fablica com o intuito de condenar o restaurante O Caranguejo e M. R. da S. \u00e0 obriga\u00e7\u00e3o de desocupar o im\u00f3vel, que est\u00e1 constru\u00eddo na rua Al\u00fa Campos, munic\u00edpio de Aracaju\/SE, e condenar J. A. S. S. a demolir o referido empreendimento, sendo respons\u00e1vel, ao t\u00e9rmino, pela retirada de todo o material resultante.<\/p>\n<p style=\"text-align: justify;\">Al\u00e9m disso, o MPF e o MP\/SE pleiteavam a solid\u00e1ria condena\u00e7\u00e3o de todos os envolvidos no processo, sendo eles, tamb\u00e9m, o munic\u00edpio de Aracaju\/SE, a Emurb, o Ibama e a Uni\u00e3o, para recuperar a \u00e1rea degrada, de modo a restituir as fun\u00e7\u00f5es ambientais do local afetado e fazer valer a absten\u00e7\u00e3o de se erguer edifica\u00e7\u00f5es \u00e0s margens do rio Poxim, sem a devida autoriza\u00e7\u00e3o.<\/p>\n<p style=\"text-align: justify;\">Constam nos autos dois laudos t\u00e9cnicos especializados de dois peritos, um engenheiro civil e um bi\u00f3logo. Nos documentos, observa-se que a amplia\u00e7\u00e3o da constru\u00e7\u00e3o foi levantada sem o licenciamento obrigat\u00f3rio dos \u00f3rg\u00e3os competentes e que o restaurante ocupa regi\u00e3o de manguezal, um ambiente com grande import\u00e2ncia para o ecossistema, por sua fun\u00e7\u00e3o de reter sedimentos e de servir como ber\u00e7\u00e1rio e fonte de alimentos para juvenis invertebrados e vertebrados.<\/p>\n<p style=\"text-align: justify;\">O Ju\u00edzo da 1\u00aa Vara Federal da Se\u00e7\u00e3o Judici\u00e1ria de Sergipe (SJSE) julgou parcialmente procedente a pretens\u00e3o do MPF e do MP\/SE. As partes, ent\u00e3o, apelaram ao TRF5. A apela\u00e7\u00e3o do MPF e do MP\/SE foi parcialmente provida. As outras apela\u00e7\u00f5es e a remessa oficial foram improvidas.<\/p>\n<p style=\"text-align: justify;\"><a href=\"http:\/\/senoticias.com.br\/se\/wp-content\/uploads\/2017\/10\/Logo-fone-1-2-1-2-4-6-1-1-1-2-1.jpg\"><img loading=\"lazy\" decoding=\"async\" class=\"aligncenter size-full wp-image-107376\" src=\"http:\/\/senoticias.com.br\/se\/wp-content\/uploads\/2017\/10\/Logo-fone-1-2-1-2-4-6-1-1-1-2-1.jpg\" alt=\"Logo-fone-1-2-1-2-4-6-1-1-1-2-1\" width=\"599\" height=\"78\" srcset=\"https:\/\/senoticias.com.br\/se\/wp-content\/uploads\/2017\/10\/Logo-fone-1-2-1-2-4-6-1-1-1-2-1.jpg 599w, https:\/\/senoticias.com.br\/se\/wp-content\/uploads\/2017\/10\/Logo-fone-1-2-1-2-4-6-1-1-1-2-1-300x39.jpg 300w\" sizes=\"(max-width: 599px) 100vw, 599px\" \/><\/a><\/p>\n<p style=\"text-align: justify;\"><em><strong>Acompanhe tamb\u00e9m o SE Not\u00edcias no\u00a0<a href=\"https:\/\/twitter.com\/Senoticias\" target=\"_blank\">Twitter<\/a>,\u00a0<a href=\"https:\/\/www.facebook.com\/senoticias1\" target=\"_blank\">Facebook<\/a>\u00a0e no\u00a0<a href=\"https:\/\/www.instagram.com\/senoticias\/\" target=\"_blank\">Instagram<\/a><\/strong><\/em><\/p>\n<p style=\"text-align: justify;\"><em>Por Ascom\/<strong class=\"txt_maiuscula\">TRF-5<\/strong><\/em><\/p>\n","protected":false},"excerpt":{"rendered":"<p>A Primeira Turma do Tribunal Regional Federal da 5\u00aa Regi\u00e3o \u2013 TRF5 deu, por unanimidade, parcial provimento \u00e0 apela\u00e7\u00e3o do Minist\u00e9rio P\u00fablico Federal (MPF) e do Minist\u00e9rio P\u00fablico Estadual de Sergipe (MP\/SE), no sentido de condenar o Restaurante O Caranguejo MR Ltda-ME (Corno Velho), situado no munic\u00edpio de Aracaju\/SE, a reparar os danos ambientais causados [&hellip;]<\/p>\n","protected":false},"author":2,"featured_media":107374,"comment_status":"closed","ping_status":"closed","sticky":false,"template":"","format":"standard","meta":{"footnotes":""},"categories":[15,6],"tags":[6441,6442,4654,6443],"class_list":{"0":"post-107373","1":"post","2":"type-post","3":"status-publish","4":"format-standard","5":"has-post-thumbnail","7":"category-destaques","8":"category-politica","9":"tag-corno-velho","10":"tag-demolir","11":"tag-justica-federal","12":"tag-secao-judiciaria-de-sergipe"},"_links":{"self":[{"href":"https:\/\/senoticias.com.br\/se\/wp-json\/wp\/v2\/posts\/107373"}],"collection":[{"href":"https:\/\/senoticias.com.br\/se\/wp-json\/wp\/v2\/posts"}],"about":[{"href":"https:\/\/senoticias.com.br\/se\/wp-json\/wp\/v2\/types\/post"}],"author":[{"embeddable":true,"href":"https:\/\/senoticias.com.br\/se\/wp-json\/wp\/v2\/users\/2"}],"replies":[{"embeddable":true,"href":"https:\/\/senoticias.com.br\/se\/wp-json\/wp\/v2\/comments?post=107373"}],"version-history":[{"count":0,"href":"https:\/\/senoticias.com.br\/se\/wp-json\/wp\/v2\/posts\/107373\/revisions"}],"wp:featuredmedia":[{"embeddable":true,"href":"https:\/\/senoticias.com.br\/se\/wp-json\/wp\/v2\/media\/107374"}],"wp:attachment":[{"href":"https:\/\/senoticias.com.br\/se\/wp-json\/wp\/v2\/media?parent=107373"}],"wp:term":[{"taxonomy":"category","embeddable":true,"href":"https:\/\/senoticias.com.br\/se\/wp-json\/wp\/v2\/categories?post=107373"},{"taxonomy":"post_tag","embeddable":true,"href":"https:\/\/senoticias.com.br\/se\/wp-json\/wp\/v2\/tags?post=107373"}],"curies":[{"name":"wp","href":"https:\/\/api.w.org\/{rel}","templated":true}]}}