{"id":107371,"date":"2017-10-13T20:14:27","date_gmt":"2017-10-13T23:14:27","guid":{"rendered":"http:\/\/senoticias.com.br\/se\/?p=107371"},"modified":"2017-10-13T20:14:27","modified_gmt":"2017-10-13T23:14:27","slug":"prefeitos-se-reunem-em-sao-cristovao-para-discutir-distribuicao-de-emendas-federais","status":"publish","type":"post","link":"https:\/\/senoticias.com.br\/se\/prefeitos-se-reunem-em-sao-cristovao-para-discutir-distribuicao-de-emendas-federais\/","title":{"rendered":"Prefeitos se re\u00fanem em S\u00e3o Crist\u00f3v\u00e3o para discutir distribui\u00e7\u00e3o de emendas federais"},"content":{"rendered":"<p style=\"text-align: justify;\">O prefeito Marcos Santana se reuniu na manh\u00e3 desta sexta-feira (13), no Centro Administrativo da Prefeitura de S\u00e3o Crist\u00f3v\u00e3o, Centro Hist\u00f3rico, com os prefeitos das cidades de Aquidab\u00e3, Boquim, Campo do Brito, Canind\u00e9 do S\u00e3o Francisco, Capela, Carira, Cristin\u00e1polis, Indiaroba, Lagarto, Maruim, Monte Alegre, Ne\u00f3polis, Propri\u00e1, Sim\u00e3o Dias, al\u00e9m do presidente da Federa\u00e7\u00e3o dos Munic\u00edpios do Estado de Sergipe (<strong>FAMES<\/strong>), Marcos Jos\u00e9 Barreto (Marcos da Acau\u00e3) e do presidente da Associa\u00e7\u00e3o dos Munic\u00edpios da regi\u00e3o Centro Sul (<strong>Amurces<\/strong>), Jos\u00e9 Ant\u00f4nio Silva Alves, o Z\u00e9 de B\u00e1. Os gestores municipais aprovaram documento denominado <strong>\u2018Carta dos Prefeitos Reunidos em S\u00e3o Crist\u00f3v\u00e3o\u2019<\/strong>, solicitando aos membros sergipanos da bancada federal que parte dos recursos das Emendas Impositivas de Bancada sejam direcionados para obras de infraestruturas, sobretudo nos munic\u00edpios com mais de 15 mil habitantes.<\/p>\n<div id=\"attachment_107372\" style=\"width: 609px\" class=\"wp-caption aligncenter\"><a href=\"http:\/\/senoticias.com.br\/se\/wp-content\/uploads\/2017\/10\/Marcos-da-Acau\u00e3.jpg\"><img loading=\"lazy\" decoding=\"async\" aria-describedby=\"caption-attachment-107372\" class=\"size-full wp-image-107372\" src=\"http:\/\/senoticias.com.br\/se\/wp-content\/uploads\/2017\/10\/Marcos-da-Acau\u00e3-e1507936122622.jpg\" alt=\" Em S\u00e3o Crist\u00f3v\u00e3o, prefeitos se mobilizam por emendas impositivas\" width=\"599\" height=\"399\" \/><\/a><p id=\"caption-attachment-107372\" class=\"wp-caption-text\"><br \/>Em S\u00e3o Crist\u00f3v\u00e3o, prefeitos se mobilizam por emendas impositivas (foto: M\u00e1rcio Garcez)<\/p><\/div>\n<p style=\"text-align: justify;\">Marcos Santana refor\u00e7ou a preocupa\u00e7\u00e3o com a arrecada\u00e7\u00e3o de 2018 e pontuou a necessidade de tratar a distribui\u00e7\u00e3o das Emendas Impositivas de Bancada destinadas aos munic\u00edpios. \u201cPrecisamos discutir o destino das nossas cidades e, sobretudo a destina\u00e7\u00e3o dessas emendas. Queremos sair daqui hoje com um documento para ser entregue \u00e0 bancada federal em Bras\u00edlia j\u00e1 na pr\u00f3xima ter\u00e7a-feira (17), solicitando a destina\u00e7\u00e3o da 2\u00ba emenda impositiva para os munic\u00edpios convidados. Esperamos sensibilizar a bancada federal e que esses munic\u00edpios tenham acesso a esses recursos t\u00e3o importantes para a realiza\u00e7\u00e3o das obras que as nossas cidades tanto necessitam\u201d, frisou <strong>Marcos Santana.<\/strong><\/p>\n<p style=\"text-align: justify;\">Para a prefeita de Capela, Silvany Sukita, cidade com 33.715 mil habitantes, a iniciativa do prefeito de S\u00e3o Crist\u00f3v\u00e3o deve ser louvada. \u201cA uni\u00e3o entre os prefeitos \u00e9 muito importante para fazer chegar \u00e0s emendas que tanto precisamos aos nossos munic\u00edpios. A atitude e a iniciativa do prefeito Marcos Santana, em nos convidar para discutir uma alternativa para os munic\u00edpios, deve ser enaltecida por todos n\u00f3s\u201d, pontuou.<\/p>\n<p style=\"text-align: justify;\">O prefeito Valmir Monteiro da cidade Lagarto que no \u00faltimo censo registrou 106.00 mil habitantes, destacou a import\u00e2ncia da reuni\u00e3o e tamb\u00e9m a uni\u00e3o entre os prefeitos, para a defesa dos interesses dos munic\u00edpios sergipanos. \u201cA import\u00e2ncia dessa reuni\u00e3o est\u00e1 em poder construir uma frente de defesa para aquilo que n\u00f3s entendemos que \u00e9 o melhor para nossas cidades, mediante ao descaso que nossos munic\u00edpios v\u00eam enfrentando por parte do Governo Federal\u201d, afirmou.<\/p>\n<p style=\"text-align: justify;\">Segundo Marival Santana, de Sim\u00e3o Dias, cidade com 40 mil habitantes, \u00e9 preciso unir for\u00e7as para pleitear conquistas para os munic\u00edpios, destacando assim o poder do encontro entre os gestores neste dia. \u201cS\u00f3 com a uni\u00e3o dos prefeitos \u00e9 que iremos colher resultados positivos para os munic\u00edpios. Talvez se essa reuni\u00e3o proposta pelo prefeito Marcos Santana tivesse acontecido antes, a gente j\u00e1 estaria colhendo o fruto dessas emendas,\u201d observou.<\/p>\n<p style=\"text-align: justify;\">Para o presidente da Federa\u00e7\u00e3o dos Munic\u00edpios, Marcos da Acau\u00e3, presente na reuni\u00e3o, os gestores municipais tem que exigir os direitos de cada munic\u00edpio. \u201cEssa reuni\u00e3o \u00e9 de fundamental import\u00e2ncia, afinal precisamos parar de pedir ajuda e exigir que os nossos direitos sejam efetivados. Os prefeitos precisam de dignidade junto \u00e0s prefeituras para resolver as necessidades da cada munic\u00edpio\u201d, finalizou.<\/p>\n<p style=\"text-align: justify;\"><a href=\"http:\/\/senoticias.com.br\/se\/wp-content\/uploads\/2017\/09\/Logo-fone-1-2-1-2-4-6-1-1-1-2-1.jpg\"><img loading=\"lazy\" decoding=\"async\" class=\"aligncenter size-full wp-image-107028\" src=\"http:\/\/senoticias.com.br\/se\/wp-content\/uploads\/2017\/09\/Logo-fone-1-2-1-2-4-6-1-1-1-2-1.jpg\" alt=\"Logo-fone-1-2-1-2-4-6-1-1-1-2\" width=\"599\" height=\"78\" srcset=\"https:\/\/senoticias.com.br\/se\/wp-content\/uploads\/2017\/09\/Logo-fone-1-2-1-2-4-6-1-1-1-2-1.jpg 599w, https:\/\/senoticias.com.br\/se\/wp-content\/uploads\/2017\/09\/Logo-fone-1-2-1-2-4-6-1-1-1-2-1-300x39.jpg 300w\" sizes=\"(max-width: 599px) 100vw, 599px\" \/><\/a><\/p>\n<p style=\"text-align: justify;\"><em><strong>Acompanhe tamb\u00e9m o SE Not\u00edcias no\u00a0<a href=\"https:\/\/twitter.com\/Senoticias\" target=\"_blank\">Twitter<\/a>,\u00a0<a href=\"https:\/\/www.facebook.com\/senoticias1\" target=\"_blank\">Facebook<\/a>\u00a0e no\u00a0<a href=\"https:\/\/www.instagram.com\/senoticias\/\" target=\"_blank\">Instagram<\/a><\/strong><\/em><\/p>\n<p style=\"text-align: justify;\"><em>Por Ascom\/PMSC<\/em><\/p>\n","protected":false},"excerpt":{"rendered":"<p>O prefeito Marcos Santana se reuniu na manh\u00e3 desta sexta-feira (13), no Centro Administrativo da Prefeitura de S\u00e3o Crist\u00f3v\u00e3o, Centro Hist\u00f3rico, com os prefeitos das cidades de Aquidab\u00e3, Boquim, Campo do Brito, Canind\u00e9 do S\u00e3o Francisco, Capela, Carira, Cristin\u00e1polis, Indiaroba, Lagarto, Maruim, Monte Alegre, Ne\u00f3polis, Propri\u00e1, Sim\u00e3o Dias, al\u00e9m do presidente da Federa\u00e7\u00e3o dos Munic\u00edpios [&hellip;]<\/p>\n","protected":false},"author":2,"featured_media":107372,"comment_status":"closed","ping_status":"closed","sticky":false,"template":"","format":"standard","meta":{"footnotes":""},"categories":[15,38],"tags":[6439,6440,1498,216,335],"class_list":{"0":"post-107371","1":"post","2":"type-post","3":"status-publish","4":"format-standard","5":"has-post-thumbnail","7":"category-destaques","8":"category-municipios","9":"tag-distribuicao","10":"tag-emendas-federais","11":"tag-marcos-santana","12":"tag-prefeitos","13":"tag-sao-cristovao"},"_links":{"self":[{"href":"https:\/\/senoticias.com.br\/se\/wp-json\/wp\/v2\/posts\/107371"}],"collection":[{"href":"https:\/\/senoticias.com.br\/se\/wp-json\/wp\/v2\/posts"}],"about":[{"href":"https:\/\/senoticias.com.br\/se\/wp-json\/wp\/v2\/types\/post"}],"author":[{"embeddable":true,"href":"https:\/\/senoticias.com.br\/se\/wp-json\/wp\/v2\/users\/2"}],"replies":[{"embeddable":true,"href":"https:\/\/senoticias.com.br\/se\/wp-json\/wp\/v2\/comments?post=107371"}],"version-history":[{"count":0,"href":"https:\/\/senoticias.com.br\/se\/wp-json\/wp\/v2\/posts\/107371\/revisions"}],"wp:featuredmedia":[{"embeddable":true,"href":"https:\/\/senoticias.com.br\/se\/wp-json\/wp\/v2\/media\/107372"}],"wp:attachment":[{"href":"https:\/\/senoticias.com.br\/se\/wp-json\/wp\/v2\/media?parent=107371"}],"wp:term":[{"taxonomy":"category","embeddable":true,"href":"https:\/\/senoticias.com.br\/se\/wp-json\/wp\/v2\/categories?post=107371"},{"taxonomy":"post_tag","embeddable":true,"href":"https:\/\/senoticias.com.br\/se\/wp-json\/wp\/v2\/tags?post=107371"}],"curies":[{"name":"wp","href":"https:\/\/api.w.org\/{rel}","templated":true}]}}