{"id":107350,"date":"2017-10-12T20:31:34","date_gmt":"2017-10-12T23:31:34","guid":{"rendered":"http:\/\/senoticias.com.br\/se\/?p=107350"},"modified":"2017-10-13T09:08:23","modified_gmt":"2017-10-13T12:08:23","slug":"prefeito-se-reune-com-presidente-da-caixa-para-viabilizar-r-50-milhoes-para-obras","status":"publish","type":"post","link":"https:\/\/senoticias.com.br\/se\/prefeito-se-reune-com-presidente-da-caixa-para-viabilizar-r-50-milhoes-para-obras\/","title":{"rendered":"Prefeito de Aracaju solicita libera\u00e7\u00e3o de R$ 50 milh\u00f5es na Caixa Econ\u00f4mica"},"content":{"rendered":"<p style=\"text-align: justify;\"><span style=\"color: #000000;\">O prefeito Edvaldo Nogueira se reuniu com o presidente da Caixa Econ\u00f4mica Federal, Gilberto Occhi, para tratar da libera\u00e7\u00e3o dos R$ 50 milh\u00f5es do programa de financiamento de contrapartidas, o Sepac. Na audi\u00eancia, que aconteceu na ter\u00e7a-feira, 10, em Bras\u00edlia, o prefeito solicitou celeridade, uma vez que os recursos servir\u00e3o para a retomada de mais de 20 obras em Aracaju. A perspectiva, de acordo com Edvaldo, \u00e9 bastante positiva.<\/span><\/p>\n<div id=\"attachment_107351\" style=\"width: 609px\" class=\"wp-caption aligncenter\"><a href=\"http:\/\/senoticias.com.br\/se\/wp-content\/uploads\/2017\/10\/edvaldo_caixa_1-e1507850999462.jpg\"><img loading=\"lazy\" decoding=\"async\" aria-describedby=\"caption-attachment-107351\" class=\"size-full wp-image-107351\" src=\"http:\/\/senoticias.com.br\/se\/wp-content\/uploads\/2017\/10\/edvaldo_caixa_1-e1507850999462.jpg\" alt=\"Foto: Assessoria Caixa\" width=\"599\" height=\"399\" \/><\/a><p id=\"caption-attachment-107351\" class=\"wp-caption-text\">Foto: Assessoria Caixa<\/p><\/div>\n<p style=\"text-align: justify;\"><span style=\"color: #000000;\">&#8220;Conversamos com o presidente da Caixa, pedimos pressa na an\u00e1lise da proposta, e ele nos informou que o empr\u00e9stimo ser\u00e1 analisado at\u00e9 o dia 25, pelo Comit\u00ea de Cr\u00e9dito do banco. Gilberto Occhi nos disse que a avalia\u00e7\u00e3o de risco da nossa proposta j\u00e1 foi feita e que o nosso pedido atende aos par\u00e2metros da Caixa. Esta reuni\u00e3o do comit\u00ea de cr\u00e9dito \u00e9 a \u00faltima inst\u00e2ncia para libera\u00e7\u00e3o do recurso. Estamos confiantes&#8221;, afirmou o prefeito. Ele participou da reuni\u00e3o acompanhado do secret\u00e1rio da Fazenda, Jefferson Passos.<\/span><\/p>\n<p style=\"text-align: justify;\"><span style=\"color: #000000;\">Segundo a prefeitura, a verba de R$ 50 milh\u00f5es servir\u00e1 de contrapartida para que a Prefeitura possa reiniciar cerca de 20 obras em Aracaju. O recurso \u00e9 necess\u00e1rio para que a gest\u00e3o possa acessar outros R$ 240 milh\u00f5es, que foram viabilizados por Edvaldo no seu mandato anterior. No \u00faltimo dia 17 de agosto, o prefeito sancionou o projeto de lei aprovado pela C\u00e2mara que permite o empr\u00e9stimo de R$ 50 milh\u00f5es.<\/span><\/p>\n<p style=\"text-align: justify;\"><span style=\"color: #000000;\">\u00a0<\/span><\/p>\n<p style=\"text-align: justify;\"><a href=\"http:\/\/senoticias.com.br\/se\/wp-content\/uploads\/2017\/09\/Logo-fone-1-2-1-2-4-6-1-1-1-2-1.jpg\"><img loading=\"lazy\" decoding=\"async\" class=\"aligncenter size-full wp-image-107028\" src=\"http:\/\/senoticias.com.br\/se\/wp-content\/uploads\/2017\/09\/Logo-fone-1-2-1-2-4-6-1-1-1-2-1.jpg\" alt=\"Logo-fone-1-2-1-2-4-6-1-1-1-2\" width=\"599\" height=\"78\" srcset=\"https:\/\/senoticias.com.br\/se\/wp-content\/uploads\/2017\/09\/Logo-fone-1-2-1-2-4-6-1-1-1-2-1.jpg 599w, https:\/\/senoticias.com.br\/se\/wp-content\/uploads\/2017\/09\/Logo-fone-1-2-1-2-4-6-1-1-1-2-1-300x39.jpg 300w\" sizes=\"(max-width: 599px) 100vw, 599px\" \/><\/a><\/p>\n<p style=\"text-align: justify;\"><em><strong>Acompanhe tamb\u00e9m o SE Not\u00edcias no\u00a0<a href=\"https:\/\/twitter.com\/Senoticias\" target=\"_blank\">Twitter<\/a>,\u00a0<a href=\"https:\/\/www.facebook.com\/senoticias1\" target=\"_blank\">Facebook<\/a>\u00a0e no\u00a0<a href=\"https:\/\/www.instagram.com\/senoticias\/\" target=\"_blank\">Instagram<\/a><\/strong><\/em><\/p>\n<p style=\"text-align: justify;\">Por AAN<\/p>\n<p style=\"text-align: justify;\">\n","protected":false},"excerpt":{"rendered":"<p>O prefeito Edvaldo Nogueira se reuniu com o presidente da Caixa Econ\u00f4mica Federal, Gilberto Occhi, para tratar da libera\u00e7\u00e3o dos R$ 50 milh\u00f5es do programa de financiamento de contrapartidas, o Sepac. Na audi\u00eancia, que aconteceu na ter\u00e7a-feira, 10, em Bras\u00edlia, o prefeito solicitou celeridade, uma vez que os recursos servir\u00e3o para a retomada de mais [&hellip;]<\/p>\n","protected":false},"author":2,"featured_media":0,"comment_status":"closed","ping_status":"closed","sticky":false,"template":"","format":"standard","meta":{"footnotes":""},"categories":[15,6],"tags":[339,1609,6416,314,3926],"class_list":{"0":"post-107350","1":"post","2":"type-post","3":"status-publish","4":"format-standard","6":"category-destaques","7":"category-politica","8":"tag-aracaju","9":"tag-caixa","10":"tag-edvaldonogueira","11":"tag-prefeito","12":"tag-recursos"},"_links":{"self":[{"href":"https:\/\/senoticias.com.br\/se\/wp-json\/wp\/v2\/posts\/107350"}],"collection":[{"href":"https:\/\/senoticias.com.br\/se\/wp-json\/wp\/v2\/posts"}],"about":[{"href":"https:\/\/senoticias.com.br\/se\/wp-json\/wp\/v2\/types\/post"}],"author":[{"embeddable":true,"href":"https:\/\/senoticias.com.br\/se\/wp-json\/wp\/v2\/users\/2"}],"replies":[{"embeddable":true,"href":"https:\/\/senoticias.com.br\/se\/wp-json\/wp\/v2\/comments?post=107350"}],"version-history":[{"count":0,"href":"https:\/\/senoticias.com.br\/se\/wp-json\/wp\/v2\/posts\/107350\/revisions"}],"wp:attachment":[{"href":"https:\/\/senoticias.com.br\/se\/wp-json\/wp\/v2\/media?parent=107350"}],"wp:term":[{"taxonomy":"category","embeddable":true,"href":"https:\/\/senoticias.com.br\/se\/wp-json\/wp\/v2\/categories?post=107350"},{"taxonomy":"post_tag","embeddable":true,"href":"https:\/\/senoticias.com.br\/se\/wp-json\/wp\/v2\/tags?post=107350"}],"curies":[{"name":"wp","href":"https:\/\/api.w.org\/{rel}","templated":true}]}}