{"id":107323,"date":"2017-10-11T16:49:31","date_gmt":"2017-10-11T19:49:31","guid":{"rendered":"http:\/\/senoticias.com.br\/se\/?p=107323"},"modified":"2017-10-11T17:05:59","modified_gmt":"2017-10-11T20:05:59","slug":"tcu-determina-bloqueio-de-bens-de-dilma-por-compra-de-pasadena","status":"publish","type":"post","link":"https:\/\/senoticias.com.br\/se\/tcu-determina-bloqueio-de-bens-de-dilma-por-compra-de-pasadena\/","title":{"rendered":"TCU determina bloqueio de bens de Dilma por compra de Pasadena"},"content":{"rendered":"<p style=\"text-align: justify;\"><span style=\"color: #000000;\">O Tribunal de Contas da Uni\u00e3o (TCU) determinou nesta quarta-feira (11) o bloqueio de bens da ex-presidente Dilma Rousseff por causa de preju\u00edzos causados na compra da refinaria de Pasadena, no Texas, pela Petrobras. Tamb\u00e9m foram bloqueados os bens do ex-ministro Antonio Palocci e do ex-presidente da Petrobras Jos\u00e9 S\u00e9rgio Gabrielli, que integravam o Conselho de Administra\u00e7\u00e3o da estatal na \u00e9poca da negocia\u00e7\u00e3o.<\/span><\/p>\n<div id=\"attachment_107324\" style=\"width: 609px\" class=\"wp-caption aligncenter\"><a href=\"http:\/\/senoticias.com.br\/se\/wp-content\/uploads\/2017\/10\/dilma-SENOTICIAS-e1507751352549.jpg\"><img loading=\"lazy\" decoding=\"async\" aria-describedby=\"caption-attachment-107324\" class=\"size-full wp-image-107324\" src=\"http:\/\/senoticias.com.br\/se\/wp-content\/uploads\/2017\/10\/dilma-SENOTICIAS-e1507751352549.jpg\" alt=\"Foto: BBC\" width=\"599\" height=\"337\" \/><\/a><p id=\"caption-attachment-107324\" class=\"wp-caption-text\">Foto: BBC<\/p><\/div>\n<p style=\"text-align: justify;\"><span style=\"color: #000000;\">Os bens ficar\u00e3o bloqueados por um ano. Segundo o TCU, a medida dever\u00e1 alcan\u00e7ar os bens considerados necess\u00e1rios para garantir o integral ressarcimento do d\u00e9bito em apura\u00e7\u00e3o, ressalvados os bens financeiros necess\u00e1rios \u00e0s suas subsist\u00eancias, inclusive tratamentos de sa\u00fade, e dos familiares deles dependentes. Dilma, Palocci e Gabrielli ainda podem recorrer da decis\u00e3o.<\/span><\/p>\n<p style=\"text-align: justify;\"><span style=\"color: #000000;\">Segundo o TCU, o preju\u00edzo com a compra de Pasadena chegou a US$ 580,4 milh\u00f5es. O relator do processo, ministro Vital do Rego, destaca que houve erro nas decis\u00f5es tomadas pelo conselho de administra\u00e7\u00e3o da Petrobras na compra da refinaria.<\/span><\/p>\n<p style=\"text-align: justify;\"><span style=\"color: #000000;\">\u201c\u00c0 primeira vista todas essas circunst\u00e2ncias poderiam indicar uma prov\u00e1vel defici\u00eancia gerencial ou at\u00e9 mesmo decis\u00f5es tomadas com base em cen\u00e1rios pertinentes, mas que n\u00e3o se realizaram. No entanto, o aprofundamento das apura\u00e7\u00f5es e toda a documenta\u00e7\u00e3o aqui carreada indicam m\u00e1 gest\u00e3o proposital com a finalidade de encobrir desvios\u201d, argumentou o ministro.<\/span><\/p>\n<p style=\"text-align: justify;\"><span style=\"color: #000000;\">Em agosto, o TCU havia condenado Gabrielli e o ex-diretor da \u00c1rea Internacional da Petrobras Nestor Cerver\u00f3 a pagar US$ 79,89 milh\u00f5es em conjunto, mais R$ 10 milh\u00f5es cada em multas, al\u00e9m de ficar inabilitados para exercer cargo p\u00fablico por oito anos.<\/span><\/p>\n<p style=\"text-align: justify;\"><span style=\"color: #000000;\">Em 2006, a Petrobras comprou 50% da Refinaria de Pasadena por US$ 360 milh\u00f5es. Por causa das cl\u00e1usulas do contrato, a estatal foi obrigada a comprar toda a unidade, o que resultou em um gasto total de US$ 1,18 bilh\u00e3o. A compra foi aprovada por unanimidade pelo Conselho de Administra\u00e7\u00e3o da Petrobras.<\/span><\/p>\n<p style=\"text-align: justify;\"><span style=\"color: #000000;\">A assessoria da ex-presidente Dilma ainda n\u00e3o se manifestou sobre a decis\u00e3o do TCU.<\/span><\/p>\n<p style=\"text-align: justify;\"><a href=\"http:\/\/senoticias.com.br\/se\/wp-content\/uploads\/2017\/09\/Logo-fone-1-2-1-2-4-6-1-1-1-2-1.jpg\"><img loading=\"lazy\" decoding=\"async\" class=\"aligncenter size-full wp-image-107028\" src=\"http:\/\/senoticias.com.br\/se\/wp-content\/uploads\/2017\/09\/Logo-fone-1-2-1-2-4-6-1-1-1-2-1.jpg\" alt=\"Logo-fone-1-2-1-2-4-6-1-1-1-2\" width=\"599\" height=\"78\" srcset=\"https:\/\/senoticias.com.br\/se\/wp-content\/uploads\/2017\/09\/Logo-fone-1-2-1-2-4-6-1-1-1-2-1.jpg 599w, https:\/\/senoticias.com.br\/se\/wp-content\/uploads\/2017\/09\/Logo-fone-1-2-1-2-4-6-1-1-1-2-1-300x39.jpg 300w\" sizes=\"(max-width: 599px) 100vw, 599px\" \/><\/a><\/p>\n<p style=\"text-align: justify;\"><em><strong>Acompanhe tamb\u00e9m o SE Not\u00edcias no\u00a0<a href=\"https:\/\/twitter.com\/Senoticias\" target=\"_blank\">Twitter<\/a>,\u00a0<a href=\"https:\/\/www.facebook.com\/senoticias1\" target=\"_blank\">Facebook<\/a>\u00a0e no\u00a0<a href=\"https:\/\/www.instagram.com\/senoticias\/\" target=\"_blank\">Instagram<\/a><\/strong><\/em><\/p>\n<p style=\"text-align: justify;\">Por Ag\u00eancia Brasil<\/p>\n","protected":false},"excerpt":{"rendered":"<p>O Tribunal de Contas da Uni\u00e3o (TCU) determinou nesta quarta-feira (11) o bloqueio de bens da ex-presidente Dilma Rousseff por causa de preju\u00edzos causados na compra da refinaria de Pasadena, no Texas, pela Petrobras. Tamb\u00e9m foram bloqueados os bens do ex-ministro Antonio Palocci e do ex-presidente da Petrobras Jos\u00e9 S\u00e9rgio Gabrielli, que integravam o Conselho [&hellip;]<\/p>\n","protected":false},"author":2,"featured_media":0,"comment_status":"closed","ping_status":"closed","sticky":false,"template":"","format":"standard","meta":{"footnotes":""},"categories":[2961],"tags":[91,4334,6392,629,6391,6390],"class_list":{"0":"post-107323","1":"post","2":"type-post","3":"status-publish","4":"format-standard","6":"category-nacional","7":"tag-dilma","8":"tag-palocci","9":"tag-pasadena","10":"tag-petrobras","11":"tag-tcu","12":"tag-tribunaldecontas"},"_links":{"self":[{"href":"https:\/\/senoticias.com.br\/se\/wp-json\/wp\/v2\/posts\/107323"}],"collection":[{"href":"https:\/\/senoticias.com.br\/se\/wp-json\/wp\/v2\/posts"}],"about":[{"href":"https:\/\/senoticias.com.br\/se\/wp-json\/wp\/v2\/types\/post"}],"author":[{"embeddable":true,"href":"https:\/\/senoticias.com.br\/se\/wp-json\/wp\/v2\/users\/2"}],"replies":[{"embeddable":true,"href":"https:\/\/senoticias.com.br\/se\/wp-json\/wp\/v2\/comments?post=107323"}],"version-history":[{"count":0,"href":"https:\/\/senoticias.com.br\/se\/wp-json\/wp\/v2\/posts\/107323\/revisions"}],"wp:attachment":[{"href":"https:\/\/senoticias.com.br\/se\/wp-json\/wp\/v2\/media?parent=107323"}],"wp:term":[{"taxonomy":"category","embeddable":true,"href":"https:\/\/senoticias.com.br\/se\/wp-json\/wp\/v2\/categories?post=107323"},{"taxonomy":"post_tag","embeddable":true,"href":"https:\/\/senoticias.com.br\/se\/wp-json\/wp\/v2\/tags?post=107323"}],"curies":[{"name":"wp","href":"https:\/\/api.w.org\/{rel}","templated":true}]}}