{"id":107304,"date":"2017-10-11T06:25:11","date_gmt":"2017-10-11T09:25:11","guid":{"rendered":"http:\/\/senoticias.com.br\/se\/?p=107304"},"modified":"2017-10-11T06:25:11","modified_gmt":"2017-10-11T09:25:11","slug":"dia-mundial-de-combate-a-obesidade-doenca-atinge-um-a-cada-cinco-brasileiros","status":"publish","type":"post","link":"https:\/\/senoticias.com.br\/se\/dia-mundial-de-combate-a-obesidade-doenca-atinge-um-a-cada-cinco-brasileiros\/","title":{"rendered":"Dia Mundial de Combate \u00e0 Obesidade: doen\u00e7a atinge um a cada cinco brasileiros"},"content":{"rendered":"<p style=\"text-align: justify;\">Na semana do Dia Mundial de Combate \u00e0 Obesidade, em 11 de outubro, diversas entidades, como a Organiza\u00e7\u00e3o das Na\u00e7\u00f5es, procuram chamar a aten\u00e7\u00e3o para a doen\u00e7a que pode colaborar para o aumento da preval\u00eancia de diabetes e hipertens\u00e3o, al\u00e9m de diversas doen\u00e7as cr\u00f4nicas n\u00e3o transmiss\u00edveis, podendo levar at\u00e9 a morte.<\/p>\n<div id=\"attachment_107305\" style=\"width: 609px\" class=\"wp-caption aligncenter\"><a href=\"http:\/\/senoticias.com.br\/se\/wp-content\/uploads\/2017\/10\/DIA-MUNDIAL-DA-OBESIDADE-SENOTICIAS-e1507713459963.jpg\"><img loading=\"lazy\" decoding=\"async\" aria-describedby=\"caption-attachment-107305\" class=\"size-full wp-image-107305\" src=\"http:\/\/senoticias.com.br\/se\/wp-content\/uploads\/2017\/10\/DIA-MUNDIAL-DA-OBESIDADE-SENOTICIAS-e1507713459963.jpg\" alt=\"Data \u00e9 lembrada nesta quarta-feira (11). Em dez anos a obesidade cresceu 60% no Brasil, segundo pesquisa do Minist\u00e9rio da Sa\u00fade\" width=\"599\" height=\"398\" \/><\/a><p id=\"caption-attachment-107305\" class=\"wp-caption-text\">Data \u00e9 lembrada nesta quarta-feira (11). Em dez anos a obesidade cresceu 60% no Brasil, segundo pesquisa do Minist\u00e9rio da Sa\u00fade (foto:\u00a0 Shutterstock\/divulga\u00e7\u00e3o)<\/p><\/div>\n<p style=\"text-align: justify;\">O \u00edndice de brasileiros acima do peso segue em ascens\u00e3o, mais da metade de popula\u00e7\u00e3o est\u00e1 nesta categoria (52,5%) e destes, 17,9% s\u00e3o obesos, fatia que se manteve est\u00e1vel nos \u00faltimos anos, segundo a pesquisa mais recente do Minist\u00e9rio da Sa\u00fade, a Vigitel 2016. Em apenas 10 anos, a obesidade cresceu 60% no Brasil e j\u00e1 atinge um a cada cinco brasileiros.<\/p>\n<p style=\"text-align: justify;\">Caracterizada pelo sobrepeso e pelas mudan\u00e7as hormonais, dentre os fatores que causam a obesidade est\u00e3o os nutricionais, fisiol\u00f3gicos, gen\u00e9ticos, psiqui\u00e1tricos e psicol\u00f3gicos, comportamentais e ambientais, trata-se de uma doen\u00e7a multifatorial.<\/p>\n<p style=\"text-align: justify;\">De acordo com um dos especialistas mais reconhecidos no Brasil nos estudos sobre obesidade, o m\u00e9dico Fl\u00e1vio Cadegiani, o tratamento muitas vezes \u00e9 comprometido por quest\u00f5es sociais. &#8220;A sociedade ainda trata esta doen\u00e7a como se fosse uma frescura e ainda enxerga a doen\u00e7a com preconceito, e isso \u00e9 uma das grandes causas de estarmos perdendo esta guerra para a obesidade&#8221;, enfatiza o endocrinologista.<\/p>\n<p style=\"text-align: justify;\">&#8220;Apesar de pesquisas terem evolu\u00eddo muito para atender a obesidade, falta colocar tudo isso em pr\u00e1tica. A obesidade n\u00e3o \u00e9 tratada apenas com medicamento, precisa de um atendimento multidisciplinar \u2013 com acompanhamento psicol\u00f3gico e pr\u00e1tica de atividade f\u00edsica, al\u00e9m de uma alimenta\u00e7\u00e3o orientada por profissional&#8221;, dep\u00f5e o m\u00e9dico sobre o tratamento da doen\u00e7a.<\/p>\n<p style=\"text-align: justify;\"><a href=\"http:\/\/senoticias.com.br\/se\/wp-content\/uploads\/2017\/09\/Logo-fone-1-2-1-2-4-6-1-1-1-2-1.jpg\"><img loading=\"lazy\" decoding=\"async\" class=\"aligncenter size-full wp-image-107028\" src=\"http:\/\/senoticias.com.br\/se\/wp-content\/uploads\/2017\/09\/Logo-fone-1-2-1-2-4-6-1-1-1-2-1.jpg\" alt=\"Logo-fone-1-2-1-2-4-6-1-1-1-2\" width=\"599\" height=\"78\" srcset=\"https:\/\/senoticias.com.br\/se\/wp-content\/uploads\/2017\/09\/Logo-fone-1-2-1-2-4-6-1-1-1-2-1.jpg 599w, https:\/\/senoticias.com.br\/se\/wp-content\/uploads\/2017\/09\/Logo-fone-1-2-1-2-4-6-1-1-1-2-1-300x39.jpg 300w\" sizes=\"(max-width: 599px) 100vw, 599px\" \/><\/a><\/p>\n<p style=\"text-align: justify;\">\n<p style=\"text-align: justify;\"><em><strong>Acompanhe tamb\u00e9m o SE Not\u00edcias no\u00a0<a href=\"https:\/\/twitter.com\/Senoticias\" target=\"_blank\">Twitter<\/a>,\u00a0<a href=\"https:\/\/www.facebook.com\/senoticias1\" target=\"_blank\">Facebook<\/a>\u00a0e no\u00a0<a href=\"https:\/\/www.instagram.com\/senoticias\/\" target=\"_blank\">Instagram<\/a><\/strong><\/em><\/p>\n<p style=\"text-align: justify;\"><em>por\u00a0Grupo Objetiva Comunica\u00e7\u00e3o<\/em><\/p>\n<p style=\"text-align: justify;\">\n","protected":false},"excerpt":{"rendered":"<p>Na semana do Dia Mundial de Combate \u00e0 Obesidade, em 11 de outubro, diversas entidades, como a Organiza\u00e7\u00e3o das Na\u00e7\u00f5es, procuram chamar a aten\u00e7\u00e3o para a doen\u00e7a que pode colaborar para o aumento da preval\u00eancia de diabetes e hipertens\u00e3o, al\u00e9m de diversas doen\u00e7as cr\u00f4nicas n\u00e3o transmiss\u00edveis, podendo levar at\u00e9 a morte. O \u00edndice de brasileiros [&hellip;]<\/p>\n","protected":false},"author":2,"featured_media":107305,"comment_status":"closed","ping_status":"closed","sticky":false,"template":"","format":"standard","meta":{"footnotes":""},"categories":[15],"tags":[2740,6376,6377,544,6190],"class_list":{"0":"post-107304","1":"post","2":"type-post","3":"status-publish","4":"format-standard","5":"has-post-thumbnail","7":"category-destaques","8":"tag-brasileiros","9":"tag-dia-mundial-de-combate-a-obesidade","10":"tag-flavio-cadegiani","11":"tag-ministerio-da-saude","12":"tag-obesidade"},"_links":{"self":[{"href":"https:\/\/senoticias.com.br\/se\/wp-json\/wp\/v2\/posts\/107304"}],"collection":[{"href":"https:\/\/senoticias.com.br\/se\/wp-json\/wp\/v2\/posts"}],"about":[{"href":"https:\/\/senoticias.com.br\/se\/wp-json\/wp\/v2\/types\/post"}],"author":[{"embeddable":true,"href":"https:\/\/senoticias.com.br\/se\/wp-json\/wp\/v2\/users\/2"}],"replies":[{"embeddable":true,"href":"https:\/\/senoticias.com.br\/se\/wp-json\/wp\/v2\/comments?post=107304"}],"version-history":[{"count":0,"href":"https:\/\/senoticias.com.br\/se\/wp-json\/wp\/v2\/posts\/107304\/revisions"}],"wp:featuredmedia":[{"embeddable":true,"href":"https:\/\/senoticias.com.br\/se\/wp-json\/wp\/v2\/media\/107305"}],"wp:attachment":[{"href":"https:\/\/senoticias.com.br\/se\/wp-json\/wp\/v2\/media?parent=107304"}],"wp:term":[{"taxonomy":"category","embeddable":true,"href":"https:\/\/senoticias.com.br\/se\/wp-json\/wp\/v2\/categories?post=107304"},{"taxonomy":"post_tag","embeddable":true,"href":"https:\/\/senoticias.com.br\/se\/wp-json\/wp\/v2\/tags?post=107304"}],"curies":[{"name":"wp","href":"https:\/\/api.w.org\/{rel}","templated":true}]}}