{"id":107170,"date":"2017-10-05T14:19:13","date_gmt":"2017-10-05T17:19:13","guid":{"rendered":"http:\/\/senoticias.com.br\/se\/?p=107170"},"modified":"2017-10-05T16:25:12","modified_gmt":"2017-10-05T19:25:12","slug":"quinto-lote-de-restituicao-do-imposto-de-renda-abre-para-consulta-na-segunda","status":"publish","type":"post","link":"https:\/\/senoticias.com.br\/se\/quinto-lote-de-restituicao-do-imposto-de-renda-abre-para-consulta-na-segunda\/","title":{"rendered":"Quinto lote de restitui\u00e7\u00e3o do Imposto de Renda abre para consulta na segunda"},"content":{"rendered":"<p style=\"text-align: justify;\"><span style=\"color: #000000;\">A Receita Federal abre na pr\u00f3xima segunda-feira (9) as consultas ao quinto lote de Restitui\u00e7\u00e3o de Imposto de Renda da Pessoa F\u00edsica (IRPF) de 2017. O lote contempla mais de 2,3 milh\u00f5es de contribuintes, com libera\u00e7\u00e3o de R$ 2,8 bilh\u00f5es. O cr\u00e9dito ser\u00e1 realizado no pr\u00f3ximo dia 16.<\/span><\/p>\n<p style=\"text-align: justify;\"><span style=\"color: #000000;\">Tamb\u00e9m ser\u00e1 liberada restitui\u00e7\u00e3o residual dos exerc\u00edcios de 2008 a 2016, totalizando mais de 2,4 milh\u00f5es de contribuintes, no valor de R$ 3 bilh\u00f5es.<\/span><\/p>\n<div id=\"attachment_107171\" style=\"width: 590px\" class=\"wp-caption aligncenter\"><a href=\"http:\/\/senoticias.com.br\/se\/wp-content\/uploads\/2017\/10\/receita-SENOTICIAS.jpg\"><img loading=\"lazy\" decoding=\"async\" aria-describedby=\"caption-attachment-107171\" class=\"size-full wp-image-107171\" src=\"http:\/\/senoticias.com.br\/se\/wp-content\/uploads\/2017\/10\/receita-SENOTICIAS.jpg\" alt=\"Marcello Casal Jr.\/Ag\u00eancia Brasil\" width=\"580\" height=\"388\" srcset=\"https:\/\/senoticias.com.br\/se\/wp-content\/uploads\/2017\/10\/receita-SENOTICIAS.jpg 580w, https:\/\/senoticias.com.br\/se\/wp-content\/uploads\/2017\/10\/receita-SENOTICIAS-300x201.jpg 300w, https:\/\/senoticias.com.br\/se\/wp-content\/uploads\/2017\/10\/receita-SENOTICIAS-90x60.jpg 90w, https:\/\/senoticias.com.br\/se\/wp-content\/uploads\/2017\/10\/receita-SENOTICIAS-180x120.jpg 180w, https:\/\/senoticias.com.br\/se\/wp-content\/uploads\/2017\/10\/receita-SENOTICIAS-95x64.jpg 95w\" sizes=\"(max-width: 580px) 100vw, 580px\" \/><\/a><p id=\"caption-attachment-107171\" class=\"wp-caption-text\">Marcello Casal Jr.\/Ag\u00eancia Brasil<\/p><\/div>\n<p style=\"text-align: justify;\"><span style=\"color: #000000;\">Desse total, R$ 99,289 milh\u00f5es referem-se aos contribuintes com prioridade no recebimento: 22.351 idosos e 2.849 contribuintes com alguma defici\u00eancia f\u00edsica, mental ou doen\u00e7a grave.<\/span><\/p>\n<p style=\"text-align: justify;\"><span style=\"color: #000000;\">Para saber se teve a declara\u00e7\u00e3o liberada, o contribuinte dever\u00e1 acessar a p\u00e1gina da Receita na Internet, ou ligar para o Receitafone 146. Na consulta \u00e0 p\u00e1gina da Receita, servi\u00e7o e-CAC, \u00e9 poss\u00edvel acessar o extrato da declara\u00e7\u00e3o e ver se h\u00e1 inconsist\u00eancias de dados identificadas pelo processamento. Nesta hip\u00f3tese, o contribuinte pode avaliar as inconsist\u00eancias e fazer a autorregulariza\u00e7\u00e3o, mediante entrega de declara\u00e7\u00e3o retificadora.<\/span><\/p>\n<p style=\"text-align: justify;\"><span style=\"color: #000000;\">A Receita disponibiliza, ainda, aplicativo para tablets e smartphone que facilita consulta \u00e0s declara\u00e7\u00f5es do IRPF e situa\u00e7\u00e3o cadastral no CPF.<\/span><\/p>\n<p style=\"text-align: justify;\"><span style=\"color: #000000;\">A restitui\u00e7\u00e3o ficar\u00e1 dispon\u00edvel no banco durante um ano. Se o contribuinte n\u00e3o fizer o resgate nesse prazo, dever\u00e1 fazer requerimento por meio da Internet, mediante o Formul\u00e1rio Eletr\u00f4nico &#8211; Pedido de Pagamento de Restitui\u00e7\u00e3o, ou diretamente no e-CAC, no servi\u00e7o Extrato do Processamento da DIRPF.<\/span><\/p>\n<p style=\"text-align: justify;\"><span style=\"color: #000000;\">Caso o valor n\u00e3o seja creditado, o contribuinte poder\u00e1 contatar pessoalmente qualquer ag\u00eancia do BB ou ligar para a Central de Atendimento por meio do telefone 4004-0001 (capitais), 0800-729-0001 (demais localidades) e 0800-729-0088 (telefone especial exclusivo para deficientes auditivos) para agendar o cr\u00e9dito em conta-corrente ou poupan\u00e7a, em seu nome, em qualquer banco.<\/span><\/p>\n<p style=\"text-align: justify;\"><a href=\"http:\/\/senoticias.com.br\/se\/wp-content\/uploads\/2017\/09\/Logo-fone-1-2-1-2-4-6-1-1-1-2-1.jpg\"><img loading=\"lazy\" decoding=\"async\" class=\"aligncenter size-full wp-image-107028\" src=\"http:\/\/senoticias.com.br\/se\/wp-content\/uploads\/2017\/09\/Logo-fone-1-2-1-2-4-6-1-1-1-2-1.jpg\" alt=\"Logo-fone-1-2-1-2-4-6-1-1-1-2\" width=\"599\" height=\"78\" srcset=\"https:\/\/senoticias.com.br\/se\/wp-content\/uploads\/2017\/09\/Logo-fone-1-2-1-2-4-6-1-1-1-2-1.jpg 599w, https:\/\/senoticias.com.br\/se\/wp-content\/uploads\/2017\/09\/Logo-fone-1-2-1-2-4-6-1-1-1-2-1-300x39.jpg 300w\" sizes=\"(max-width: 599px) 100vw, 599px\" \/><\/a><\/p>\n<p style=\"text-align: justify;\"><em><strong>Acompanhe tamb\u00e9m o SE Not\u00edcias no<\/strong><strong>\u00a0<\/strong><strong><a href=\"https:\/\/twitter.com\/Senoticias\">Twitter<\/a>,<\/strong><strong>\u00a0<\/strong><strong><a href=\"https:\/\/www.facebook.com\/senoticias1\">Facebook<\/a><\/strong><strong>\u00a0<\/strong><strong>e no<\/strong><a href=\"https:\/\/www.instagram.com\/senoticias\/\"><strong>\u00a0<\/strong><strong>Instagram<\/strong><\/a><\/em><\/p>\n<p style=\"text-align: justify;\"><em>Por Ag\u00eancia Brasil<\/em><\/p>\n","protected":false},"excerpt":{"rendered":"<p>A Receita Federal abre na pr\u00f3xima segunda-feira (9) as consultas ao quinto lote de Restitui\u00e7\u00e3o de Imposto de Renda da Pessoa F\u00edsica (IRPF) de 2017. O lote contempla mais de 2,3 milh\u00f5es de contribuintes, com libera\u00e7\u00e3o de R$ 2,8 bilh\u00f5es. O cr\u00e9dito ser\u00e1 realizado no pr\u00f3ximo dia 16. Tamb\u00e9m ser\u00e1 liberada restitui\u00e7\u00e3o residual dos exerc\u00edcios [&hellip;]<\/p>\n","protected":false},"author":2,"featured_media":0,"comment_status":"closed","ping_status":"closed","sticky":false,"template":"","format":"standard","meta":{"footnotes":""},"categories":[2961],"tags":[370,3027,3205,6270,5104,3587,1612],"class_list":{"0":"post-107170","1":"post","2":"type-post","3":"status-publish","4":"format-standard","6":"category-nacional","7":"tag-brasil","8":"tag-emprego","9":"tag-impostoderenda","10":"tag-lote","11":"tag-receitafederal","12":"tag-restituicao","13":"tag-trabalho"},"_links":{"self":[{"href":"https:\/\/senoticias.com.br\/se\/wp-json\/wp\/v2\/posts\/107170"}],"collection":[{"href":"https:\/\/senoticias.com.br\/se\/wp-json\/wp\/v2\/posts"}],"about":[{"href":"https:\/\/senoticias.com.br\/se\/wp-json\/wp\/v2\/types\/post"}],"author":[{"embeddable":true,"href":"https:\/\/senoticias.com.br\/se\/wp-json\/wp\/v2\/users\/2"}],"replies":[{"embeddable":true,"href":"https:\/\/senoticias.com.br\/se\/wp-json\/wp\/v2\/comments?post=107170"}],"version-history":[{"count":0,"href":"https:\/\/senoticias.com.br\/se\/wp-json\/wp\/v2\/posts\/107170\/revisions"}],"wp:attachment":[{"href":"https:\/\/senoticias.com.br\/se\/wp-json\/wp\/v2\/media?parent=107170"}],"wp:term":[{"taxonomy":"category","embeddable":true,"href":"https:\/\/senoticias.com.br\/se\/wp-json\/wp\/v2\/categories?post=107170"},{"taxonomy":"post_tag","embeddable":true,"href":"https:\/\/senoticias.com.br\/se\/wp-json\/wp\/v2\/tags?post=107170"}],"curies":[{"name":"wp","href":"https:\/\/api.w.org\/{rel}","templated":true}]}}