{"id":107169,"date":"2017-10-05T13:29:06","date_gmt":"2017-10-05T16:29:06","guid":{"rendered":"http:\/\/senoticias.com.br\/se\/?p=107169"},"modified":"2017-10-05T13:33:25","modified_gmt":"2017-10-05T16:33:25","slug":"correios-divulgam-edital-de-concurso-para-88-vagas-iades-e-a-organizadora","status":"publish","type":"post","link":"https:\/\/senoticias.com.br\/se\/correios-divulgam-edital-de-concurso-para-88-vagas-iades-e-a-organizadora\/","title":{"rendered":"Correios divulgam edital de concurso para 88 vagas; Iades \u00e9 a organizadora"},"content":{"rendered":"<div id=\"attachment_82354\" style=\"width: 326px\" class=\"wp-caption alignright\"><a href=\"http:\/\/senoticias.com.br\/se\/wp-content\/uploads\/2015\/07\/correios.jpg\"><img loading=\"lazy\" decoding=\"async\" aria-describedby=\"caption-attachment-82354\" class=\"size-full wp-image-82354\" src=\"http:\/\/senoticias.com.br\/se\/wp-content\/uploads\/2015\/07\/correios.jpg\" alt=\"argos s\u00e3o de n\u00edveis m\u00e9dio e superior; sal\u00e1rios chegam a R$ 4,9 mil. (Foto: Divulga\u00e7\u00e3o)\" width=\"316\" height=\"236\" srcset=\"https:\/\/senoticias.com.br\/se\/wp-content\/uploads\/2015\/07\/correios.jpg 316w, https:\/\/senoticias.com.br\/se\/wp-content\/uploads\/2015\/07\/correios-300x224.jpg 300w, https:\/\/senoticias.com.br\/se\/wp-content\/uploads\/2015\/07\/correios-60x45.jpg 60w, https:\/\/senoticias.com.br\/se\/wp-content\/uploads\/2015\/07\/correios-150x113.jpg 150w, https:\/\/senoticias.com.br\/se\/wp-content\/uploads\/2015\/07\/correios-269x201.jpg 269w\" sizes=\"(max-width: 316px) 100vw, 316px\" \/><\/a><p id=\"caption-attachment-82354\" class=\"wp-caption-text\">Cargos s\u00e3o de n\u00edveis m\u00e9dio e superior; sal\u00e1rios chegam a R$ 4,9 mil. (Foto: Divulga\u00e7\u00e3o)<\/p><\/div>\n<p style=\"text-align: justify;\">Os Correios divulgaram nesta quinta-feira (5) edital de concurso p\u00fablico para 88 vagas e forma\u00e7\u00e3o de cadastro de reserva em cargos de n\u00edveis m\u00e9dio\/ t\u00e9cnico e superior. Os sal\u00e1rios v\u00e3o de R$ 1.876,43 a R$ 4.903,05. O Instituto Americano de Desenvolvimento (Iades) \u00e9 a organizadora respons\u00e1vel pela sele\u00e7\u00e3o.<\/p>\n<p style=\"text-align: justify;\">Os cargos de n\u00edvel superior s\u00e3o para enfermeiro do trabalho j\u00fanior, engenheiro de seguran\u00e7a do trabalho e m\u00e9dico do trabalho j\u00fanior.<\/p>\n<p style=\"text-align: justify;\">As vagas de n\u00edvel m\u00e9dio s\u00e3o para auxiliar de enfermagem do trabalho e t\u00e9cnico de seguran\u00e7a do trabalho.<\/p>\n<p style=\"text-align: justify;\">Do total das oportunidades, 10% s\u00e3o reservadas para pessoas com defici\u00eancia e 20% para negros.<\/p>\n<p style=\"text-align: justify;\">As inscri\u00e7\u00f5es devem ser feitas de 9 a 20 de outubro pelo site<strong> www.iades.com.br<\/strong>. A taxa \u00e9 de R$ 50 para n\u00edvel m\u00e9dio e R$ 70 para n\u00edvel superior.<\/p>\n<p style=\"text-align: justify;\">As oportunidades s\u00e3o para Bras\u00edlia, Rio Branco, Macei\u00f3, Manaus, Macap\u00e1, Salvador, Fortaleza, Vit\u00f3ria, Goi\u00e2nia, S\u00e3o Lu\u00eds, Belo Horizonte, Campo Grande, Bel\u00e9m, Jo\u00e3o Pessoa, Recife, Teresina, Curitiba, Rio de Janeiro, Natal, Porto Velho, Boa Vista, Porto Alegre, S\u00e3o Jos\u00e9 (SC), Aracaju, Bauru (SP), S\u00e3o Paulo e Palmas. N\u00e3o h\u00e1 vagas para o estado do Mato Grosso.<\/p>\n<p style=\"text-align: justify;\">A prova est\u00e1 prevista para o dia 26 de novembro, no turno da tarde, e ter\u00e3o dura\u00e7\u00e3o de quatro horas.<\/p>\n<p style=\"text-align: justify;\">Segundo os Correios, a sele\u00e7\u00e3o tem como objetivo repor o quadro de profissionais t\u00e9cnico-especializados, em cumprimento \u00e0s exig\u00eancias de norma regulamentadora do Minist\u00e9rio do Trabalho. Essa norma estabelece, dentre outros crit\u00e9rios, a exig\u00eancia legal m\u00ednima de um quantitativo de cargos para compor o SESMT (Servi\u00e7o Especializado em Seguran\u00e7a e Medicina do Trabalho) da empresa.<\/p>\n<p style=\"text-align: justify;\"><strong>Greve<\/strong><\/p>\n<p style=\"text-align: justify;\">Os Correios est\u00e3o em greve desde o dia 20 de setembro. Na quarta-feira (4), o Tribunal Superior do Trabalho (TST) apresentou proposta de acordo coletivo para os funcion\u00e1rios. Os Correios informaram que aceitaram a proposta e que aguardam a decis\u00e3o dos trabalhadores sobre o assunto.<\/p>\n<p style=\"text-align: justify;\">As federa\u00e7\u00f5es que representam os trabalhadores dos Correios ter\u00e3o 48 horas para decidir se aceitam ou n\u00e3o a proposta. Veja os principais termos: reajuste de 2,07% (INPC) nos sal\u00e1rios e benef\u00edcios retroativo ao m\u00eas de agosto deste ano compensa\u00e7\u00e3o de 64 horas e desconto dos demais dias de aus\u00eancia manuten\u00e7\u00e3o de cl\u00e1usulas sociais no acordo.<\/p>\n<p style=\"text-align: justify;\"><a href=\"http:\/\/senoticias.com.br\/se\/wp-content\/uploads\/2017\/09\/Logo-fone-1-2-1-2-4-6-1-1-1-2-1.jpg\"><img loading=\"lazy\" decoding=\"async\" class=\"aligncenter size-full wp-image-107028\" src=\"http:\/\/senoticias.com.br\/se\/wp-content\/uploads\/2017\/09\/Logo-fone-1-2-1-2-4-6-1-1-1-2-1.jpg\" alt=\"Logo-fone-1-2-1-2-4-6-1-1-1-2\" width=\"599\" height=\"78\" srcset=\"https:\/\/senoticias.com.br\/se\/wp-content\/uploads\/2017\/09\/Logo-fone-1-2-1-2-4-6-1-1-1-2-1.jpg 599w, https:\/\/senoticias.com.br\/se\/wp-content\/uploads\/2017\/09\/Logo-fone-1-2-1-2-4-6-1-1-1-2-1-300x39.jpg 300w\" sizes=\"(max-width: 599px) 100vw, 599px\" \/><\/a><\/p>\n<p style=\"text-align: justify;\"><em><strong>Acompanhe tamb\u00e9m o SE Not\u00edcias no<\/strong><strong>\u00a0<\/strong><strong><a href=\"https:\/\/twitter.com\/Senoticias\">Twitter<\/a>,<\/strong><strong>\u00a0<\/strong><strong><a href=\"https:\/\/www.facebook.com\/senoticias1\">Facebook<\/a><\/strong><strong>\u00a0<\/strong><strong>e no<\/strong><a href=\"https:\/\/www.instagram.com\/senoticias\/\"><strong>\u00a0<\/strong><strong>Instagram<\/strong><\/a><\/em><\/p>\n<p style=\"text-align: justify;\"><strong><em>Por <a href=\"https:\/\/g1.globo.com\/economia\/concursos-e-emprego\/noticia\/correios-divulgam-edital-de-concurso-iades-e-a-organizadora.ghtml\">G1<\/a><\/em><\/strong><\/p>\n","protected":false},"excerpt":{"rendered":"<p>Os Correios divulgaram nesta quinta-feira (5) edital de concurso p\u00fablico para 88 vagas e forma\u00e7\u00e3o de cadastro de reserva em cargos de n\u00edveis m\u00e9dio\/ t\u00e9cnico e superior. Os sal\u00e1rios v\u00e3o de R$ 1.876,43 a R$ 4.903,05. O Instituto Americano de Desenvolvimento (Iades) \u00e9 a organizadora respons\u00e1vel pela sele\u00e7\u00e3o. Os cargos de n\u00edvel superior s\u00e3o para [&hellip;]<\/p>\n","protected":false},"author":2,"featured_media":82354,"comment_status":"closed","ping_status":"closed","sticky":false,"template":"","format":"standard","meta":{"footnotes":""},"categories":[9,15],"tags":[],"class_list":{"0":"post-107169","1":"post","2":"type-post","3":"status-publish","4":"format-standard","5":"has-post-thumbnail","7":"category-concursos","8":"category-destaques"},"_links":{"self":[{"href":"https:\/\/senoticias.com.br\/se\/wp-json\/wp\/v2\/posts\/107169"}],"collection":[{"href":"https:\/\/senoticias.com.br\/se\/wp-json\/wp\/v2\/posts"}],"about":[{"href":"https:\/\/senoticias.com.br\/se\/wp-json\/wp\/v2\/types\/post"}],"author":[{"embeddable":true,"href":"https:\/\/senoticias.com.br\/se\/wp-json\/wp\/v2\/users\/2"}],"replies":[{"embeddable":true,"href":"https:\/\/senoticias.com.br\/se\/wp-json\/wp\/v2\/comments?post=107169"}],"version-history":[{"count":0,"href":"https:\/\/senoticias.com.br\/se\/wp-json\/wp\/v2\/posts\/107169\/revisions"}],"wp:featuredmedia":[{"embeddable":true,"href":"https:\/\/senoticias.com.br\/se\/wp-json\/wp\/v2\/media\/82354"}],"wp:attachment":[{"href":"https:\/\/senoticias.com.br\/se\/wp-json\/wp\/v2\/media?parent=107169"}],"wp:term":[{"taxonomy":"category","embeddable":true,"href":"https:\/\/senoticias.com.br\/se\/wp-json\/wp\/v2\/categories?post=107169"},{"taxonomy":"post_tag","embeddable":true,"href":"https:\/\/senoticias.com.br\/se\/wp-json\/wp\/v2\/tags?post=107169"}],"curies":[{"name":"wp","href":"https:\/\/api.w.org\/{rel}","templated":true}]}}