{"id":107161,"date":"2017-10-05T10:48:12","date_gmt":"2017-10-05T13:48:12","guid":{"rendered":"http:\/\/senoticias.com.br\/se\/?p=107161"},"modified":"2017-10-05T17:12:16","modified_gmt":"2017-10-05T20:12:16","slug":"delegada-daniele-garcia-e-transferida-da-deotap","status":"publish","type":"post","link":"https:\/\/senoticias.com.br\/se\/delegada-daniele-garcia-e-transferida-da-deotap\/","title":{"rendered":"Delegada Daniele Garcia \u00e9 transferida da Deotap"},"content":{"rendered":"<p>&nbsp;<\/p>\n<p style=\"text-align: justify;\">Nessa quarta-feira (04) a delegada Daniele Garcia foi exonerada da coordena\u00e7\u00e3o do Departamento de Crimes Contra a Ordem Tribut\u00e1ria e Administra\u00e7\u00e3o P\u00fablica (Deotap), tamb\u00e9m deixa o Departamento o delegado Gabriel Nogueira, informa o portal A8SE.<\/p>\n<p style=\"text-align: justify;\">Em sua trajet\u00f3ria \u00e0 frente do Deotap, Daniele Garcia, coordenou opera\u00e7\u00f5es importantes e de repercuss\u00e3o em todo estado. No ano de 2014, iniciou a opera\u00e7\u00e3o que investigou irregularidades no repasse e na aplica\u00e7\u00e3o de verbas de subven\u00e7\u00e3o social, recebida pelos deputados da Assembleia Legislativa.<\/p>\n<div id=\"attachment_95612\" style=\"width: 609px\" class=\"wp-caption aligncenter\"><a href=\"http:\/\/senoticias.com.br\/se\/wp-content\/uploads\/2016\/08\/Delegada-Daniele-Garcia-SE-noticias-e1472148994888.jpg\"><img loading=\"lazy\" decoding=\"async\" aria-describedby=\"caption-attachment-95612\" class=\"size-full wp-image-95612\" src=\"http:\/\/senoticias.com.br\/se\/wp-content\/uploads\/2016\/08\/Delegada-Daniele-Garcia-SE-noticias-e1472148994888.jpg\" alt=\"Daniele Garcia foi exonerada da coordena\u00e7\u00e3o do Departamento de Crimes Contra a Ordem Tribut\u00e1ria e Administra\u00e7\u00e3o P\u00fablica. (Foto: arquivo\/SSP\/SE)\" width=\"599\" height=\"398\" \/><\/a><p id=\"caption-attachment-95612\" class=\"wp-caption-text\">Daniele Garcia foi exonerada da coordena\u00e7\u00e3o do Departamento de Crimes Contra a Ordem Tribut\u00e1ria e Administra\u00e7\u00e3o P\u00fablica. (Foto: arquivo\/SSP\/SE)<\/p><\/div>\n<p style=\"text-align: justify;\">A C\u00e2mara de Vereadores tamb\u00e9m foi foco da delegada, que no in\u00edcio de 2016 iniciou a \u201cOpera\u00e7\u00e3o Indenizar-se\u201d, investigando crimes de sonega\u00e7\u00e3o fiscal, peculato e lavagem de dinheiro. A opera\u00e7\u00e3o investigou irregularidades nos contratos de loca\u00e7\u00e3o de ve\u00edculos e nas verbas indenizat\u00f3rias, um desvio de aproximadamente R$ 7 milh\u00f5es.<\/p>\n<p style=\"text-align: justify;\">J\u00e1 na \u201cOpera\u00e7\u00e3o Venal\u201d, as investiga\u00e7\u00f5es do Deotap apuraram fraudes no pagamento do Imposto Sobre a Propriedade Predial e Territorial Urbana (IPTU). Na ocasi\u00e3o,quatro empres\u00e1rios, dois intermediadores e um funcion\u00e1rio p\u00fablico comissionado da Prefeitura de Aracaju. Neste ano, Daniele esteve \u00e0 frente da \u201cOpera\u00e7\u00e3o Babel\u201d, que investiga poss\u00edveis irregularidades nos contratos referentes a coleta de lixo na capital sergipana.<\/p>\n<p style=\"text-align: justify;\">At\u00e9 o momento n\u00e3o se sabe quem ir\u00e1 ocupar a coordena\u00e7\u00e3o do Deotap e tamb\u00e9m n\u00e3o foi informado em quais delegacias os delegados Daniele Garcia e Gabriel Nogueira ir\u00e3o atuar.<\/p>\n<p style=\"text-align: justify;\"><a href=\"http:\/\/senoticias.com.br\/se\/wp-content\/uploads\/2017\/09\/Logo-fone-1-2-1-2-4-6-1-1-1-2-1.jpg\"><img loading=\"lazy\" decoding=\"async\" class=\"aligncenter size-full wp-image-107028\" src=\"http:\/\/senoticias.com.br\/se\/wp-content\/uploads\/2017\/09\/Logo-fone-1-2-1-2-4-6-1-1-1-2-1.jpg\" alt=\"Logo-fone-1-2-1-2-4-6-1-1-1-2\" width=\"599\" height=\"78\" srcset=\"https:\/\/senoticias.com.br\/se\/wp-content\/uploads\/2017\/09\/Logo-fone-1-2-1-2-4-6-1-1-1-2-1.jpg 599w, https:\/\/senoticias.com.br\/se\/wp-content\/uploads\/2017\/09\/Logo-fone-1-2-1-2-4-6-1-1-1-2-1-300x39.jpg 300w\" sizes=\"(max-width: 599px) 100vw, 599px\" \/><\/a><\/p>\n<p style=\"text-align: justify;\"><em><strong>Acompanhe tamb\u00e9m o SE Not\u00edcias no\u00a0<a href=\"https:\/\/twitter.com\/Senoticias\" target=\"_blank\">Twitter<\/a>,\u00a0<a href=\"https:\/\/www.facebook.com\/senoticias1\" target=\"_blank\">Facebook<\/a>\u00a0e no\u00a0<a href=\"https:\/\/www.instagram.com\/senoticias\/\" target=\"_blank\">Instagram<\/a><\/strong><\/em><\/p>\n<p style=\"text-align: justify;\"><em>Informa\u00e7\u00f5es do portal <a href=\"https:\/\/a8se.com\/sergipe\/noticia\/2017\/10\/126260-delegada-daniele-garcia-e-exonerada-da-deotap.html\">A8SE<\/a><\/em><\/p>\n","protected":false},"excerpt":{"rendered":"<p>&nbsp; Nessa quarta-feira (04) a delegada Daniele Garcia foi exonerada da coordena\u00e7\u00e3o do Departamento de Crimes Contra a Ordem Tribut\u00e1ria e Administra\u00e7\u00e3o P\u00fablica (Deotap), tamb\u00e9m deixa o Departamento o delegado Gabriel Nogueira, informa o portal A8SE. Em sua trajet\u00f3ria \u00e0 frente do Deotap, Daniele Garcia, coordenou opera\u00e7\u00f5es importantes e de repercuss\u00e3o em todo estado. No [&hellip;]<\/p>\n","protected":false},"author":2,"featured_media":0,"comment_status":"closed","ping_status":"closed","sticky":false,"template":"","format":"standard","meta":{"footnotes":""},"categories":[15,6],"tags":[6262,623,6263,6264],"class_list":{"0":"post-107161","1":"post","2":"type-post","3":"status-publish","4":"format-standard","6":"category-destaques","7":"category-politica","8":"tag-daniele-garcia","9":"tag-deotap","10":"tag-departamento-de-crimes-contra-a-ordem-tributaria-e-administracao-publica","11":"tag-transferida"},"_links":{"self":[{"href":"https:\/\/senoticias.com.br\/se\/wp-json\/wp\/v2\/posts\/107161"}],"collection":[{"href":"https:\/\/senoticias.com.br\/se\/wp-json\/wp\/v2\/posts"}],"about":[{"href":"https:\/\/senoticias.com.br\/se\/wp-json\/wp\/v2\/types\/post"}],"author":[{"embeddable":true,"href":"https:\/\/senoticias.com.br\/se\/wp-json\/wp\/v2\/users\/2"}],"replies":[{"embeddable":true,"href":"https:\/\/senoticias.com.br\/se\/wp-json\/wp\/v2\/comments?post=107161"}],"version-history":[{"count":0,"href":"https:\/\/senoticias.com.br\/se\/wp-json\/wp\/v2\/posts\/107161\/revisions"}],"wp:attachment":[{"href":"https:\/\/senoticias.com.br\/se\/wp-json\/wp\/v2\/media?parent=107161"}],"wp:term":[{"taxonomy":"category","embeddable":true,"href":"https:\/\/senoticias.com.br\/se\/wp-json\/wp\/v2\/categories?post=107161"},{"taxonomy":"post_tag","embeddable":true,"href":"https:\/\/senoticias.com.br\/se\/wp-json\/wp\/v2\/tags?post=107161"}],"curies":[{"name":"wp","href":"https:\/\/api.w.org\/{rel}","templated":true}]}}