{"id":107113,"date":"2017-10-03T06:34:36","date_gmt":"2017-10-03T09:34:36","guid":{"rendered":"http:\/\/senoticias.com.br\/se\/?p=107113"},"modified":"2017-10-03T06:35:29","modified_gmt":"2017-10-03T09:35:29","slug":"oi-nao-podera-cobrar-ligacoes-feitas-em-orelhoes-em-sergipe-e-outros-14-estados","status":"publish","type":"post","link":"https:\/\/senoticias.com.br\/se\/oi-nao-podera-cobrar-ligacoes-feitas-em-orelhoes-em-sergipe-e-outros-14-estados\/","title":{"rendered":"Oi n\u00e3o poder\u00e1 cobrar liga\u00e7\u00f5es feitas em orelh\u00f5es em Sergipe e outros 14 estados"},"content":{"rendered":"<p style=\"text-align: justify;\">As liga\u00e7\u00f5es locais e de longa dist\u00e2ncia nacionais feitas a partir de orelh\u00f5es da Oi n\u00e3o s\u00e3o cobradas em 15 estados, incluindo a Bahia. A gratuidade come\u00e7ou a valer neste domingo, 1\u00ba, e segue at\u00e9 30 de mar\u00e7o.<\/p>\n<div id=\"attachment_107114\" style=\"width: 609px\" class=\"wp-caption aligncenter\"><a href=\"http:\/\/senoticias.com.br\/se\/wp-content\/uploads\/2017\/10\/orelhao-senoticias-e1507022620257.jpg\"><img loading=\"lazy\" decoding=\"async\" aria-describedby=\"caption-attachment-107114\" class=\"size-full wp-image-107114\" src=\"http:\/\/senoticias.com.br\/se\/wp-content\/uploads\/2017\/10\/orelhao-senoticias-e1507022620257.jpg\" alt=\"Gratuidade foi determinada por conta das condi\u00e7\u00f5es dos orelh\u00f5es\" width=\"599\" height=\"401\" \/><\/a><p id=\"caption-attachment-107114\" class=\"wp-caption-text\">Gratuidade foi determinada por conta das condi\u00e7\u00f5es dos orelh\u00f5es (foto: Luciano da Matta | Ag\u00eancia A TARDE)<\/p><\/div>\n<p style=\"text-align: justify;\">A decis\u00e3o tamb\u00e9m vale para os estados de Alagoas, Amazonas, Amap\u00e1, Cear\u00e1, Espirito Santo, Maranh\u00e3o, Par\u00e1, Para\u00edba, Pernambuco, Piau\u00ed, Rio Grande do Norte, Roraima, Santa Catarina e Sergipe.<\/p>\n<p style=\"text-align: justify;\">A Ag\u00eancia Nacional de Telecomunica\u00e7\u00f5es (Anatel) entendeu que os orelh\u00f5es presentes nesses estados n\u00e3o est\u00e3o nas condi\u00e7\u00f5es cobradas pela ag\u00eancia. Por isso, a determina\u00e7\u00e3o da gratuidade at\u00e9 30 de mar\u00e7o de 2018, quando deve ser divulgado o resultado de uma nova fiscaliza\u00e7\u00e3o do servi\u00e7o.<\/p>\n<p style=\"text-align: justify;\"><a href=\"http:\/\/senoticias.com.br\/se\/wp-content\/uploads\/2017\/09\/Logo-fone-1-2-1-2-4-6-1-1-1-2-1.jpg\"><img loading=\"lazy\" decoding=\"async\" class=\"aligncenter size-full wp-image-107028\" src=\"http:\/\/senoticias.com.br\/se\/wp-content\/uploads\/2017\/09\/Logo-fone-1-2-1-2-4-6-1-1-1-2-1.jpg\" alt=\"Logo-fone-1-2-1-2-4-6-1-1-1-2\" width=\"599\" height=\"78\" srcset=\"https:\/\/senoticias.com.br\/se\/wp-content\/uploads\/2017\/09\/Logo-fone-1-2-1-2-4-6-1-1-1-2-1.jpg 599w, https:\/\/senoticias.com.br\/se\/wp-content\/uploads\/2017\/09\/Logo-fone-1-2-1-2-4-6-1-1-1-2-1-300x39.jpg 300w\" sizes=\"(max-width: 599px) 100vw, 599px\" \/><\/a><\/p>\n<p style=\"text-align: justify;\"><em><strong>Acompanhe tamb\u00e9m o SE Not\u00edcias no\u00a0<a href=\"https:\/\/twitter.com\/Senoticias\" target=\"_blank\">Twitter<\/a>,\u00a0<a href=\"https:\/\/www.facebook.com\/senoticias1\" target=\"_blank\">Facebook<\/a>\u00a0e no\u00a0<a href=\"https:\/\/www.instagram.com\/senoticias\/\" target=\"_blank\">Instagram<\/a><\/strong><\/em><\/p>\n<p style=\"text-align: justify;\"><strong><em>Reda\u00e7\u00e3o <a href=\"http:\/\/atarde.uol.com.br\/economia\/noticias\/1899958-oi-nao-podera-cobrar-ligacoes-feitas-em-orelhoes-na-bahia-e-outros-14-estados\">A Tarde<\/a><\/em><\/strong><\/p>\n","protected":false},"excerpt":{"rendered":"<p>As liga\u00e7\u00f5es locais e de longa dist\u00e2ncia nacionais feitas a partir de orelh\u00f5es da Oi n\u00e3o s\u00e3o cobradas em 15 estados, incluindo a Bahia. A gratuidade come\u00e7ou a valer neste domingo, 1\u00ba, e segue at\u00e9 30 de mar\u00e7o. A decis\u00e3o tamb\u00e9m vale para os estados de Alagoas, Amazonas, Amap\u00e1, Cear\u00e1, Espirito Santo, Maranh\u00e3o, Par\u00e1, Para\u00edba, [&hellip;]<\/p>\n","protected":false},"author":2,"featured_media":107114,"comment_status":"closed","ping_status":"closed","sticky":false,"template":"","format":"standard","meta":{"footnotes":""},"categories":[15,45],"tags":[6220,6132,6219],"class_list":{"0":"post-107113","1":"post","2":"type-post","3":"status-publish","4":"format-standard","5":"has-post-thumbnail","7":"category-destaques","8":"category-tecnologia","9":"tag-cobrar-ligacoes","10":"tag-oi","11":"tag-orelhoes-em-sergipe"},"_links":{"self":[{"href":"https:\/\/senoticias.com.br\/se\/wp-json\/wp\/v2\/posts\/107113"}],"collection":[{"href":"https:\/\/senoticias.com.br\/se\/wp-json\/wp\/v2\/posts"}],"about":[{"href":"https:\/\/senoticias.com.br\/se\/wp-json\/wp\/v2\/types\/post"}],"author":[{"embeddable":true,"href":"https:\/\/senoticias.com.br\/se\/wp-json\/wp\/v2\/users\/2"}],"replies":[{"embeddable":true,"href":"https:\/\/senoticias.com.br\/se\/wp-json\/wp\/v2\/comments?post=107113"}],"version-history":[{"count":0,"href":"https:\/\/senoticias.com.br\/se\/wp-json\/wp\/v2\/posts\/107113\/revisions"}],"wp:featuredmedia":[{"embeddable":true,"href":"https:\/\/senoticias.com.br\/se\/wp-json\/wp\/v2\/media\/107114"}],"wp:attachment":[{"href":"https:\/\/senoticias.com.br\/se\/wp-json\/wp\/v2\/media?parent=107113"}],"wp:term":[{"taxonomy":"category","embeddable":true,"href":"https:\/\/senoticias.com.br\/se\/wp-json\/wp\/v2\/categories?post=107113"},{"taxonomy":"post_tag","embeddable":true,"href":"https:\/\/senoticias.com.br\/se\/wp-json\/wp\/v2\/tags?post=107113"}],"curies":[{"name":"wp","href":"https:\/\/api.w.org\/{rel}","templated":true}]}}