{"id":107111,"date":"2017-10-03T05:38:22","date_gmt":"2017-10-03T08:38:22","guid":{"rendered":"http:\/\/senoticias.com.br\/se\/?p=107111"},"modified":"2017-10-03T17:34:07","modified_gmt":"2017-10-03T20:34:07","slug":"procon-estadual-apreende-3-mil-brinquedos-em-aracaju","status":"publish","type":"post","link":"https:\/\/senoticias.com.br\/se\/procon-estadual-apreende-3-mil-brinquedos-em-aracaju\/","title":{"rendered":"Procon Estadual apreende 3 mil brinquedos em Aracaju"},"content":{"rendered":"<p style=\"text-align: justify;\">Em grande opera\u00e7\u00e3o realizada na manh\u00e3 desta segunda, 02, no Centro Comercial de Aracaju, <strong>3.458 brinquedos<\/strong> foram apreendidos pela Coordenadoria Estadual de Defesa do Consumidor (Procon), em parceria com o Procon Municipal, Secretaria da Fazenda (Sefaz) e o representante do Instituto Nacional de Meteorologia, Qualidade e Tecnologia (Inmetro) em Sergipe, o Instituto Tecnol\u00f3gico e de Pesquisas do Estado de Sergipe (ITPS).<\/p>\n<div id=\"attachment_107112\" style=\"width: 609px\" class=\"wp-caption aligncenter\"><a href=\"http:\/\/senoticias.com.br\/se\/wp-content\/uploads\/2017\/10\/MG_2665-e1507019650678.jpg\"><img loading=\"lazy\" decoding=\"async\" aria-describedby=\"caption-attachment-107112\" class=\"size-full wp-image-107112\" src=\"http:\/\/senoticias.com.br\/se\/wp-content\/uploads\/2017\/10\/MG_2665-e1507019650678.jpg\" alt=\"Procon apreende milhares de brinquedos\" width=\"599\" height=\"399\" \/><\/a><p id=\"caption-attachment-107112\" class=\"wp-caption-text\">Procon apreende milhares de brinquedos com suspeita de irregularidades (foto: Procon)<\/p><\/div>\n<p style=\"text-align: justify;\">O objetivo da opera\u00e7\u00e3o foi observar nas lojas de importados, a qualidade dos brinquedos, a precifica\u00e7\u00e3o, a exibi\u00e7\u00e3o do C\u00f3digo de Defesa do Consumidor (CDC), se eram aprovados pelo Inmetro e se estavam com toda adequa\u00e7\u00e3o necess\u00e1ria para o com\u00e9rcio. Durante a opera\u00e7\u00e3o foi observado tamb\u00e9m que em alguns locais s\u00e3o realizados na loja a embalagem dos produtos, o que explica a falta do selo do Inmetro e confirma a falsifica\u00e7\u00e3o.<\/p>\n<p style=\"text-align: justify;\">Cada um dos envolvidos na opera\u00e7\u00e3o autuou as lojas de acordo com a sua jurisdi\u00e7\u00e3o. A gerente de qualidade e produtos certificados do ITPS, Maria In\u00eaz Machado, explica que \u201ca opera\u00e7\u00e3o especial Inmetro, ocorre a n\u00edvel nacional, come\u00e7ando ontem, se estendendo at\u00e9 a pr\u00f3xima sexta, 06. N\u00f3s apreendemos brinquedos sem as determina\u00e7\u00f5es do Inmetro e os comerciantes tem at\u00e9 10 dias para apresentarem defesa, que \u00e9 a nota fiscal, ap\u00f3s isso o processo \u00e9 lavrado e ap\u00f3s o julgamento os brinquedos ser\u00e3o destru\u00eddos\u201d.<\/p>\n<p style=\"text-align: justify;\">Cleudo Albuquerque, fiscal do Procon Municipal, assegura que \u201co interesse \u00e9 fazer valer o direito do consumidor. Estamos observando a exist\u00eancia do CDC no local e estamos apreendendo brinquedos que est\u00e3o fora do artigo 31 do c\u00f3digo, que determina que os produtos devem estar precificados e na l\u00edngua portuguesa\u201d. \u201cNesse m\u00eas de outubro, em que \u00e9 comemorado o dia das crian\u00e7as, \u00e9 importante que a popula\u00e7\u00e3o fique atenta aos brinquedos que est\u00e3o comprando, por que muitos est\u00e3o sem certificados do Inmetro e isso pode colocar a vida das crian\u00e7as em risco. Essa foi a maior apreens\u00e3o realizada pelo Procon Estadual, pe\u00e7o que a popula\u00e7\u00e3o ao notar problemas nos objetos, denunciem para que possamos dar continuidade e garantir a seguran\u00e7a das crian\u00e7as\u201d afirma Andrews Mathews, diretor do Procon Estadual.<\/p>\n<p style=\"text-align: justify;\">Participaram da opera\u00e7\u00e3o tr\u00eas equipes do Inmetro, quatro da Sefaz e duas de todos os Procon. Os brinquedos apreendidos n\u00e3o poder\u00e3o ser doados j\u00e1 que n\u00e3o s\u00e3o adequados para o manuseio infantil.<\/p>\n<p style=\"text-align: justify;\"><a href=\"http:\/\/senoticias.com.br\/se\/wp-content\/uploads\/2017\/09\/Logo-fone-1-2-1-2-4-6-1-1-1-2-1.jpg\"><img loading=\"lazy\" decoding=\"async\" class=\"aligncenter size-full wp-image-107028\" src=\"http:\/\/senoticias.com.br\/se\/wp-content\/uploads\/2017\/09\/Logo-fone-1-2-1-2-4-6-1-1-1-2-1.jpg\" alt=\"Logo-fone-1-2-1-2-4-6-1-1-1-2\" width=\"599\" height=\"78\" srcset=\"https:\/\/senoticias.com.br\/se\/wp-content\/uploads\/2017\/09\/Logo-fone-1-2-1-2-4-6-1-1-1-2-1.jpg 599w, https:\/\/senoticias.com.br\/se\/wp-content\/uploads\/2017\/09\/Logo-fone-1-2-1-2-4-6-1-1-1-2-1-300x39.jpg 300w\" sizes=\"(max-width: 599px) 100vw, 599px\" \/><\/a><\/p>\n<p style=\"text-align: justify;\"><em><strong>Acompanhe tamb\u00e9m o SE Not\u00edcias no\u00a0<a href=\"https:\/\/twitter.com\/Senoticias\" target=\"_blank\">Twitter<\/a>,\u00a0<a href=\"https:\/\/www.facebook.com\/senoticias1\" target=\"_blank\">Facebook<\/a>\u00a0e no\u00a0<a href=\"https:\/\/www.instagram.com\/senoticias\/\" target=\"_blank\">Instagram<\/a><\/strong><\/em><\/p>\n<p style=\"text-align: justify;\"><em>Fonte: Procon Estadual\u00a0<\/em><\/p>\n","protected":false},"excerpt":{"rendered":"<p>Em grande opera\u00e7\u00e3o realizada na manh\u00e3 desta segunda, 02, no Centro Comercial de Aracaju, 3.458 brinquedos foram apreendidos pela Coordenadoria Estadual de Defesa do Consumidor (Procon), em parceria com o Procon Municipal, Secretaria da Fazenda (Sefaz) e o representante do Instituto Nacional de Meteorologia, Qualidade e Tecnologia (Inmetro) em Sergipe, o Instituto Tecnol\u00f3gico e de [&hellip;]<\/p>\n","protected":false},"author":2,"featured_media":107112,"comment_status":"closed","ping_status":"closed","sticky":false,"template":"","format":"standard","meta":{"footnotes":""},"categories":[15,6],"tags":[6217,6218,2012,4690,3118],"class_list":{"0":"post-107111","1":"post","2":"type-post","3":"status-publish","4":"format-standard","5":"has-post-thumbnail","7":"category-destaques","8":"category-politica","9":"tag-coordenadoria-estadual-de-defesa-do-consumidor","10":"tag-inmetro","11":"tag-itps","12":"tag-procon-estadual","13":"tag-sefaz"},"_links":{"self":[{"href":"https:\/\/senoticias.com.br\/se\/wp-json\/wp\/v2\/posts\/107111"}],"collection":[{"href":"https:\/\/senoticias.com.br\/se\/wp-json\/wp\/v2\/posts"}],"about":[{"href":"https:\/\/senoticias.com.br\/se\/wp-json\/wp\/v2\/types\/post"}],"author":[{"embeddable":true,"href":"https:\/\/senoticias.com.br\/se\/wp-json\/wp\/v2\/users\/2"}],"replies":[{"embeddable":true,"href":"https:\/\/senoticias.com.br\/se\/wp-json\/wp\/v2\/comments?post=107111"}],"version-history":[{"count":0,"href":"https:\/\/senoticias.com.br\/se\/wp-json\/wp\/v2\/posts\/107111\/revisions"}],"wp:featuredmedia":[{"embeddable":true,"href":"https:\/\/senoticias.com.br\/se\/wp-json\/wp\/v2\/media\/107112"}],"wp:attachment":[{"href":"https:\/\/senoticias.com.br\/se\/wp-json\/wp\/v2\/media?parent=107111"}],"wp:term":[{"taxonomy":"category","embeddable":true,"href":"https:\/\/senoticias.com.br\/se\/wp-json\/wp\/v2\/categories?post=107111"},{"taxonomy":"post_tag","embeddable":true,"href":"https:\/\/senoticias.com.br\/se\/wp-json\/wp\/v2\/tags?post=107111"}],"curies":[{"name":"wp","href":"https:\/\/api.w.org\/{rel}","templated":true}]}}