{"id":107100,"date":"2017-10-02T16:02:03","date_gmt":"2017-10-02T19:02:03","guid":{"rendered":"http:\/\/senoticias.com.br\/se\/?p=107100"},"modified":"2017-10-02T16:56:33","modified_gmt":"2017-10-02T19:56:33","slug":"vereador-de-itaporanga-dajuda-e-condenado-e-impedido-de-retornar-as-atividades-parlamentares","status":"publish","type":"post","link":"https:\/\/senoticias.com.br\/se\/vereador-de-itaporanga-dajuda-e-condenado-e-impedido-de-retornar-as-atividades-parlamentares\/","title":{"rendered":"Vereador de Itaporanga  D\u2019Ajuda \u00e9 condenado e impedido de retornar as atividades parlamentares"},"content":{"rendered":"<p>&nbsp;<\/p>\n<div id=\"attachment_107101\" style=\"width: 318px\" class=\"wp-caption alignright\"><a href=\"http:\/\/senoticias.com.br\/se\/wp-content\/uploads\/2017\/10\/humberto.jpg\"><img loading=\"lazy\" decoding=\"async\" aria-describedby=\"caption-attachment-107101\" class=\"size-full wp-image-107101\" src=\"http:\/\/senoticias.com.br\/se\/wp-content\/uploads\/2017\/10\/humberto.jpg\" alt=\"\u00e9 condenado e impedido de retornar as atividades parlamentares\" width=\"308\" height=\"464\" srcset=\"https:\/\/senoticias.com.br\/se\/wp-content\/uploads\/2017\/10\/humberto.jpg 308w, https:\/\/senoticias.com.br\/se\/wp-content\/uploads\/2017\/10\/humberto-199x300.jpg 199w\" sizes=\"(max-width: 308px) 100vw, 308px\" \/><\/a><p id=\"caption-attachment-107101\" class=\"wp-caption-text\">Professor Humberto \u00e9 condenado e impedido de retornar as atividades (foto: arquivo pessoal)<\/p><\/div>\n<p style=\"text-align: justify;\">A ju\u00edza da 2\u00aa Vara da Comarca de Itaporanga, Dra. Elaine Celina Afra da Silva\u00a0Santos, indeferiu o pedido de retorno antecipado da licen\u00e7a m\u00e9dica do vereador Professor Humberto (PMDB). Ap\u00f3s v\u00e1rios recursos negados e \u00e0s v\u00e9speras da elei\u00e7\u00e3o da mesa diretora do pr\u00f3ximo bi\u00eanio, o vereador foi impedido de retornar \u00e0s atividades e condenado por litig\u00e2ncia de m\u00e1 f\u00e9. A ju\u00edza ainda determinou o pagamento de multa e das custas dos processos<\/p>\n<p>&nbsp;<\/p>\n<p style=\"text-align: justify;\">O parlamentar havia solicitado um afastamento de 180 dias para tratamento m\u00e9dico e logo ap\u00f3s solicitou que a C\u00e2mara custeasse seu sal\u00e1rio nesse per\u00edodo, o que foi negado. A presidente da Casa, Concei\u00e7\u00e3o Anchieta, disse que negou o pedido por ferir o regimento interno da C\u00e2mara, que prev\u00ea convoca\u00e7\u00e3o do suplente para afastamentos superiores a 120 dias, e as leis trabalhistas, que prev\u00eam que o Instituto Nacional do Seguro Social (INSS) \u00e9 respons\u00e1vel pela remunera\u00e7\u00e3o durante afastamentos por per\u00edodo superior a 30 dias.<\/p>\n<p style=\"text-align: justify;\">Na decis\u00e3o, a ju\u00edza considerou fotos do vereador em festejos da cidade que foram anexados ao processo. O vereador solicitou afastamento por esgotamento f\u00edsico e o retorno est\u00e1 previsto para o dia 30 de novembro. A decis\u00e3o cabe recurso.<\/p>\n<p><strong>As elei\u00e7\u00f5es<\/strong><\/p>\n<p style=\"text-align: justify;\">A C\u00e2mara Municipal de Itaporanga D\u2019Ajuda acompanhou a capital e antecipou as elei\u00e7\u00f5es para a mesa diretora do pr\u00f3ximo bi\u00eanio (2018-2020), que est\u00e1 marcada para essa ter\u00e7a-feira, 03. Como o vereador Professor Humberto foi impedido de retomar as atividades, o suplente votar\u00e1 em seu lugar.<\/p>\n<p style=\"text-align: justify;\"><strong>Outro lado<\/strong><\/p>\n<p style=\"text-align: justify;\">A reportagem do <strong>SE Not\u00edcias<\/strong> tentou contato com o vereador professor Humberto (PMDB) para comentar sobre a decis\u00e3o da ju\u00edza, mas at\u00e9 o publica\u00e7\u00e3o dessa mat\u00e9ria n\u00e3o tivemos retorno. Continuamos a disposi\u00e7\u00e3o pelo e-mail\u00a0senoticias@gmail.com ou pelo telefone 79 9 9901-9258.<\/p>\n<p style=\"text-align: justify;\"><a href=\"http:\/\/senoticias.com.br\/se\/wp-content\/uploads\/2017\/09\/Logo-fone-1-2-1-2-4-6-1-1-1-2-1.jpg\"><img loading=\"lazy\" decoding=\"async\" class=\"aligncenter size-full wp-image-107028\" src=\"http:\/\/senoticias.com.br\/se\/wp-content\/uploads\/2017\/09\/Logo-fone-1-2-1-2-4-6-1-1-1-2-1.jpg\" alt=\"Logo-fone-1-2-1-2-4-6-1-1-1-2\" width=\"599\" height=\"78\" srcset=\"https:\/\/senoticias.com.br\/se\/wp-content\/uploads\/2017\/09\/Logo-fone-1-2-1-2-4-6-1-1-1-2-1.jpg 599w, https:\/\/senoticias.com.br\/se\/wp-content\/uploads\/2017\/09\/Logo-fone-1-2-1-2-4-6-1-1-1-2-1-300x39.jpg 300w\" sizes=\"(max-width: 599px) 100vw, 599px\" \/><\/a><\/p>\n<p style=\"text-align: justify;\"><em><strong>Acompanhe tamb\u00e9m o SE Not\u00edcias no\u00a0<a href=\"https:\/\/twitter.com\/Senoticias\" target=\"_blank\">Twitter<\/a>,\u00a0<a href=\"https:\/\/www.facebook.com\/senoticias1\" target=\"_blank\">Facebook<\/a>\u00a0e no\u00a0<a href=\"https:\/\/www.instagram.com\/senoticias\/\" target=\"_blank\">Instagram<\/a><\/strong><\/em><\/p>\n<p style=\"text-align: justify;\"><strong><em>Reda\u00e7\u00e3o SE Not\u00edcias<\/em><\/strong><\/p>\n","protected":false},"excerpt":{"rendered":"<p>&nbsp; A ju\u00edza da 2\u00aa Vara da Comarca de Itaporanga, Dra. Elaine Celina Afra da Silva\u00a0Santos, indeferiu o pedido de retorno antecipado da licen\u00e7a m\u00e9dica do vereador Professor Humberto (PMDB). Ap\u00f3s v\u00e1rios recursos negados e \u00e0s v\u00e9speras da elei\u00e7\u00e3o da mesa diretora do pr\u00f3ximo bi\u00eanio, o vereador foi impedido de retornar \u00e0s atividades e condenado [&hellip;]<\/p>\n","protected":false},"author":2,"featured_media":107101,"comment_status":"closed","ping_status":"closed","sticky":false,"template":"","format":"standard","meta":{"footnotes":""},"categories":[15,6],"tags":[],"class_list":{"0":"post-107100","1":"post","2":"type-post","3":"status-publish","4":"format-standard","5":"has-post-thumbnail","7":"category-destaques","8":"category-politica"},"_links":{"self":[{"href":"https:\/\/senoticias.com.br\/se\/wp-json\/wp\/v2\/posts\/107100"}],"collection":[{"href":"https:\/\/senoticias.com.br\/se\/wp-json\/wp\/v2\/posts"}],"about":[{"href":"https:\/\/senoticias.com.br\/se\/wp-json\/wp\/v2\/types\/post"}],"author":[{"embeddable":true,"href":"https:\/\/senoticias.com.br\/se\/wp-json\/wp\/v2\/users\/2"}],"replies":[{"embeddable":true,"href":"https:\/\/senoticias.com.br\/se\/wp-json\/wp\/v2\/comments?post=107100"}],"version-history":[{"count":0,"href":"https:\/\/senoticias.com.br\/se\/wp-json\/wp\/v2\/posts\/107100\/revisions"}],"wp:featuredmedia":[{"embeddable":true,"href":"https:\/\/senoticias.com.br\/se\/wp-json\/wp\/v2\/media\/107101"}],"wp:attachment":[{"href":"https:\/\/senoticias.com.br\/se\/wp-json\/wp\/v2\/media?parent=107100"}],"wp:term":[{"taxonomy":"category","embeddable":true,"href":"https:\/\/senoticias.com.br\/se\/wp-json\/wp\/v2\/categories?post=107100"},{"taxonomy":"post_tag","embeddable":true,"href":"https:\/\/senoticias.com.br\/se\/wp-json\/wp\/v2\/tags?post=107100"}],"curies":[{"name":"wp","href":"https:\/\/api.w.org\/{rel}","templated":true}]}}