{"id":107085,"date":"2017-10-01T16:27:06","date_gmt":"2017-10-01T19:27:06","guid":{"rendered":"http:\/\/senoticias.com.br\/se\/?p=107085"},"modified":"2017-10-01T16:30:05","modified_gmt":"2017-10-01T19:30:05","slug":"prefeito-de-ribeiropolis-e-obrigado-a-fazer-concurso","status":"publish","type":"post","link":"https:\/\/senoticias.com.br\/se\/prefeito-de-ribeiropolis-e-obrigado-a-fazer-concurso\/","title":{"rendered":"Prefeito de Ribeir\u00f3polis \u00e9 obrigado a fazer concurso p\u00fablico"},"content":{"rendered":"<div style=\"text-align: justify;\"><span style=\"font-family: Arial, sans-serif;\"><span style=\"font-family: Arial, sans-serif;\">O Minist\u00e9rio P\u00fablico de Sergipe, por interm\u00e9dio da Promotoria de Justi\u00e7a de Ribeir\u00f3polis, obteve liminar que obrigou o Munic\u00edpio Ribeiropolense a realizar concurso p\u00fablico para provimento de diversos cargos p\u00fablicos efetivos existentes na estrutura administrativa municipal e que estavam sendo ocupados atrav\u00e9s de contrata\u00e7\u00e3o tempor\u00e1ria.<\/span><\/span><\/p>\n<div id=\"attachment_90194\" style=\"width: 608px\" class=\"wp-caption aligncenter\"><a href=\"http:\/\/senoticias.com.br\/se\/wp-content\/uploads\/2016\/03\/SENOTICIAS-MPESE.jpg\"><img loading=\"lazy\" decoding=\"async\" aria-describedby=\"caption-attachment-90194\" class=\"size-full wp-image-90194\" src=\"http:\/\/senoticias.com.br\/se\/wp-content\/uploads\/2016\/03\/SENOTICIAS-MPESE.jpg\" alt=\" InstitucionaTopol A pedido do MP, Justi\u00e7a determina que Munic\u00edpio de Ribeir\u00f3polis realize concurso p\u00fablico  (Foto: arquivo\/SENot\u00edcias)\" width=\"598\" height=\"524\" srcset=\"https:\/\/senoticias.com.br\/se\/wp-content\/uploads\/2016\/03\/SENOTICIAS-MPESE.jpg 598w, https:\/\/senoticias.com.br\/se\/wp-content\/uploads\/2016\/03\/SENOTICIAS-MPESE-300x262.jpg 300w, https:\/\/senoticias.com.br\/se\/wp-content\/uploads\/2016\/03\/SENOTICIAS-MPESE-342x299.jpg 342w\" sizes=\"(max-width: 598px) 100vw, 598px\" \/><\/a><p id=\"caption-attachment-90194\" class=\"wp-caption-text\"><br \/>A pedido do MP, Justi\u00e7a determina que Munic\u00edpio de Ribeir\u00f3polis realize concurso p\u00fablico (foto: arquivo\/SENot\u00edcias)<\/p><\/div>\n<\/div>\n<p style=\"text-align: justify;\"><span style=\"font-family: Arial, sans-serif;\">O Juiz de Direito Hor\u00e1cio Gomes Carneiro Le\u00e3o determinou que o Munic\u00edpio em quest\u00e3o desse in\u00edcio ao procedimento de licita\u00e7\u00e3o para contratar empresa a fim de realizar o concurso p\u00fablico.<\/span><\/p>\n<p style=\"text-align: justify;\"><span style=\"font-family: Arial, sans-serif;\">Al\u00e9m disso, o Munic\u00edpio de Ribeir\u00f3polis foi impedido de realizar quaisquer novas contrata\u00e7\u00f5es amparadas pela Lei Municipal n\u00ba 793\/2017 que, segundo o entendimento do Magistrado, \u201cfoi editada n\u00e3o para atender \u00e0 necessidade tempor\u00e1ria e excepcional da administra\u00e7\u00e3o p\u00fablica mas, sim, para legalizar uma burla ao preceito constitucional de obriga\u00e7\u00e3o de realiza\u00e7\u00e3o de concurso p\u00fablico\u201d. O Juiz estipulou multa di\u00e1ria de R$ 1 mil reais, caso houvesse descumprimento da medida judicial.<\/span><\/p>\n<p style=\"text-align: justify;\"><span style=\"font-family: Arial, sans-serif;\">De acordo com o Promotor de Justi\u00e7a de Ribeir\u00f3polis, Diego Gouveia Pessoa de Lima, o Munic\u00edpio j\u00e1 est\u00e1 nos preparativos para o concurso que dever\u00e1 ser realizado ainda em 2017, para os cargos de professor, merendeira, servente, vigia, m\u00e9dico, enfermeiro, auxiliar de enfermagem, assistente social, psic\u00f3logo, motorista, engenheiro civil, gari e veterin\u00e1rio. Todos os cargos s\u00e3o, atualmente, ocupados por servidores contratados temporariamente.<\/span><\/p>\n<p style=\"text-align: justify;\">\n<p style=\"text-align: justify;\"><a href=\"http:\/\/senoticias.com.br\/se\/wp-content\/uploads\/2017\/09\/Logo-fone-1-2-1-2-4-6-1-1-1-2-1.jpg\"><img loading=\"lazy\" decoding=\"async\" class=\"aligncenter size-full wp-image-107028\" src=\"http:\/\/senoticias.com.br\/se\/wp-content\/uploads\/2017\/09\/Logo-fone-1-2-1-2-4-6-1-1-1-2-1.jpg\" alt=\"Logo-fone-1-2-1-2-4-6-1-1-1-2\" width=\"599\" height=\"78\" srcset=\"https:\/\/senoticias.com.br\/se\/wp-content\/uploads\/2017\/09\/Logo-fone-1-2-1-2-4-6-1-1-1-2-1.jpg 599w, https:\/\/senoticias.com.br\/se\/wp-content\/uploads\/2017\/09\/Logo-fone-1-2-1-2-4-6-1-1-1-2-1-300x39.jpg 300w\" sizes=\"(max-width: 599px) 100vw, 599px\" \/><\/a><\/p>\n<p style=\"text-align: justify;\">\n<p style=\"text-align: justify;\"><em><strong>Acompanhe tamb\u00e9m o SE Not\u00edcias no\u00a0<a href=\"https:\/\/twitter.com\/Senoticias\" target=\"_blank\">Twitter<\/a>,\u00a0<a href=\"https:\/\/www.facebook.com\/senoticias1\" target=\"_blank\">Facebook<\/a>\u00a0e no\u00a0<a href=\"https:\/\/www.instagram.com\/senoticias\/\" target=\"_blank\">Instagram<\/a><\/strong><\/em><\/p>\n<p><span style=\"font-family: Arial, sans-serif;\"><b>Coordenadoria de Comunica\u00e7\u00e3o\u00a0<\/b><\/span><br \/>\n<span style=\"font-family: Arial, sans-serif;\"><b>Minist\u00e9rio P\u00fablico de Sergipe<\/b><\/span><\/p>\n","protected":false},"excerpt":{"rendered":"<p>O Minist\u00e9rio P\u00fablico de Sergipe, por interm\u00e9dio da Promotoria de Justi\u00e7a de Ribeir\u00f3polis, obteve liminar que obrigou o Munic\u00edpio Ribeiropolense a realizar concurso p\u00fablico para provimento de diversos cargos p\u00fablicos efetivos existentes na estrutura administrativa municipal e que estavam sendo ocupados atrav\u00e9s de contrata\u00e7\u00e3o tempor\u00e1ria. O Juiz de Direito Hor\u00e1cio Gomes Carneiro Le\u00e3o determinou que [&hellip;]<\/p>\n","protected":false},"author":2,"featured_media":90194,"comment_status":"closed","ping_status":"closed","sticky":false,"template":"","format":"standard","meta":{"footnotes":""},"categories":[15,38,1],"tags":[412,314,3074,6202],"class_list":{"0":"post-107085","1":"post","2":"type-post","3":"status-publish","4":"format-standard","5":"has-post-thumbnail","7":"category-destaques","8":"category-municipios","9":"category-sem-categoria","10":"tag-concurso","11":"tag-prefeito","12":"tag-publico","13":"tag-ribeiropolis"},"_links":{"self":[{"href":"https:\/\/senoticias.com.br\/se\/wp-json\/wp\/v2\/posts\/107085"}],"collection":[{"href":"https:\/\/senoticias.com.br\/se\/wp-json\/wp\/v2\/posts"}],"about":[{"href":"https:\/\/senoticias.com.br\/se\/wp-json\/wp\/v2\/types\/post"}],"author":[{"embeddable":true,"href":"https:\/\/senoticias.com.br\/se\/wp-json\/wp\/v2\/users\/2"}],"replies":[{"embeddable":true,"href":"https:\/\/senoticias.com.br\/se\/wp-json\/wp\/v2\/comments?post=107085"}],"version-history":[{"count":0,"href":"https:\/\/senoticias.com.br\/se\/wp-json\/wp\/v2\/posts\/107085\/revisions"}],"wp:featuredmedia":[{"embeddable":true,"href":"https:\/\/senoticias.com.br\/se\/wp-json\/wp\/v2\/media\/90194"}],"wp:attachment":[{"href":"https:\/\/senoticias.com.br\/se\/wp-json\/wp\/v2\/media?parent=107085"}],"wp:term":[{"taxonomy":"category","embeddable":true,"href":"https:\/\/senoticias.com.br\/se\/wp-json\/wp\/v2\/categories?post=107085"},{"taxonomy":"post_tag","embeddable":true,"href":"https:\/\/senoticias.com.br\/se\/wp-json\/wp\/v2\/tags?post=107085"}],"curies":[{"name":"wp","href":"https:\/\/api.w.org\/{rel}","templated":true}]}}