{"id":107074,"date":"2017-09-30T22:54:48","date_gmt":"2017-10-01T01:54:48","guid":{"rendered":"http:\/\/senoticias.com.br\/se\/?p=107074"},"modified":"2017-09-30T22:54:48","modified_gmt":"2017-10-01T01:54:48","slug":"lula-lidera-cenarios-para-2018-mesmo-apos-condenacao-diz-datafolha","status":"publish","type":"post","link":"https:\/\/senoticias.com.br\/se\/lula-lidera-cenarios-para-2018-mesmo-apos-condenacao-diz-datafolha\/","title":{"rendered":"Lula lidera cen\u00e1rios para 2018 mesmo ap\u00f3s condena\u00e7\u00e3o, diz Datafolha"},"content":{"rendered":"<p>&nbsp;<\/p>\n<p style=\"text-align: justify;\">Faltando um ano para a elei\u00e7\u00e3o de 2018, o ex-presidente Luiz In\u00e1cio Lula da Silva (PT) continua na lideran\u00e7a da corrida presidencial, com vantagem significativa sobre os principais advers\u00e1rios, aponta nova pesquisa do Datafolha, divulgada pelo portal da Folha de S. Paulo neste s\u00e1bado (30). De acordo com o levantamento, Lula tem pelo menos 35% das inten\u00e7\u00f5es de voto nos cen\u00e1rios testados.<\/p>\n<div id=\"attachment_107075\" style=\"width: 419px\" class=\"wp-caption aligncenter\"><a href=\"http:\/\/senoticias.com.br\/se\/wp-content\/uploads\/2017\/09\/LULA-2018-SENOTICIAS.jpg\"><img loading=\"lazy\" decoding=\"async\" aria-describedby=\"caption-attachment-107075\" class=\"size-full wp-image-107075\" src=\"http:\/\/senoticias.com.br\/se\/wp-content\/uploads\/2017\/09\/LULA-2018-SENOTICIAS.jpg\" alt=\"O ex-presidente Lula (PT), com 35% das inten\u00e7\u00f5es de voto, tamb\u00e9m disparou no Datafolha.\" width=\"409\" height=\"277\" srcset=\"https:\/\/senoticias.com.br\/se\/wp-content\/uploads\/2017\/09\/LULA-2018-SENOTICIAS.jpg 409w, https:\/\/senoticias.com.br\/se\/wp-content\/uploads\/2017\/09\/LULA-2018-SENOTICIAS-300x203.jpg 300w, https:\/\/senoticias.com.br\/se\/wp-content\/uploads\/2017\/09\/LULA-2018-SENOTICIAS-90x60.jpg 90w, https:\/\/senoticias.com.br\/se\/wp-content\/uploads\/2017\/09\/LULA-2018-SENOTICIAS-95x64.jpg 95w\" sizes=\"(max-width: 409px) 100vw, 409px\" \/><\/a><p id=\"caption-attachment-107075\" class=\"wp-caption-text\">O ex-presidente Lula (PT), com 35% das inten\u00e7\u00f5es de voto, tamb\u00e9m disparou no Datafolha (foto: PT Nacional)<\/p><\/div>\n<p style=\"text-align: justify;\">O deputado federal Jair Bolsonaro (PSC) e a ex-senadora Marina Silva (Rede) empatam no segundo lugar. Ele oscila entre 16% e 17% e ela entre 13% e 14% nos cen\u00e1rios que consideram a disputa com o ex-presidente petista.<\/p>\n<p style=\"text-align: justify;\">Geraldo Alckmin e Jo\u00e3o Doria, do PSDB, registraram resultado equivalente na disputa com Lula, Bolsonaro e Marina. O governador de S\u00e3o Paulo e o prefeito da capital alcan\u00e7aram apenas 8% das inten\u00e7\u00f5es de voto.<\/p>\n<p style=\"text-align: justify;\">Nos cen\u00e1rios para eventual segundo turno, Lula aparece, pela primeira vez, vencendo todos os concorrentes. A exce\u00e7\u00e3o seria uma hipot\u00e9tica disputa com o juiz federal Sergio Moro, em que h\u00e1 empate t\u00e9cnico. Na pesquisa anterior, de junho, Lula tamb\u00e9m sa\u00eda na lideran\u00e7a, mas empatava tamb\u00e9m com Marina, al\u00e9m de S\u00e9rgio Moro.<\/p>\n<p>A pesquisa foi feita na quarta-feira (27) e na quinta (28), com 2.772 entrevistas em 194 cidades. A margem de erro \u00e9 de dois pontos percentuais para mais ou para menos.<\/p>\n<p>&nbsp;<\/p>\n<p><a href=\"http:\/\/senoticias.com.br\/se\/wp-content\/uploads\/2017\/09\/Logo-fone-1-2-1-2-4-6-1-1-1-2-1.jpg\"><img loading=\"lazy\" decoding=\"async\" class=\"aligncenter size-full wp-image-107028\" src=\"http:\/\/senoticias.com.br\/se\/wp-content\/uploads\/2017\/09\/Logo-fone-1-2-1-2-4-6-1-1-1-2-1.jpg\" alt=\"Logo-fone-1-2-1-2-4-6-1-1-1-2\" width=\"599\" height=\"78\" srcset=\"https:\/\/senoticias.com.br\/se\/wp-content\/uploads\/2017\/09\/Logo-fone-1-2-1-2-4-6-1-1-1-2-1.jpg 599w, https:\/\/senoticias.com.br\/se\/wp-content\/uploads\/2017\/09\/Logo-fone-1-2-1-2-4-6-1-1-1-2-1-300x39.jpg 300w\" sizes=\"(max-width: 599px) 100vw, 599px\" \/><\/a><\/p>\n<p>&nbsp;<\/p>\n<p><em><strong>Acompanhe tamb\u00e9m o SE Not\u00edcias no\u00a0<a href=\"https:\/\/twitter.com\/Senoticias\" target=\"_blank\">Twitter<\/a>,\u00a0<a href=\"https:\/\/www.facebook.com\/senoticias1\" target=\"_blank\">Facebook<\/a>\u00a0e no\u00a0<a href=\"https:\/\/www.instagram.com\/senoticias\/\" target=\"_blank\">Instagram<\/a><\/strong><\/em><\/p>\n<p>&nbsp;<\/p>\n<p><em>Reda\u00e7\u00e3o Jornal do Brasil<\/em><\/p>\n","protected":false},"excerpt":{"rendered":"<p>&nbsp; Faltando um ano para a elei\u00e7\u00e3o de 2018, o ex-presidente Luiz In\u00e1cio Lula da Silva (PT) continua na lideran\u00e7a da corrida presidencial, com vantagem significativa sobre os principais advers\u00e1rios, aponta nova pesquisa do Datafolha, divulgada pelo portal da Folha de S. Paulo neste s\u00e1bado (30). De acordo com o levantamento, Lula tem pelo menos [&hellip;]<\/p>\n","protected":false},"author":2,"featured_media":107075,"comment_status":"closed","ping_status":"closed","sticky":false,"template":"","format":"standard","meta":{"footnotes":""},"categories":[6],"tags":[371,3274,2720,5809,6189,5523,6188,3273,386],"class_list":{"0":"post-107074","1":"post","2":"type-post","3":"status-publish","4":"format-standard","5":"has-post-thumbnail","7":"category-politica","8":"tag-371","9":"tag-datafolha","10":"tag-eleicoes-2018","11":"tag-geraldo-alckmin","12":"tag-jair-bolsonaro","13":"tag-joao-doria","14":"tag-lula-lidera","15":"tag-marina","16":"tag-sergio-moro"},"_links":{"self":[{"href":"https:\/\/senoticias.com.br\/se\/wp-json\/wp\/v2\/posts\/107074"}],"collection":[{"href":"https:\/\/senoticias.com.br\/se\/wp-json\/wp\/v2\/posts"}],"about":[{"href":"https:\/\/senoticias.com.br\/se\/wp-json\/wp\/v2\/types\/post"}],"author":[{"embeddable":true,"href":"https:\/\/senoticias.com.br\/se\/wp-json\/wp\/v2\/users\/2"}],"replies":[{"embeddable":true,"href":"https:\/\/senoticias.com.br\/se\/wp-json\/wp\/v2\/comments?post=107074"}],"version-history":[{"count":0,"href":"https:\/\/senoticias.com.br\/se\/wp-json\/wp\/v2\/posts\/107074\/revisions"}],"wp:featuredmedia":[{"embeddable":true,"href":"https:\/\/senoticias.com.br\/se\/wp-json\/wp\/v2\/media\/107075"}],"wp:attachment":[{"href":"https:\/\/senoticias.com.br\/se\/wp-json\/wp\/v2\/media?parent=107074"}],"wp:term":[{"taxonomy":"category","embeddable":true,"href":"https:\/\/senoticias.com.br\/se\/wp-json\/wp\/v2\/categories?post=107074"},{"taxonomy":"post_tag","embeddable":true,"href":"https:\/\/senoticias.com.br\/se\/wp-json\/wp\/v2\/tags?post=107074"}],"curies":[{"name":"wp","href":"https:\/\/api.w.org\/{rel}","templated":true}]}}