{"id":107067,"date":"2017-09-30T13:32:19","date_gmt":"2017-09-30T16:32:19","guid":{"rendered":"http:\/\/senoticias.com.br\/se\/?p=107067"},"modified":"2017-09-30T13:41:27","modified_gmt":"2017-09-30T16:41:27","slug":"nossa-senhora-do-socorro-passa-a-ter-um-campus-do-ifs","status":"publish","type":"post","link":"https:\/\/senoticias.com.br\/se\/nossa-senhora-do-socorro-passa-a-ter-um-campus-do-ifs\/","title":{"rendered":"IFS inaugura campus em Nossa Senhora do Socorro"},"content":{"rendered":"<p style=\"text-align: justify;\"><span style=\"color: #000000;\">Com instala\u00e7\u00f5es tecnol\u00f3gicas modernas, o Instituto Federal de Sergipe (IFS), Campus Socorro, foi inaugurado na manh\u00e3 desta sexta-feira, 29, no conjunto Marcos Freire I. Durante a solenidade, o Instituto e a Prefeitura de Nossa Senhora do Socorro estreitaram os la\u00e7os a fim de proporcionar benef\u00edcios para a popula\u00e7\u00e3o socorrense.<\/span><\/p>\n<p style=\"text-align: justify;\"><span style=\"color: #000000;\">O IFS Socorro j\u00e1 possui 80 estudantes matriculados e, em breve, abrir\u00e1 um processo seletivo para ofertar mais 80 vagas. A unidade possui cursos t\u00e9cnicos em Manuten\u00e7\u00e3o e Suporte em Inform\u00e1tica.<\/span><\/p>\n<div id=\"attachment_107068\" style=\"width: 609px\" class=\"wp-caption aligncenter\"><a style=\"color: #000000;\" href=\"http:\/\/senoticias.com.br\/se\/wp-content\/uploads\/2017\/09\/ifs-SENOTICIAS-e1506789021593.jpg\"><img loading=\"lazy\" decoding=\"async\" aria-describedby=\"caption-attachment-107068\" class=\"size-full wp-image-107068\" src=\"http:\/\/senoticias.com.br\/se\/wp-content\/uploads\/2017\/09\/ifs-SENOTICIAS-e1506789021593.jpg\" alt=\"Foto: ANSocorro\" width=\"599\" height=\"407\" \/><\/a><p id=\"caption-attachment-107068\" class=\"wp-caption-text\"><\/span> <span style=\"color: #000000;\">Foto: ANSocorro<\/span><\/p><\/div>\n<p style=\"text-align: justify;\"><span style=\"color: #000000;\">Em discurso, o Reitor do IFS, professor Ailton Ribeiro, afirmou que o campus chega a Socorro com o objetivo de ofertar cursos t\u00e9cnicos e, futuramente, de n\u00edvel superior, que tenham as caracter\u00edsticas econ\u00f4micas da cidade. \u201cEstamos em Socorro para mudar a realidade e a economia local atrav\u00e9s de pesquisas aplicadas junto \u00e0s ind\u00fastrias que aqui est\u00e3o. Com o passar do tempo, n\u00f3s iremos ofertar tudo o que a Universidade Federal de Sergipe oferece al\u00e9m ainda dos cursos t\u00e9cnicos. As pessoas n\u00e3o precisar\u00e3o mais se deslocar para ir \u00e0 capital para estudar\u201d.<\/span><\/p>\n<p style=\"text-align: justify;\"><span style=\"color: #000000;\">Al\u00e9m de melhorar gradativamente a economia do munic\u00edpio, outra \u00e1rea que \u00e9 beneficiada diretamente pela instala\u00e7\u00e3o do IFS \u00e9 a educa\u00e7\u00e3o. \u201cO Instituto Federal \u00e9 um dos parceiros priorit\u00e1rios para a Secretaria Municipal da Educa\u00e7\u00e3o (Semed). N\u00f3s estamos estreitando as rela\u00e7\u00f5es para discutir o que podemos fazer na comunidade escolar. Vamos trabalhar em conjunto, realizando projetos e parcerias, para oferecer o melhor para a popula\u00e7\u00e3o socorrense\u201d, relatou a secret\u00e1ria da Semed, Marieta Barbosa.<\/span><\/p>\n<p style=\"text-align: justify;\"><span style=\"color: #000000;\">Participando da solenidade, o prefeito Padre Inaldo ressaltou os benef\u00edcios que o munic\u00edpio adquiriu com o Campus Socorro. \u201cA instala\u00e7\u00e3o do IFS aqui em nossa cidade \u00e9 na verdade a realiza\u00e7\u00e3o de um sonho para todos n\u00f3s socorrenses. Com esse polo, as pessoas n\u00e3o precisar\u00e3o mais gastar o que muitas vezes n\u00e3o tem para se deslocar a Aracaju. A instala\u00e7\u00e3o do IFS trouxe, sem d\u00favidas, mais dignidade \u00e0 popula\u00e7\u00e3o, pois nossa juventude poder\u00e1 se preparar dentro do pr\u00f3prio munic\u00edpio, para ingressar com mais capacidade no mercado de trabalho\u201d, ressaltou.<\/span><\/p>\n<p style=\"text-align: justify;\">\n<p style=\"text-align: justify;\"><a href=\"http:\/\/senoticias.com.br\/se\/wp-content\/uploads\/2017\/09\/Logo-fone-1-2-1-2-4-6-1-1-1-2-1.jpg\"><img loading=\"lazy\" decoding=\"async\" class=\"aligncenter size-full wp-image-107028\" src=\"http:\/\/senoticias.com.br\/se\/wp-content\/uploads\/2017\/09\/Logo-fone-1-2-1-2-4-6-1-1-1-2-1.jpg\" alt=\"Logo-fone-1-2-1-2-4-6-1-1-1-2\" width=\"599\" height=\"78\" srcset=\"https:\/\/senoticias.com.br\/se\/wp-content\/uploads\/2017\/09\/Logo-fone-1-2-1-2-4-6-1-1-1-2-1.jpg 599w, https:\/\/senoticias.com.br\/se\/wp-content\/uploads\/2017\/09\/Logo-fone-1-2-1-2-4-6-1-1-1-2-1-300x39.jpg 300w\" sizes=\"(max-width: 599px) 100vw, 599px\" \/><\/a><\/p>\n<p style=\"text-align: justify;\"><em><strong>Acompanhe tamb\u00e9m o SE Not\u00edcias no\u00a0<a href=\"https:\/\/twitter.com\/Senoticias\" target=\"_blank\">Twitter<\/a>,\u00a0<a href=\"https:\/\/www.facebook.com\/senoticias1\" target=\"_blank\">Facebook<\/a>\u00a0e no\u00a0<a href=\"https:\/\/www.instagram.com\/senoticias\/\" target=\"_blank\">Instagram<\/a><\/strong><\/em><\/p>\n<p style=\"text-align: justify;\">Por ANSocorro<\/p>\n","protected":false},"excerpt":{"rendered":"<p>Com instala\u00e7\u00f5es tecnol\u00f3gicas modernas, o Instituto Federal de Sergipe (IFS), Campus Socorro, foi inaugurado na manh\u00e3 desta sexta-feira, 29, no conjunto Marcos Freire I. Durante a solenidade, o Instituto e a Prefeitura de Nossa Senhora do Socorro estreitaram os la\u00e7os a fim de proporcionar benef\u00edcios para a popula\u00e7\u00e3o socorrense. O IFS Socorro j\u00e1 possui 80 [&hellip;]<\/p>\n","protected":false},"author":2,"featured_media":0,"comment_status":"closed","ping_status":"closed","sticky":false,"template":"","format":"standard","meta":{"footnotes":""},"categories":[15,38],"tags":[1306,3922,2002,1965,223,2746],"class_list":{"0":"post-107067","1":"post","2":"type-post","3":"status-publish","4":"format-standard","6":"category-destaques","7":"category-municipios","8":"tag-educacao","9":"tag-federal","10":"tag-governo","11":"tag-ifs","12":"tag-sergipe","13":"tag-socorro"},"_links":{"self":[{"href":"https:\/\/senoticias.com.br\/se\/wp-json\/wp\/v2\/posts\/107067"}],"collection":[{"href":"https:\/\/senoticias.com.br\/se\/wp-json\/wp\/v2\/posts"}],"about":[{"href":"https:\/\/senoticias.com.br\/se\/wp-json\/wp\/v2\/types\/post"}],"author":[{"embeddable":true,"href":"https:\/\/senoticias.com.br\/se\/wp-json\/wp\/v2\/users\/2"}],"replies":[{"embeddable":true,"href":"https:\/\/senoticias.com.br\/se\/wp-json\/wp\/v2\/comments?post=107067"}],"version-history":[{"count":0,"href":"https:\/\/senoticias.com.br\/se\/wp-json\/wp\/v2\/posts\/107067\/revisions"}],"wp:attachment":[{"href":"https:\/\/senoticias.com.br\/se\/wp-json\/wp\/v2\/media?parent=107067"}],"wp:term":[{"taxonomy":"category","embeddable":true,"href":"https:\/\/senoticias.com.br\/se\/wp-json\/wp\/v2\/categories?post=107067"},{"taxonomy":"post_tag","embeddable":true,"href":"https:\/\/senoticias.com.br\/se\/wp-json\/wp\/v2\/tags?post=107067"}],"curies":[{"name":"wp","href":"https:\/\/api.w.org\/{rel}","templated":true}]}}