{"id":107018,"date":"2017-09-27T22:34:14","date_gmt":"2017-09-28T01:34:14","guid":{"rendered":"http:\/\/senoticias.com.br\/se\/?p=107018"},"modified":"2017-09-27T22:34:14","modified_gmt":"2017-09-28T01:34:14","slug":"agentes-de-transito-podem-trabalhar-armados-decide-senado","status":"publish","type":"post","link":"https:\/\/senoticias.com.br\/se\/agentes-de-transito-podem-trabalhar-armados-decide-senado\/","title":{"rendered":"Agentes de tr\u00e2nsito podem trabalhar armados, decide Senado"},"content":{"rendered":"<p style=\"text-align: justify;\">\n<script type=\"text\/javascript\">\/\/ <![CDATA[\n        jQuery(function($){\n            $.datepicker.setDefaults(\n                jQuery.extend($.datepicker.regional['pt-BR'],\n                {dateFormat: 'dd\/mm\/yy'}));\n        });\n        \n\/\/ ]]><\/script><script src=\"http:\/\/www12.senado.leg.br\/noticias\/++resource++senado.noticias\/audiojs\/audio.min.js\" type=\"text\/javascript\"><\/script><script src=\"http:\/\/www12.senado.leg.br\/noticias\/++resource++senado.noticias\/audiojs\/audiojs-doc-ready.js\" type=\"text\/javascript\"><\/script><script src=\"https:\/\/www.google-analytics.com\/analytics.js\" async=\"\"><\/script><script>\/\/ <![CDATA[\n        window.ga=window.ga||function(){(ga.q=ga.q||[]).push(arguments)};ga.l=+new Date;\n        ga('create', 'UA-16761182-1', 'auto');\n        ga('create', 'UA-101435193-1', 'auto', 'global', {'alwaysSendReferrer': true});\n        ga('require', 'linkid');\n        ga('send', 'pageview');\n        var path = '\/cs' + location.pathname\n        ga('global.send', 'pageview', path)\n    \n\/\/ ]]><\/script><script>\/\/ <![CDATA[\nga('send', 'event', 'Senador', 'Senadora Simone Tebet', 'pageview', { nonInteraction: true });ga('send', 'event', 'Senador', 'Senadora Vanessa Grazziotin', 'pageview', { nonInteraction: true });ga('send', 'event', 'Senador', 'Senador Benedito de Lira', 'pageview', { nonInteraction: true });ga('send', 'event', 'Senador', 'Senador C\u00e1ssio Cunha Lima', 'pageview', { nonInteraction: true });ga('send', 'event', 'Senador', 'Senador Cristovam Buarque', 'pageview', { nonInteraction: true });ga('send', 'event', 'Senador', 'Senador Eduardo Amorim', 'pageview', { nonInteraction: true });ga('send', 'event', 'Senador', 'Senador Flexa Ribeiro', 'pageview', { nonInteraction: true });ga('send', 'event', 'Senador', 'Senador Jos\u00e9 Medeiros', 'pageview', { nonInteraction: true });ga('send', 'event', 'Senador', 'Senador Lindbergh Farias', 'pageview', { nonInteraction: true });ga('send', 'event', 'Senador', 'Senador Magno Malta', 'pageview', { nonInteraction: true });ga('send', 'event', 'Senador', 'Senador Reguffe ', 'pageview', { nonInteraction: true });ga('send', 'event', 'Senador', 'Senador Romero Juc\u00e1', 'pageview', { nonInteraction: true });ga('send', 'event', 'Senador', 'Senador Wilder Morais', 'pageview', { nonInteraction: true })\n\/\/ ]]><\/script><\/p>\n<div id=\"conteudoPrincipal\" class=\"container\">\n<div id=\"linha1\" class=\"row\">\n<div class=\"col-sm-7 col-md-8\">\n<div id=\"materia\">\n<div id=\"textoMateria\">\n<p style=\"text-align: justify;\">O Plen\u00e1rio do Senado aprovou nesta quarta-feira (27), em vota\u00e7\u00e3o simb\u00f3lica, o projeto de lei (PLC 152\/2015) que permite o porte de arma de fogo em servi\u00e7o por agentes da autoridade de tr\u00e2nsito da Uni\u00e3o, dos estados, do Distrito Federal e dos munic\u00edpios que n\u00e3o sejam policiais. Guardas municipais nessa fun\u00e7\u00e3o tamb\u00e9m ter\u00e3o o mesmo direito. O projeto segue para san\u00e7\u00e3o presidencial.<\/p>\n<div id=\"attachment_107019\" style=\"width: 609px\" class=\"wp-caption aligncenter\"><a href=\"http:\/\/senoticias.com.br\/se\/wp-content\/uploads\/2017\/09\/imagem_materia-e1506562327158.jpg\"><img loading=\"lazy\" decoding=\"async\" aria-describedby=\"caption-attachment-107019\" class=\"size-full wp-image-107019\" src=\"http:\/\/senoticias.com.br\/se\/wp-content\/uploads\/2017\/09\/imagem_materia-e1506562327158.jpg\" alt=\"Os agentes de tr\u00e2nsito que acompanharam a vota\u00e7\u00e3o comemoraram a aprova\u00e7\u00e3o\" width=\"599\" height=\"399\" \/><\/a><p id=\"caption-attachment-107019\" class=\"wp-caption-text\">Os agentes de tr\u00e2nsito que acompanharam a vota\u00e7\u00e3o comemoraram a aprova\u00e7\u00e3o (foto: Marcos Oliveira\/Ag\u00eancia Senado)<\/p><\/div>\n<p style=\"text-align: justify;\">Segundo o C\u00f3digo de Tr\u00e2nsito Brasileiro (CTB-Lei 9.503\/1997), &#8220;agente da autoridade de tr\u00e2nsito&#8221; \u00e9 toda pessoa, civil ou policial militar, credenciada pela autoridade de tr\u00e2nsito para o exerc\u00edcio das atividades de fiscaliza\u00e7\u00e3o, opera\u00e7\u00e3o, policiamento ostensivo de tr\u00e2nsito ou patrulhamento.<\/p>\n<p style=\"text-align: justify;\">Do ex-deputado federal Tadeu Filippelli (PMDB-DF), o projeto altera o Estatuto do Desarmamento (Lei n\u00ba 10.826\/2003). A proposta estabelece algumas exig\u00eancias para a concess\u00e3o de porte de arma de fogo aos agentes de tr\u00e2nsito. Uma delas \u00e9 a comprova\u00e7\u00e3o de capacidade t\u00e9cnica e aptid\u00e3o psicol\u00f3gica para o uso da arma. Outra \u00e9 condicionar a autoriza\u00e7\u00e3o para o porte n\u00e3o s\u00f3 ao interesse do ente federativo ao qual o agente est\u00e1 vinculado, mas tamb\u00e9m \u00e0 exig\u00eancia de sua forma\u00e7\u00e3o pr\u00e9via em centros de treinamento policial.<\/p>\n<h3 style=\"text-align: justify;\"><b>&#8220;Pequeno calibre&#8221;<\/b><\/h3>\n<p style=\"text-align: justify;\">Em apoio ao projeto, o senador Romero Juc\u00e1 (PMDB-RR) lembrou que os agentes de tr\u00e2nsito abordam ve\u00edculos roubados e criminosos. O senador Magno Malta (PR-ES) afirmou que os agentes usar\u00e3o armas de pequeno calibre.<\/p>\n<p style=\"text-align: justify;\">O senador Reguffe (sem partido-DF) defendeu o fortalecimento das institui\u00e7\u00f5es p\u00fablicas que protegem os cidad\u00e3os e disse que os agentes usar\u00e3o as armas apenas em servi\u00e7o, o que ajudar\u00e1 na garantia da integridade f\u00edsica desses profissionais. Os senadores Benedito de Lira (PP-AL) e Flexa Ribeiro (PSDB-PA) lembraram que a categoria faz o trabalho de policiamento do tr\u00e2nsito.<\/p>\n<h3><b>Periculosidade<\/b><\/h3>\n<p style=\"text-align: justify;\">O PLC recebeu ainda votos favor\u00e1veis dos senadores C\u00e1ssio Cunha Lima (PSDB-PB), Gleisi Hoffmann (PT-PR), Eduardo Amorim (PSDB-SE), Jos\u00e9 Medeiros (PSD-MT), Wilder Morais (PP-GO), Humberto Costa (PT-PE), H\u00e9lio Jos\u00e9 (PMDB-DF), F\u00e1tima Bezerra (PT-RN).<\/p>\n<p style=\"text-align: justify;\">C\u00e1ssio afirmou que muitos agentes de tr\u00e2nsito j\u00e1 foram atropelados, mortos ou amea\u00e7ados. Gleisi disse que a medida dar\u00e1 mais seguran\u00e7a para os agentes de tr\u00e2nsito. Amorim afirmou que, embora seja contr\u00e1rio ao \u201cdesarmamento desenfreado\u201d, apoia o PLC devido \u00e0 periculosidade da atividade. Medeiros, relator do projeto, argumentou que os agentes receber\u00e3o treinamento e capacita\u00e7\u00e3o. Wilder afirmou que o Estatuto do Desarmamento \u201cdesarmou cidad\u00e3os de bem\u201d.<\/p>\n<p style=\"text-align: justify;\">J\u00e1 Simone Tebet (PMDB-MS) defendeu que a libera\u00e7\u00e3o seja v\u00e1lida apenas para agentes que trabalhem em vias p\u00fablicas. O senador Ant\u00f4nio Carlos Valadares (PSB-SE) disse que a viol\u00eancia est\u00e1 acachapante no pa\u00eds e tomou conta de todos os estados, nas cidades e na zona rural.<\/p>\n<h3><b>Votos contr\u00e1rios<\/b><\/h3>\n<p style=\"text-align: justify;\">J\u00e1 os senadores Lindbergh Farias (PT-RJ), Cristovam Buarque (PPS-DF), Eduardo Braga (PMDB-AM), Antonio Anastasia (PSDB-MG) e Pedro Chaves (PSC-MS) se manifestaram contra o projeto.<\/p>\n<p style=\"text-align: justify;\">Lindbergh disse acreditar que a medida ser\u00e1 ruim, pois tornar\u00e1 os agentes mais visados e vulner\u00e1veis, o que poder\u00e1 aumentar o n\u00famero de conflitos.<\/p>\n<p style=\"text-align: justify;\">\u2014 Espero que eu esteja errado \u2014 disse Lindbergh.<\/p>\n<p style=\"text-align: justify;\">Na avalia\u00e7\u00e3o de Cristovam, uma pessoa armada est\u00e1 mais sujeita \u00e0 viol\u00eancia que uma desarmada. Conforme disse, 15 agentes de tr\u00e2nsito foram mortos no Brasil em 2016.<\/p>\n<p style=\"text-align: justify;\">\u2014 Esse n\u00famero vai aumentar. Guarda de tr\u00e2nsito n\u00e3o ganha para prender ou matar bandidos. Armar mais as pessoas n\u00e3o \u00e9 a solu\u00e7\u00e3o. Por que n\u00e3o armar os motoristas de t\u00e1xi, os motoristas de caminh\u00e3o? Daqui a pouco vamos querer armar toda a popula\u00e7\u00e3o. Voto contra \u2014 afirmou Cristovam.<\/p>\n<p style=\"text-align: justify;\">J\u00e1 a senadora Vanessa Grazziotin (PCdoB-AM) sugeriu mais investimentos na primeira inf\u00e2ncia e na juventude, por \u201cuma sociedade mais sadia\u201d.<\/p>\n<p style=\"text-align: justify;\"><a href=\"http:\/\/senoticias.com.br\/se\/wp-content\/uploads\/2017\/09\/Logo-fone-1-2-1-2-4-6-1-1-1-2.jpg\"><img loading=\"lazy\" decoding=\"async\" class=\"aligncenter size-full wp-image-106641\" src=\"http:\/\/senoticias.com.br\/se\/wp-content\/uploads\/2017\/09\/Logo-fone-1-2-1-2-4-6-1-1-1-2.jpg\" alt=\"Logo-fone-1-2-1-2-4-6-1-1-1\" width=\"599\" height=\"78\" srcset=\"https:\/\/senoticias.com.br\/se\/wp-content\/uploads\/2017\/09\/Logo-fone-1-2-1-2-4-6-1-1-1-2.jpg 599w, https:\/\/senoticias.com.br\/se\/wp-content\/uploads\/2017\/09\/Logo-fone-1-2-1-2-4-6-1-1-1-2-300x39.jpg 300w\" sizes=\"(max-width: 599px) 100vw, 599px\" \/><\/a><\/p>\n<p style=\"text-align: justify;\"><em><strong>Acompanhe tamb\u00e9m o SE Not\u00edcias no\u00a0<a href=\"https:\/\/twitter.com\/Senoticias\" target=\"_blank\">Twitter<\/a>,\u00a0<a href=\"https:\/\/www.facebook.com\/senoticias1\" target=\"_blank\">Facebook<\/a>\u00a0e no\u00a0<a href=\"https:\/\/www.instagram.com\/senoticias\/\" target=\"_blank\">Instagram<\/a><\/strong><\/em><\/p>\n<p style=\"text-align: justify;\"><em>Por Ag\u00eancia Senado<\/em><\/p>\n<\/div>\n<\/div>\n<\/div>\n<\/div>\n<\/div>\n","protected":false},"excerpt":{"rendered":"<p>O Plen\u00e1rio do Senado aprovou nesta quarta-feira (27), em vota\u00e7\u00e3o simb\u00f3lica, o projeto de lei (PLC 152\/2015) que permite o porte de arma de fogo em servi\u00e7o por agentes da autoridade de tr\u00e2nsito da Uni\u00e3o, dos estados, do Distrito Federal e dos munic\u00edpios que n\u00e3o sejam policiais. Guardas municipais nessa fun\u00e7\u00e3o tamb\u00e9m ter\u00e3o o mesmo [&hellip;]<\/p>\n","protected":false},"author":2,"featured_media":107019,"comment_status":"closed","ping_status":"closed","sticky":false,"template":"","format":"standard","meta":{"footnotes":""},"categories":[15],"tags":[6140,6142,295,6141],"class_list":{"0":"post-107018","1":"post","2":"type-post","3":"status-publish","4":"format-standard","5":"has-post-thumbnail","7":"category-destaques","8":"tag-agentes-de-transito","9":"tag-codigo-de-transito-brasileiro","10":"tag-senado","11":"tag-trabalhar-armados"},"_links":{"self":[{"href":"https:\/\/senoticias.com.br\/se\/wp-json\/wp\/v2\/posts\/107018"}],"collection":[{"href":"https:\/\/senoticias.com.br\/se\/wp-json\/wp\/v2\/posts"}],"about":[{"href":"https:\/\/senoticias.com.br\/se\/wp-json\/wp\/v2\/types\/post"}],"author":[{"embeddable":true,"href":"https:\/\/senoticias.com.br\/se\/wp-json\/wp\/v2\/users\/2"}],"replies":[{"embeddable":true,"href":"https:\/\/senoticias.com.br\/se\/wp-json\/wp\/v2\/comments?post=107018"}],"version-history":[{"count":0,"href":"https:\/\/senoticias.com.br\/se\/wp-json\/wp\/v2\/posts\/107018\/revisions"}],"wp:featuredmedia":[{"embeddable":true,"href":"https:\/\/senoticias.com.br\/se\/wp-json\/wp\/v2\/media\/107019"}],"wp:attachment":[{"href":"https:\/\/senoticias.com.br\/se\/wp-json\/wp\/v2\/media?parent=107018"}],"wp:term":[{"taxonomy":"category","embeddable":true,"href":"https:\/\/senoticias.com.br\/se\/wp-json\/wp\/v2\/categories?post=107018"},{"taxonomy":"post_tag","embeddable":true,"href":"https:\/\/senoticias.com.br\/se\/wp-json\/wp\/v2\/tags?post=107018"}],"curies":[{"name":"wp","href":"https:\/\/api.w.org\/{rel}","templated":true}]}}