{"id":107008,"date":"2017-09-27T14:00:11","date_gmt":"2017-09-27T17:00:11","guid":{"rendered":"http:\/\/senoticias.com.br\/se\/?p=107008"},"modified":"2017-09-27T14:00:11","modified_gmt":"2017-09-27T17:00:11","slug":"ministerio-da-agricultura-divulga-edital-de-concurso-para-300-vagas-salario-e-de-r-145-mil","status":"publish","type":"post","link":"https:\/\/senoticias.com.br\/se\/ministerio-da-agricultura-divulga-edital-de-concurso-para-300-vagas-salario-e-de-r-145-mil\/","title":{"rendered":"Minist\u00e9rio da Agricultura divulga edital de concurso para 300 vagas;  sal\u00e1rio \u00e9 de R$ 14,5 mil"},"content":{"rendered":"<p style=\"text-align: justify;\">\nO Minist\u00e9rio da Agricultura, Pecu\u00e1ria e Abastecimento (Mapa) divulgou edital de concurso p\u00fablico para 300 vagas de auditor fiscal federal agropecu\u00e1rio \u2013 m\u00e9dico veterin\u00e1rio. O sal\u00e1rio \u00e9 de R$ 14.584,71. A Escola de Administra\u00e7\u00e3o Fazend\u00e1ria (Esaf) \u00e9 a organizadora respons\u00e1vel pela sele\u00e7\u00e3o.<\/p>\n<div id=\"attachment_92119\" style=\"width: 609px\" class=\"wp-caption aligncenter\"><a href=\"http:\/\/senoticias.com.br\/se\/wp-content\/uploads\/2016\/05\/Concursos-p\u00fablicos-SENot\u00edcias1-e1475772112966.jpeg\"><img loading=\"lazy\" decoding=\"async\" aria-describedby=\"caption-attachment-92119\" class=\"size-full wp-image-92119\" src=\"http:\/\/senoticias.com.br\/se\/wp-content\/uploads\/2016\/05\/Concursos-p\u00fablicos-SENot\u00edcias1-e1475772112966.jpeg\" alt=\"Oportunidades s\u00e3o para m\u00e9dico veterin\u00e1rio. O sal\u00e1rio \u00e9 de R$ 14,5 mil.\" width=\"599\" height=\"399\" \/><\/a><p id=\"caption-attachment-92119\" class=\"wp-caption-text\">Oportunidades s\u00e3o para m\u00e9dico veterin\u00e1rio. O sal\u00e1rio \u00e9 de R$ 14,5 mil.<\/p><\/div>\n<p style=\"text-align: justify;\">s candidatos devem ter n\u00edvel superior em medicina veterin\u00e1ria e disponibilidade para atuar em jornada flex\u00edvel, conforme necessidade. A jornada de trabalho ser\u00e1 de 40 horas semanais.<\/p>\n<p>As inscri\u00e7\u00f5es estar\u00e3o abertas de 2 a 16 de outubro pelo site <span style=\"color: #000080;\"><strong>www.esaf.fazenda.gov.br<\/strong><\/span>. A taxa \u00e9 de R$ 120.<\/p>\n<p style=\"text-align: justify;\"><strong>As vagas por munic\u00edpio e UF<\/strong><\/p>\n<p style=\"text-align: justify;\">As provas objetivas ser\u00e3o aplicadas em 26 de novembro, nas cidades de Aracaju, Bel\u00e9m, Belo Horizonte, Boa Vista, Bras\u00edlia, Campo Grande, Cuiab\u00e1, Curitiba, Florian\u00f3polis, Fortaleza, Goi\u00e2nia, Jo\u00e3o Pessoa, Macap\u00e1, Macei\u00f3, Manaus, Natal, Palmas, Porto Alegre, Porto Velho, Recife, Rio Branco, Rio de Janeiro, Salvador, S\u00e3o Lu\u00eds, S\u00e3o Paulo, Teresina e Vit\u00f3ria.<\/p>\n<p style=\"text-align: justify;\">O concurso ter\u00e1 validade de dois anos e poder\u00e1 ser prorrogado por igual per\u00edodo.<br \/>\nMinist\u00e9rio da Agricultura, Pecu\u00e1ria e Abastecimento (Mapa)<\/p>\n<p>Vagas: 300<br \/>\nSal\u00e1rio: R$ 14.584,71<br \/>\nInscri\u00e7\u00f5es: 2 a 16 de outubro<br \/>\nTaxa: R$ 120<br \/>\nProva: 26 de novembro<\/p>\n<p><a href=\"http:\/\/senoticias.com.br\/se\/wp-content\/uploads\/2017\/09\/Logo-fone-1-2-1-2-4-6-1-1-1-2.jpg\"><img loading=\"lazy\" decoding=\"async\" class=\"aligncenter size-full wp-image-106641\" src=\"http:\/\/senoticias.com.br\/se\/wp-content\/uploads\/2017\/09\/Logo-fone-1-2-1-2-4-6-1-1-1-2.jpg\" alt=\"Logo-fone-1-2-1-2-4-6-1-1-1\" width=\"599\" height=\"78\" srcset=\"https:\/\/senoticias.com.br\/se\/wp-content\/uploads\/2017\/09\/Logo-fone-1-2-1-2-4-6-1-1-1-2.jpg 599w, https:\/\/senoticias.com.br\/se\/wp-content\/uploads\/2017\/09\/Logo-fone-1-2-1-2-4-6-1-1-1-2-300x39.jpg 300w\" sizes=\"(max-width: 599px) 100vw, 599px\" \/><\/a><\/p>\n<p><em><strong>Acompanhe tamb\u00e9m o SE Not\u00edcias no\u00a0<a href=\"https:\/\/twitter.com\/Senoticias\" target=\"_blank\">Twitter<\/a>,\u00a0<a href=\"https:\/\/www.facebook.com\/senoticias1\" target=\"_blank\">Facebook<\/a>\u00a0e no\u00a0<a href=\"https:\/\/www.instagram.com\/senoticias\/\" target=\"_blank\">Instagram<\/a><\/strong><\/em><\/p>\n<p><strong><em>Por <a href=\"https:\/\/g1.globo.com\/economia\/concursos-e-emprego\/noticia\/ministerio-da-agricultura-abre-concurso-para-300-vagas-esaf-e-a-organizadora.ghtml\">G1<\/a><\/em><\/strong><\/p>\n","protected":false},"excerpt":{"rendered":"<p>O Minist\u00e9rio da Agricultura, Pecu\u00e1ria e Abastecimento (Mapa) divulgou edital de concurso p\u00fablico para 300 vagas de auditor fiscal federal agropecu\u00e1rio \u2013 m\u00e9dico veterin\u00e1rio. O sal\u00e1rio \u00e9 de R$ 14.584,71. A Escola de Administra\u00e7\u00e3o Fazend\u00e1ria (Esaf) \u00e9 a organizadora respons\u00e1vel pela sele\u00e7\u00e3o. s candidatos devem ter n\u00edvel superior em medicina veterin\u00e1ria e disponibilidade para atuar [&hellip;]<\/p>\n","protected":false},"author":2,"featured_media":92119,"comment_status":"closed","ping_status":"closed","sticky":false,"template":"","format":"standard","meta":{"footnotes":""},"categories":[9,15],"tags":[6127,6126,6125,3539],"class_list":{"0":"post-107008","1":"post","2":"type-post","3":"status-publish","4":"format-standard","5":"has-post-thumbnail","7":"category-concursos","8":"category-destaques","9":"tag-concurso-para-300-vagas","10":"tag-edital-de-concurso","11":"tag-ministerio-da-agricultura","12":"tag-salario"},"_links":{"self":[{"href":"https:\/\/senoticias.com.br\/se\/wp-json\/wp\/v2\/posts\/107008"}],"collection":[{"href":"https:\/\/senoticias.com.br\/se\/wp-json\/wp\/v2\/posts"}],"about":[{"href":"https:\/\/senoticias.com.br\/se\/wp-json\/wp\/v2\/types\/post"}],"author":[{"embeddable":true,"href":"https:\/\/senoticias.com.br\/se\/wp-json\/wp\/v2\/users\/2"}],"replies":[{"embeddable":true,"href":"https:\/\/senoticias.com.br\/se\/wp-json\/wp\/v2\/comments?post=107008"}],"version-history":[{"count":0,"href":"https:\/\/senoticias.com.br\/se\/wp-json\/wp\/v2\/posts\/107008\/revisions"}],"wp:featuredmedia":[{"embeddable":true,"href":"https:\/\/senoticias.com.br\/se\/wp-json\/wp\/v2\/media\/92119"}],"wp:attachment":[{"href":"https:\/\/senoticias.com.br\/se\/wp-json\/wp\/v2\/media?parent=107008"}],"wp:term":[{"taxonomy":"category","embeddable":true,"href":"https:\/\/senoticias.com.br\/se\/wp-json\/wp\/v2\/categories?post=107008"},{"taxonomy":"post_tag","embeddable":true,"href":"https:\/\/senoticias.com.br\/se\/wp-json\/wp\/v2\/tags?post=107008"}],"curies":[{"name":"wp","href":"https:\/\/api.w.org\/{rel}","templated":true}]}}