{"id":107005,"date":"2017-09-27T12:09:00","date_gmt":"2017-09-27T15:09:00","guid":{"rendered":"http:\/\/senoticias.com.br\/se\/?p=107005"},"modified":"2017-09-27T12:09:00","modified_gmt":"2017-09-27T15:09:00","slug":"ex-aliado-mendonca-prado-critica-edvaldo-nogueira-prefeito-aprenda-a-ser-homem","status":"publish","type":"post","link":"https:\/\/senoticias.com.br\/se\/ex-aliado-mendonca-prado-critica-edvaldo-nogueira-prefeito-aprenda-a-ser-homem\/","title":{"rendered":"Ex-aliado Mendon\u00e7a Prado critica Edvaldo Nogueira: \u201cPrefeito, aprenda a ser homem\u201d"},"content":{"rendered":"<p style=\"text-align: justify;\"><em>Munir Darrage*<\/em><\/p>\n<p style=\"text-align: justify;\">O ex-presidente da Emsurb, Mendon\u00e7a Prado, concedeu a primeira entrevista ap\u00f3s ter deixado a prefeitura e n\u00e3o deixou d\u00favidas da irrita\u00e7\u00e3o e magoa do prefeito da capital Edvaldo Nogueira (PCdoB). Para Mendon\u00e7a, \u201cEdvaldo \u00e9 um fraco e precisa aprender a ser homem\u201d.<\/p>\n<div id=\"attachment_107006\" style=\"width: 609px\" class=\"wp-caption aligncenter\"><a href=\"http:\/\/senoticias.com.br\/se\/wp-content\/uploads\/2017\/09\/MENDONCA-PRADO-SENOTICIAS-e1506524515667.jpg\"><img loading=\"lazy\" decoding=\"async\" aria-describedby=\"caption-attachment-107006\" class=\"size-full wp-image-107006\" src=\"http:\/\/senoticias.com.br\/se\/wp-content\/uploads\/2017\/09\/MENDONCA-PRADO-SENOTICIAS-e1506524515667.jpg\" alt=\"Mendon\u00e7a Prado diz que Edvaldo \u00e9 fraco\" width=\"599\" height=\"337\" \/><\/a><p id=\"caption-attachment-107006\" class=\"wp-caption-text\">Mendon\u00e7a Prado diz que Edvaldo \u00e9 fraco (foto: Fan FM)<\/p><\/div>\n<p style=\"text-align: justify;\">Com essas palavras, o ex-secret\u00e1rio de Edvaldo conduziu a entrevista que concedeu ao radialista George Magalh\u00e3es, na manh\u00e3 desta quarta-feira (27), onde aproveitou para falar sobre sua sa\u00edda da Emsurb, como tamb\u00e9m os motivos que o levou para deixar a empresa municipal.<\/p>\n<p style=\"text-align: justify;\">Mendon\u00e7a Prado foi muito duro nas cr\u00edticas que fez a Edvaldo Nogueira, acusando-o de t\u00ea-lo abandonado durante o processo que o afastou da Emsurb e que de l\u00e1 para c\u00e1 o prefeito n\u00e3o o procurou mais. Mendon\u00e7a disse que Edvaldo o tratou como um cachorro. \u201cVoc\u00ea me tratou como se eu fosse um leproso; um cachorro; o comandante de uma tropa volta para socorrer seus comandados, mas voc\u00ea n\u00e3o; aprenda a ser homem\u201d, desabafou Mendon\u00e7a, se referindo aos compromissos assumidos pelo prefeito na \u00faltima elei\u00e7\u00e3o.<\/p>\n<p>O sentimento do ex-presidente da Emsurb foi o fato de o prefeito Edvaldo em nenhum momento ter telefonado para ele para saber de sua situa\u00e7\u00e3o e como estava sendo resolvido os problemas da empresa. \u201cEle precisa ser humilde. Em nenhum momento durante todo esse tempo ele me ligou. O que ele fez comigo n\u00e3o se faz nem com um cachorro\u201d, afirma Mendon\u00e7a.<\/p>\n<p style=\"text-align: justify;\">Ainda durante a entrevista, Mendon\u00e7a lembrou do esfor\u00e7o que fez para que Edvaldo fosse eleito em resposta a esse apoio, o prefeito h\u00e1 mais de seis meses que n\u00e3o o procura. \u201cEu n\u00e3o preciso de voc\u00ea, at\u00e9 porque voc\u00ea n\u00e3o chega a sola de meu sapato. Veja por exemplo, o governador Jackson Barreto me telefonou para saber se eu precisava de alguma coisa, mas o Edvaldo n\u00e3o\u201d, reclamou.<\/p>\n<p style=\"text-align: justify;\">Mendon\u00e7a Prado falou tamb\u00e9m sobre a atua\u00e7\u00e3o do delegado de pol\u00edcia Alessandro Vieira, afirmando que \u201co senhor quer fazer pol\u00edtica nas minhas costas. \u00c9 preciso que a Procuradoria Eleitoral fique atenta porque ele est\u00e1 fazendo campanha eleitoral usando a fun\u00e7\u00e3o\u201d, acusou Mendon\u00e7a, chegando a comparar o delegado com o deputado Dem\u00f3stenes Torres.<\/p>\n<p style=\"text-align: justify;\">Sobre o futuro pol\u00edtico, Mendon\u00e7a disse que \u00e9 pr\u00e9-candidato a deputado federal, mas que ainda n\u00e3o decidiu por qual partido, garantindo apenas que v\u00e1rios partidos fizeram convite e que em breve resolver\u00e1.<\/p>\n<p style=\"text-align: justify;\">Ele lamentou tamb\u00e9m o pouco tempo que esteve \u00e0 frente da Emsurb, e do processo que foi aberto contra ele, afirmando que \u201ceu n\u00e3o tive tempo nem de errar. N\u00f3s somos vitimas do sistema. Eu n\u00e3o fiz nenhuma licita\u00e7\u00e3o e todos n\u00f3s sabemos que o objetivo era me prender\u201d, afurnou.<\/p>\n<p style=\"text-align: justify;\">Tamb\u00e9m sobre as empresas do lixo, Mendon\u00e7a disse que \u201ca Emsurb hoje gasta muito mais e quero deixar claro que nunca tive ajuda de nenhuma empresa, ali\u00e1s nem conhe\u00e7o seus propriet\u00e1rios\u201d, garantiu dizendo que \u201cquem tiver que responda\u201d.<\/p>\n<p><em>Mat\u00e9ria produzida por\u00a0<a href=\"http:\/\/www.faxaju.com.br\/index.php\/2017\/09\/27\/irritado-mendonca-prado-dispara-edvaldo-aprenda-a-ser-homem\/\"><strong>Munir Darrage<\/strong><\/a>, do Fax Aju<\/em><\/p>\n<p>&nbsp;<\/p>\n<p><a href=\"http:\/\/senoticias.com.br\/se\/wp-content\/uploads\/2017\/09\/Logo-fone-1-2-1-2-4-6-1-1-1-2.jpg\"><img loading=\"lazy\" decoding=\"async\" class=\"aligncenter size-full wp-image-106641\" src=\"http:\/\/senoticias.com.br\/se\/wp-content\/uploads\/2017\/09\/Logo-fone-1-2-1-2-4-6-1-1-1-2.jpg\" alt=\"Logo-fone-1-2-1-2-4-6-1-1-1\" width=\"599\" height=\"78\" srcset=\"https:\/\/senoticias.com.br\/se\/wp-content\/uploads\/2017\/09\/Logo-fone-1-2-1-2-4-6-1-1-1-2.jpg 599w, https:\/\/senoticias.com.br\/se\/wp-content\/uploads\/2017\/09\/Logo-fone-1-2-1-2-4-6-1-1-1-2-300x39.jpg 300w\" sizes=\"(max-width: 599px) 100vw, 599px\" \/><\/a><\/p>\n<p>&nbsp;<\/p>\n<p><em><strong>Acompanhe tamb\u00e9m o SE Not\u00edcias no\u00a0<a href=\"https:\/\/twitter.com\/Senoticias\" target=\"_blank\">Twitter<\/a>,\u00a0<a href=\"https:\/\/www.facebook.com\/senoticias1\" target=\"_blank\">Facebook<\/a>\u00a0e no\u00a0<a href=\"https:\/\/www.instagram.com\/senoticias\/\" target=\"_blank\">Instagram<\/a><\/strong><\/em><\/p>\n<p>&nbsp;<\/p>\n<p>&nbsp;<\/p>\n","protected":false},"excerpt":{"rendered":"<p>Munir Darrage* O ex-presidente da Emsurb, Mendon\u00e7a Prado, concedeu a primeira entrevista ap\u00f3s ter deixado a prefeitura e n\u00e3o deixou d\u00favidas da irrita\u00e7\u00e3o e magoa do prefeito da capital Edvaldo Nogueira (PCdoB). Para Mendon\u00e7a, \u201cEdvaldo \u00e9 um fraco e precisa aprender a ser homem\u201d. Com essas palavras, o ex-secret\u00e1rio de Edvaldo conduziu a entrevista que [&hellip;]<\/p>\n","protected":false},"author":2,"featured_media":107006,"comment_status":"closed","ping_status":"closed","sticky":false,"template":"","format":"standard","meta":{"footnotes":""},"categories":[6],"tags":[],"class_list":{"0":"post-107005","1":"post","2":"type-post","3":"status-publish","4":"format-standard","5":"has-post-thumbnail","7":"category-politica"},"_links":{"self":[{"href":"https:\/\/senoticias.com.br\/se\/wp-json\/wp\/v2\/posts\/107005"}],"collection":[{"href":"https:\/\/senoticias.com.br\/se\/wp-json\/wp\/v2\/posts"}],"about":[{"href":"https:\/\/senoticias.com.br\/se\/wp-json\/wp\/v2\/types\/post"}],"author":[{"embeddable":true,"href":"https:\/\/senoticias.com.br\/se\/wp-json\/wp\/v2\/users\/2"}],"replies":[{"embeddable":true,"href":"https:\/\/senoticias.com.br\/se\/wp-json\/wp\/v2\/comments?post=107005"}],"version-history":[{"count":0,"href":"https:\/\/senoticias.com.br\/se\/wp-json\/wp\/v2\/posts\/107005\/revisions"}],"wp:featuredmedia":[{"embeddable":true,"href":"https:\/\/senoticias.com.br\/se\/wp-json\/wp\/v2\/media\/107006"}],"wp:attachment":[{"href":"https:\/\/senoticias.com.br\/se\/wp-json\/wp\/v2\/media?parent=107005"}],"wp:term":[{"taxonomy":"category","embeddable":true,"href":"https:\/\/senoticias.com.br\/se\/wp-json\/wp\/v2\/categories?post=107005"},{"taxonomy":"post_tag","embeddable":true,"href":"https:\/\/senoticias.com.br\/se\/wp-json\/wp\/v2\/tags?post=107005"}],"curies":[{"name":"wp","href":"https:\/\/api.w.org\/{rel}","templated":true}]}}