{"id":107003,"date":"2017-09-27T11:28:48","date_gmt":"2017-09-27T14:28:48","guid":{"rendered":"http:\/\/senoticias.com.br\/se\/?p=107003"},"modified":"2017-09-27T11:28:48","modified_gmt":"2017-09-27T14:28:48","slug":"diego-costa-retorna-ao-atletico-de-madrid-muito-contente-por-voltar-a-minha-casa","status":"publish","type":"post","link":"https:\/\/senoticias.com.br\/se\/diego-costa-retorna-ao-atletico-de-madrid-muito-contente-por-voltar-a-minha-casa\/","title":{"rendered":"Diego Costa retorna ao Atl\u00e9tico de Madrid: &#8220;Muito contente por voltar \u00e0 minha casa&#8221;"},"content":{"rendered":"<p style=\"text-align: justify;\">Diego Costa est\u00e1 de volta ao Atl\u00e9tico de Madrid, ainda que s\u00f3 possa reestrear pela equipe colchonera em janeiro. O an\u00fancio foi feito nesta ter\u00e7a-feira, dias ap\u00f3s o time espanhol chegar a um acordo com o Chelsea pela contrata\u00e7\u00e3o do atacante. Com o acerto entre os clubes, ele viajou do Sergipe \u00e0 capital espanhola para realizar exames m\u00e9dicos e assinar contrato. Como a janela reabre apenas na virada do ano, ele passar\u00e1 tr\u00eas meses s\u00f3 treinando at\u00e9 poder vestir a camisa 18 do Atleti em um jogo oficial.<\/p>\n<div id=\"attachment_107004\" style=\"width: 609px\" class=\"wp-caption aligncenter\"><a href=\"http:\/\/senoticias.com.br\/se\/wp-content\/uploads\/2017\/09\/Diego-Costa-SENOTICIAS.jpg\"><img loading=\"lazy\" decoding=\"async\" aria-describedby=\"caption-attachment-107004\" class=\"size-full wp-image-107004\" src=\"http:\/\/senoticias.com.br\/se\/wp-content\/uploads\/2017\/09\/Diego-Costa-SENOTICIAS-e1506522391182.jpg\" alt=\"Diego Costa \u00e9 aprovado nos exames m\u00e9dicos e est\u00e1 de volta ao Atl\u00e9tico de Madrid (Foto: Divulga\u00e7\u00e3o \/ Atl\u00e9tico de Madrid)\" width=\"599\" height=\"352\" \/><\/a><p id=\"caption-attachment-107004\" class=\"wp-caption-text\">Diego Costa \u00e9 aprovado nos exames m\u00e9dicos e est\u00e1 de volta ao Atl\u00e9tico de Madrid (Foto: Divulga\u00e7\u00e3o \/ Atl\u00e9tico de Madrid)<\/p><\/div>\n<p style=\"text-align: justify;\">&#8211; Estou muito contente em voltar \u00e0 minha casa, sempre disse isso. O Atl\u00e9tico \u00e9 a minha casa e estou muito feliz. Eu realmente quero come\u00e7ar a ajudar. Vou dar tudo para o time, como sempre tentei fazer &#8211; disse o atacante.<\/p>\n<p style=\"text-align: justify;\">O Atl\u00e9tico n\u00e3o informou o tempo de contrato e tampouco os valores do neg\u00f3cio com o Chelsea. Mas, segundo o jornal &#8220;Marca&#8221;, o acordo envolve um empr\u00e9stimo at\u00e9 o final da temporada, quando o time espanhol exercer\u00e1 a op\u00e7\u00e3o de compra para assinar por tr\u00eas anos com o espanhol. Para isso, pagar\u00e1 \u20ac 55 milh\u00f5es (R$ 205 milh\u00f5es) fixos &#8211; mas h\u00e1 ainda \u20ac 10 milh\u00f5es (R$ 37,5 milh\u00f5es) em vari\u00e1veis.<\/p>\n<p><strong>Novela de tr\u00eas meses<\/strong><\/p>\n<p style=\"text-align: justify;\">Nas \u00faltimas semanas, Diego Costa n\u00e3o se reapresentou ao Chelsea e passou o in\u00edcio de temporada em Lagarto, sua cidade natal, no Sergipe, \u00e0 espera de um desfecho nas negocia\u00e7\u00f5es. Avisado pelo t\u00e9cnico Antonio Conte de que n\u00e3o fazia mais parte dos planos, o brasileiro teria se recusado a retornar para Londres, se reapresentar ao Chelsea e treinar com o time B &#8211; o que teria feito o Chelsea manter-se resistente nas negocia\u00e7\u00f5es sobre o futuro do jogador.<\/p>\n<p style=\"text-align: justify;\">O astro soma mais de 100 dias sem entrar em campo desde que atuou na partida entre Espanha e Maced\u00f4nia, em junho. Ap\u00f3s o prov\u00e1vel desfecho positivo da negocia\u00e7\u00e3o, ele se apresentar\u00e1 \u00e0 comiss\u00e3o t\u00e9cnica de Diego Simeone e buscar\u00e1 a forma f\u00edsica ideal at\u00e9 o dia 1\u00ba de janeiro, quando estar\u00e1 apto a atuar em um jogo oficial do Atletico.<\/p>\n<p style=\"text-align: justify;\"><a href=\"http:\/\/senoticias.com.br\/se\/wp-content\/uploads\/2017\/09\/Logo-fone-1-2-1-2-4-6-1-1-1-2.jpg\"><img loading=\"lazy\" decoding=\"async\" class=\"aligncenter size-full wp-image-106641\" src=\"http:\/\/senoticias.com.br\/se\/wp-content\/uploads\/2017\/09\/Logo-fone-1-2-1-2-4-6-1-1-1-2.jpg\" alt=\"Logo-fone-1-2-1-2-4-6-1-1-1\" width=\"599\" height=\"78\" srcset=\"https:\/\/senoticias.com.br\/se\/wp-content\/uploads\/2017\/09\/Logo-fone-1-2-1-2-4-6-1-1-1-2.jpg 599w, https:\/\/senoticias.com.br\/se\/wp-content\/uploads\/2017\/09\/Logo-fone-1-2-1-2-4-6-1-1-1-2-300x39.jpg 300w\" sizes=\"(max-width: 599px) 100vw, 599px\" \/><\/a><\/p>\n<p style=\"text-align: justify;\"><em><strong>Acompanhe tamb\u00e9m o SE Not\u00edcias no\u00a0<a href=\"https:\/\/twitter.com\/Senoticias\" target=\"_blank\">Twitter<\/a>,\u00a0<a href=\"https:\/\/www.facebook.com\/senoticias1\" target=\"_blank\">Facebook<\/a>\u00a0e no\u00a0<a href=\"https:\/\/www.instagram.com\/senoticias\/\" target=\"_blank\">Instagram<\/a><\/strong><\/em><\/p>\n<p style=\"text-align: justify;\"><em>Por <a href=\"https:\/\/globoesporte.globo.com\/futebol\/futebol-internacional\/futebol-espanhol\/noticia\/atletico-de-madrid-oficializa-retorno-de-diego-costa.ghtml\"><strong>Globo<\/strong><\/a> Esporte<\/em><\/p>\n","protected":false},"excerpt":{"rendered":"<p>Diego Costa est\u00e1 de volta ao Atl\u00e9tico de Madrid, ainda que s\u00f3 possa reestrear pela equipe colchonera em janeiro. O an\u00fancio foi feito nesta ter\u00e7a-feira, dias ap\u00f3s o time espanhol chegar a um acordo com o Chelsea pela contrata\u00e7\u00e3o do atacante. Com o acerto entre os clubes, ele viajou do Sergipe \u00e0 capital espanhola para [&hellip;]<\/p>\n","protected":false},"author":2,"featured_media":107004,"comment_status":"closed","ping_status":"closed","sticky":false,"template":"","format":"standard","meta":{"footnotes":""},"categories":[26],"tags":[6123,6124,722],"class_list":{"0":"post-107003","1":"post","2":"type-post","3":"status-publish","4":"format-standard","5":"has-post-thumbnail","7":"category-esportes","8":"tag-atletico-de-madrid","9":"tag-chelsea","10":"tag-diego-costa"},"_links":{"self":[{"href":"https:\/\/senoticias.com.br\/se\/wp-json\/wp\/v2\/posts\/107003"}],"collection":[{"href":"https:\/\/senoticias.com.br\/se\/wp-json\/wp\/v2\/posts"}],"about":[{"href":"https:\/\/senoticias.com.br\/se\/wp-json\/wp\/v2\/types\/post"}],"author":[{"embeddable":true,"href":"https:\/\/senoticias.com.br\/se\/wp-json\/wp\/v2\/users\/2"}],"replies":[{"embeddable":true,"href":"https:\/\/senoticias.com.br\/se\/wp-json\/wp\/v2\/comments?post=107003"}],"version-history":[{"count":0,"href":"https:\/\/senoticias.com.br\/se\/wp-json\/wp\/v2\/posts\/107003\/revisions"}],"wp:featuredmedia":[{"embeddable":true,"href":"https:\/\/senoticias.com.br\/se\/wp-json\/wp\/v2\/media\/107004"}],"wp:attachment":[{"href":"https:\/\/senoticias.com.br\/se\/wp-json\/wp\/v2\/media?parent=107003"}],"wp:term":[{"taxonomy":"category","embeddable":true,"href":"https:\/\/senoticias.com.br\/se\/wp-json\/wp\/v2\/categories?post=107003"},{"taxonomy":"post_tag","embeddable":true,"href":"https:\/\/senoticias.com.br\/se\/wp-json\/wp\/v2\/tags?post=107003"}],"curies":[{"name":"wp","href":"https:\/\/api.w.org\/{rel}","templated":true}]}}