{"id":106989,"date":"2017-09-26T20:14:40","date_gmt":"2017-09-26T23:14:40","guid":{"rendered":"http:\/\/senoticias.com.br\/se\/?p=106989"},"modified":"2017-09-26T20:14:40","modified_gmt":"2017-09-26T23:14:40","slug":"em-itaporanga-policia-sergipana-prende-foragido-da-justica-do-para","status":"publish","type":"post","link":"https:\/\/senoticias.com.br\/se\/em-itaporanga-policia-sergipana-prende-foragido-da-justica-do-para\/","title":{"rendered":"Em Itaporanga, pol\u00edcia sergipana prende foragido da justi\u00e7a do Par\u00e1"},"content":{"rendered":"<p style=\"text-align: justify;\">Nesta ter\u00e7a-feira, 26, a pol\u00edcia sergipana prendeu Roberto Francisco dos Santos J\u00fanior, foragido da justi\u00e7a de Ananindeua, no estado do Par\u00e1. O homem possui mandado de pris\u00e3o pelo crime de roubo majorado. A pris\u00e3o ocorreu na cidade de Itaporanga D\u2019ajuda, regi\u00e3o Leste do Estado.<\/p>\n<div id=\"attachment_106990\" style=\"width: 609px\" class=\"wp-caption aligncenter\"><a href=\"http:\/\/senoticias.com.br\/se\/wp-content\/uploads\/2017\/09\/Capturar.png\"><img loading=\"lazy\" decoding=\"async\" aria-describedby=\"caption-attachment-106990\" class=\"size-full wp-image-106990\" src=\"http:\/\/senoticias.com.br\/se\/wp-content\/uploads\/2017\/09\/Capturar-e1506467536661.png\" alt=\"Segundo a pol\u00edcia, o suspeito estava foragido desde o ano de 2013\" width=\"599\" height=\"443\" \/><\/a><p id=\"caption-attachment-106990\" class=\"wp-caption-text\">Segundo a pol\u00edcia, o suspeito estava foragido desde o ano de 2013 (foto: SSP\/SE)<\/p><\/div>\n<p style=\"text-align: justify;\">De acordo com as equipes, os policias receberam informa\u00e7\u00f5es sobre o foragido e seguiram at\u00e9 a resid\u00eancia de Roberto.<\/p>\n<p style=\"text-align: justify;\">\n<p style=\"text-align: justify;\">O acusado tinha sido condenado a oito anos de pris\u00e3o em regime fechado e estava sendo procurado pela pol\u00edcia daquele estado desde 2013.\n<\/p>\n<p style=\"text-align: justify;\"><a href=\"http:\/\/senoticias.com.br\/se\/wp-content\/uploads\/2017\/09\/Logo-fone-1-2-1-2-4-6-1-1-1-2.jpg\"><img loading=\"lazy\" decoding=\"async\" class=\"aligncenter size-full wp-image-106641\" src=\"http:\/\/senoticias.com.br\/se\/wp-content\/uploads\/2017\/09\/Logo-fone-1-2-1-2-4-6-1-1-1-2.jpg\" alt=\"Logo-fone-1-2-1-2-4-6-1-1-1\" width=\"599\" height=\"78\" srcset=\"https:\/\/senoticias.com.br\/se\/wp-content\/uploads\/2017\/09\/Logo-fone-1-2-1-2-4-6-1-1-1-2.jpg 599w, https:\/\/senoticias.com.br\/se\/wp-content\/uploads\/2017\/09\/Logo-fone-1-2-1-2-4-6-1-1-1-2-300x39.jpg 300w\" sizes=\"(max-width: 599px) 100vw, 599px\" \/><\/a><\/p>\n<p style=\"text-align: justify;\">\n<p style=\"text-align: justify;\"><em><strong>Acompanhe tamb\u00e9m o SE Not\u00edcias no\u00a0<a href=\"https:\/\/twitter.com\/Senoticias\" target=\"_blank\">Twitter<\/a>,\u00a0<a href=\"https:\/\/www.facebook.com\/senoticias1\" target=\"_blank\">Facebook<\/a>\u00a0e no\u00a0<a href=\"https:\/\/www.instagram.com\/senoticias\/\" target=\"_blank\">Instagram<\/a><\/strong><\/em><\/p>\n<p style=\"text-align: justify;\"><em>Informa\u00e7\u00f5es da SSP\/SE<\/em><\/p>\n<p>&nbsp;<\/p>\n","protected":false},"excerpt":{"rendered":"<p>Nesta ter\u00e7a-feira, 26, a pol\u00edcia sergipana prendeu Roberto Francisco dos Santos J\u00fanior, foragido da justi\u00e7a de Ananindeua, no estado do Par\u00e1. O homem possui mandado de pris\u00e3o pelo crime de roubo majorado. A pris\u00e3o ocorreu na cidade de Itaporanga D\u2019ajuda, regi\u00e3o Leste do Estado. De acordo com as equipes, os policias receberam informa\u00e7\u00f5es sobre o [&hellip;]<\/p>\n","protected":false},"author":2,"featured_media":106990,"comment_status":"closed","ping_status":"closed","sticky":false,"template":"","format":"standard","meta":{"footnotes":""},"categories":[7],"tags":[6104,2130,6105,6103],"class_list":{"0":"post-106989","1":"post","2":"type-post","3":"status-publish","4":"format-standard","5":"has-post-thumbnail","7":"category-policia","8":"tag-foragido-da-justica","9":"tag-itaporanga","10":"tag-para","11":"tag-policia-sergipana"},"_links":{"self":[{"href":"https:\/\/senoticias.com.br\/se\/wp-json\/wp\/v2\/posts\/106989"}],"collection":[{"href":"https:\/\/senoticias.com.br\/se\/wp-json\/wp\/v2\/posts"}],"about":[{"href":"https:\/\/senoticias.com.br\/se\/wp-json\/wp\/v2\/types\/post"}],"author":[{"embeddable":true,"href":"https:\/\/senoticias.com.br\/se\/wp-json\/wp\/v2\/users\/2"}],"replies":[{"embeddable":true,"href":"https:\/\/senoticias.com.br\/se\/wp-json\/wp\/v2\/comments?post=106989"}],"version-history":[{"count":0,"href":"https:\/\/senoticias.com.br\/se\/wp-json\/wp\/v2\/posts\/106989\/revisions"}],"wp:featuredmedia":[{"embeddable":true,"href":"https:\/\/senoticias.com.br\/se\/wp-json\/wp\/v2\/media\/106990"}],"wp:attachment":[{"href":"https:\/\/senoticias.com.br\/se\/wp-json\/wp\/v2\/media?parent=106989"}],"wp:term":[{"taxonomy":"category","embeddable":true,"href":"https:\/\/senoticias.com.br\/se\/wp-json\/wp\/v2\/categories?post=106989"},{"taxonomy":"post_tag","embeddable":true,"href":"https:\/\/senoticias.com.br\/se\/wp-json\/wp\/v2\/tags?post=106989"}],"curies":[{"name":"wp","href":"https:\/\/api.w.org\/{rel}","templated":true}]}}