{"id":106922,"date":"2017-09-24T17:29:04","date_gmt":"2017-09-24T20:29:04","guid":{"rendered":"http:\/\/senoticias.com.br\/se\/?p=106922"},"modified":"2017-09-24T17:29:04","modified_gmt":"2017-09-24T20:29:04","slug":"foragido-da-justica-e-preso-em-flagrante-cometendo-o-mesmo-crime","status":"publish","type":"post","link":"https:\/\/senoticias.com.br\/se\/foragido-da-justica-e-preso-em-flagrante-cometendo-o-mesmo-crime\/","title":{"rendered":"Foragido da Justi\u00e7a \u00e9 preso em flagrante cometendo o mesmo crime"},"content":{"rendered":"<p style=\"text-align: justify;\">Policiais da 3\u00aa Companhia do 6\u00ba Batalh\u00e3o de Pol\u00edcia Militar (3\u00aa Cia\/6\u00ba BPM) prenderam em flagrante, na madrugada deste domingo, 24, no munic\u00edpio de Cristin\u00e1polis, Balbino Ferreira dos Santos, 37 anos, foragido da justi\u00e7a, por porte ilegal de arma de fogo.<\/p>\n<div id=\"attachment_106923\" style=\"width: 609px\" class=\"wp-caption aligncenter\"><a href=\"http:\/\/senoticias.com.br\/se\/wp-content\/uploads\/2017\/09\/\u00edndice-7-e1506284790424.jpg\"><img loading=\"lazy\" decoding=\"async\" aria-describedby=\"caption-attachment-106923\" class=\"size-full wp-image-106923\" src=\"http:\/\/senoticias.com.br\/se\/wp-content\/uploads\/2017\/09\/\u00edndice-7-e1506284790424.jpg\" alt=\"de porte ilegal de arma de fogo estava com rev\u00f3lver no momento da pris\u00e3o.\" width=\"599\" height=\"399\" \/><\/a><p id=\"caption-attachment-106923\" class=\"wp-caption-text\">Suspeito de porte ilegal de arma de fogo estava com rev\u00f3lver no momento da pris\u00e3o (foto: PM\/SE)<\/p><\/div>\n<p>A equipe do 6\u00ba BPM localizou Balbino Ferreira, ap\u00f3s receber a informa\u00e7\u00e3o de que ele estaria praticando uma s\u00e9rie de assaltos na cidade. No momento da pris\u00e3o, o acusado, que possui um mandado de pris\u00e3o em aberto, estava em posse de uma arma de fogo.<\/p>\n<p>O caso foi encaminhado \u00e0 Delegacia de Cristin\u00e1polis.<\/p>\n<p><a href=\"http:\/\/senoticias.com.br\/se\/wp-content\/uploads\/2017\/09\/Logo-fone-1-2-1-2-4-6-1-1-1-2.jpg\"><img loading=\"lazy\" decoding=\"async\" class=\"size-full wp-image-106641\" src=\"http:\/\/senoticias.com.br\/se\/wp-content\/uploads\/2017\/09\/Logo-fone-1-2-1-2-4-6-1-1-1-2.jpg\" alt=\"de porte ilegal de arma de fogo estava com rev\u00f3lver no momento da pris\u00e3o.\" width=\"599\" height=\"78\" srcset=\"https:\/\/senoticias.com.br\/se\/wp-content\/uploads\/2017\/09\/Logo-fone-1-2-1-2-4-6-1-1-1-2.jpg 599w, https:\/\/senoticias.com.br\/se\/wp-content\/uploads\/2017\/09\/Logo-fone-1-2-1-2-4-6-1-1-1-2-300x39.jpg 300w\" sizes=\"(max-width: 599px) 100vw, 599px\" \/><\/a><\/p>\n<p><em><strong>Acompanhe tamb\u00e9m o SE Not\u00edcias no\u00a0<a href=\"https:\/\/twitter.com\/Senoticias\" target=\"_blank\">Twitter<\/a>,\u00a0<a href=\"https:\/\/www.facebook.com\/senoticias1\" target=\"_blank\">Facebook<\/a>\u00a0e no\u00a0<a href=\"https:\/\/www.instagram.com\/senoticias\/\" target=\"_blank\">Instagram<\/a><\/strong><\/em><\/p>\n<p>&nbsp;<\/p>\n<p><em>por Ascom\/Sergipe<\/em><\/p>\n","protected":false},"excerpt":{"rendered":"<p>Policiais da 3\u00aa Companhia do 6\u00ba Batalh\u00e3o de Pol\u00edcia Militar (3\u00aa Cia\/6\u00ba BPM) prenderam em flagrante, na madrugada deste domingo, 24, no munic\u00edpio de Cristin\u00e1polis, Balbino Ferreira dos Santos, 37 anos, foragido da justi\u00e7a, por porte ilegal de arma de fogo. A equipe do 6\u00ba BPM localizou Balbino Ferreira, ap\u00f3s receber a informa\u00e7\u00e3o de que [&hellip;]<\/p>\n","protected":false},"author":2,"featured_media":106923,"comment_status":"closed","ping_status":"closed","sticky":false,"template":"","format":"standard","meta":{"footnotes":""},"categories":[15,7],"tags":[599,6044,2799],"class_list":{"0":"post-106922","1":"post","2":"type-post","3":"status-publish","4":"format-standard","5":"has-post-thumbnail","7":"category-destaques","8":"category-policia","9":"tag-flagrante","10":"tag-foragido","11":"tag-justica"},"_links":{"self":[{"href":"https:\/\/senoticias.com.br\/se\/wp-json\/wp\/v2\/posts\/106922"}],"collection":[{"href":"https:\/\/senoticias.com.br\/se\/wp-json\/wp\/v2\/posts"}],"about":[{"href":"https:\/\/senoticias.com.br\/se\/wp-json\/wp\/v2\/types\/post"}],"author":[{"embeddable":true,"href":"https:\/\/senoticias.com.br\/se\/wp-json\/wp\/v2\/users\/2"}],"replies":[{"embeddable":true,"href":"https:\/\/senoticias.com.br\/se\/wp-json\/wp\/v2\/comments?post=106922"}],"version-history":[{"count":0,"href":"https:\/\/senoticias.com.br\/se\/wp-json\/wp\/v2\/posts\/106922\/revisions"}],"wp:featuredmedia":[{"embeddable":true,"href":"https:\/\/senoticias.com.br\/se\/wp-json\/wp\/v2\/media\/106923"}],"wp:attachment":[{"href":"https:\/\/senoticias.com.br\/se\/wp-json\/wp\/v2\/media?parent=106922"}],"wp:term":[{"taxonomy":"category","embeddable":true,"href":"https:\/\/senoticias.com.br\/se\/wp-json\/wp\/v2\/categories?post=106922"},{"taxonomy":"post_tag","embeddable":true,"href":"https:\/\/senoticias.com.br\/se\/wp-json\/wp\/v2\/tags?post=106922"}],"curies":[{"name":"wp","href":"https:\/\/api.w.org\/{rel}","templated":true}]}}