{"id":106778,"date":"2017-09-19T15:16:49","date_gmt":"2017-09-19T18:16:49","guid":{"rendered":"http:\/\/senoticias.com.br\/se\/?p=106778"},"modified":"2017-09-19T15:16:49","modified_gmt":"2017-09-19T18:16:49","slug":"justica-bloqueia-mais-de-r-1-milhao-em-bens-de-sukita-por-desvio-de-verbas-da-educacao","status":"publish","type":"post","link":"https:\/\/senoticias.com.br\/se\/justica-bloqueia-mais-de-r-1-milhao-em-bens-de-sukita-por-desvio-de-verbas-da-educacao\/","title":{"rendered":"Justi\u00e7a bloqueia mais de R$ 1 milh\u00e3o em bens de Sukita por desvio de verbas da educa\u00e7\u00e3o"},"content":{"rendered":"<p style=\"text-align: justify;\" align=\"left\">A Justi\u00e7a Federal decidiu bloquear os bens do ex-prefeito de Capela\/SE, Manoel Sukita, devido \u00e0s evid\u00eancias de improbidade administrativa durante os anos de 2005 e 2006. Na a\u00e7\u00e3o, assinada pelo procurador da Rep\u00fablica Fl\u00e1vio Pereira da Costa Matias, constatou-se que as despesas com a educa\u00e7\u00e3o n\u00e3o correspondiam ao valor retirado da conta banc\u00e1ria vinculada ao Programa de Educa\u00e7\u00e3o de Jovens e Adultos, do Fundo Nacional de Desenvolvimento da Educa\u00e7\u00e3o (FNDE). A indisponibilidade dos bens foi pedida atrav\u00e9s de a\u00e7\u00e3o cautelar ajuizada pelo Minist\u00e9rio P\u00fablico Federal em Sergipe (MPF\/SE), por meio da Procuradoria da Rep\u00fablica em Propri\u00e1.<\/p>\n<div id=\"attachment_68415\" style=\"width: 605px\" class=\"wp-caption aligncenter\"><a href=\"http:\/\/senoticias.com.br\/se\/wp-content\/uploads\/2014\/08\/sukita.jpg\"><img loading=\"lazy\" decoding=\"async\" aria-describedby=\"caption-attachment-68415\" class=\"size-full wp-image-68415\" src=\"http:\/\/senoticias.com.br\/se\/wp-content\/uploads\/2014\/08\/sukita.jpg\" alt=\"A decis\u00e3o foi resultado de a\u00e7\u00e3o cautelar ajuizada pelo Minist\u00e9rio P\u00fablico Federal em Sergipe (MPF\/SE).   (Foto: Marina Fontenele\/G1)\" width=\"595\" height=\"446\" srcset=\"https:\/\/senoticias.com.br\/se\/wp-content\/uploads\/2014\/08\/sukita.jpg 595w, https:\/\/senoticias.com.br\/se\/wp-content\/uploads\/2014\/08\/sukita-300x224.jpg 300w, https:\/\/senoticias.com.br\/se\/wp-content\/uploads\/2014\/08\/sukita-342x256.jpg 342w, https:\/\/senoticias.com.br\/se\/wp-content\/uploads\/2014\/08\/sukita-60x45.jpg 60w, https:\/\/senoticias.com.br\/se\/wp-content\/uploads\/2014\/08\/sukita-150x113.jpg 150w, https:\/\/senoticias.com.br\/se\/wp-content\/uploads\/2014\/08\/sukita-269x201.jpg 269w\" sizes=\"(max-width: 595px) 100vw, 595px\" \/><\/a><p id=\"caption-attachment-68415\" class=\"wp-caption-text\">A decis\u00e3o foi resultado de a\u00e7\u00e3o cautelar ajuizada pelo Minist\u00e9rio P\u00fablico Federal em Sergipe contra o ex-prefeito Sukita (foto: Marina Fontenele\/G1)<\/p><\/div>\n<p style=\"text-align: justify;\" align=\"left\">Os valores atualizados do dano causado aos cofres p\u00fablicos e, principalmente, \u00e0 popula\u00e7\u00e3o de Capela, ultrapassam o montante de R$340 mil. Com o intuito de garantir o retorno do valor, o MPF ajuizou a\u00e7\u00e3o cautelar, que foi acatada pela Justi\u00e7a. Se for condenado, Manoel Sukita dever\u00e1 pagar multa de mais de R$ 1 milh\u00e3o pelo enriquecimento il\u00edcito fruto dos desvios. O bloqueio do patrim\u00f4nio \u00e9 uma forma de precau\u00e7\u00e3o, considerando a possibilidade do ex-prefeito se desfazer dos bens antes da decis\u00e3o final.<\/p>\n<p>Na decis\u00e3o, a Justi\u00e7a acolheu a tese do MPF. Por isso, incluiu no valor bloqueado os valores desviados e a multa civil que ser\u00e1 aplicada caso a a\u00e7\u00e3o de improbidade administrativa seja julgada procedente.<\/p>\n<p style=\"text-align: justify;\" align=\"left\">\n<strong>Hist\u00f3rico<\/strong>\u00a0&#8211; De acordo com o of\u00edcio do FNDE, os extratos banc\u00e1rios da conta destinada \u00e0 educa\u00e7\u00e3o no per\u00edodo em que Sukita foi prefeito de Capela mostram pagamentos que n\u00e3o foram declarados no demonstrativo dos projetos. Mesmo ap\u00f3s receber tr\u00eas of\u00edcios do FNDE e do MPF, Sukita n\u00e3o apresentou justificativas quanto \u00e0s despesas sem comprova\u00e7\u00e3o, limitando-se a alegar ter prestado contas devidamente. O ex-prefeito chegou a indicar testemunhas, sem, contudo, explicar como elas poderiam contribuir para o processo.<\/p>\n<p style=\"text-align: justify;\" align=\"left\"><strong>Decis\u00e3o<\/strong>\u00a0\u2013 Dessa forma, a Justi\u00e7a deferiu liminar que bloqueou os bens do ex-prefeito, conforme o MPF havia requerido. A ju\u00edza utilizou as provas presentes no inqu\u00e9rito civil do MPF para conceder os seguintes pedidos: a proibi\u00e7\u00e3o dos cart\u00f3rios de Capela e da capital em registrar qualquer mudan\u00e7a nos registros de posse dos im\u00f3veis de Sukita e a proibi\u00e7\u00e3o de transfer\u00eancia da propriedade dos ve\u00edculos. Al\u00e9m disso, os valores de qualquer conta ou aplica\u00e7\u00e3o financeira de Sukita ficam bloqueados.<\/p>\n<p align=\"left\">Pelos mesmos fatos, o MPF\/SE tamb\u00e9m ajuizou contra Manoel Sukita a\u00e7\u00e3o de improbidade administrativa e a a\u00e7\u00e3o penal.<\/p>\n<p align=\"left\">Confira abaixo as \u00edntegras das a\u00e7\u00f5es e os n\u00fameros para acompanhamento processual:<\/p>\n<p align=\"left\"><a class=\"m_4271195603915379106internal-link\" title=\"\" href=\"http:\/\/www.mpf.mp.br\/se\/sala-de-imprensa\/docs\/acao-cautelar\" target=\"_blank\" data-saferedirecturl=\"https:\/\/www.google.com\/url?hl=pt-BR&amp;q=http:\/\/www.mpf.mp.br\/se\/sala-de-imprensa\/docs\/acao-cautelar&amp;source=gmail&amp;ust=1505931115968000&amp;usg=AFQjCNGg-qBA95SrPvS7B9KdqqYxB7DaAw\">Cautelar de Indisponibilidade<\/a>: 0800216-52.2017.4.05.8504<br \/>\n<a class=\"m_4271195603915379106internal-link\" title=\"\" href=\"http:\/\/www.mpf.mp.br\/se\/sala-de-imprensa\/docs\/decisao-da-acao-cautelar\" target=\"_blank\" data-saferedirecturl=\"https:\/\/www.google.com\/url?hl=pt-BR&amp;q=http:\/\/www.mpf.mp.br\/se\/sala-de-imprensa\/docs\/decisao-da-acao-cautelar&amp;source=gmail&amp;ust=1505931115969000&amp;usg=AFQjCNH-YBIMPAhliiNV6LUaxtiswwLwbw\">Decis\u00e3o da a\u00e7\u00e3o cautelar<\/a>.<br \/>\n<a class=\"m_4271195603915379106internal-link\" title=\"\" href=\"http:\/\/www.mpf.mp.br\/se\/sala-de-imprensa\/docs\/acp\" target=\"_blank\" data-saferedirecturl=\"https:\/\/www.google.com\/url?hl=pt-BR&amp;q=http:\/\/www.mpf.mp.br\/se\/sala-de-imprensa\/docs\/acp&amp;source=gmail&amp;ust=1505931115969000&amp;usg=AFQjCNHmVgHTJPoUu0wJIDHnd37Ut2PlfA\">A\u00e7\u00e3o de Improbidade<\/a>: 0800190-54.2017.4.05.8504<br \/>\n<a class=\"m_4271195603915379106internal-link\" title=\"\" href=\"http:\/\/www.mpf.mp.br\/se\/sala-de-imprensa\/docs\/denuncia\" target=\"_blank\" data-saferedirecturl=\"https:\/\/www.google.com\/url?hl=pt-BR&amp;q=http:\/\/www.mpf.mp.br\/se\/sala-de-imprensa\/docs\/denuncia&amp;source=gmail&amp;ust=1505931115969000&amp;usg=AFQjCNHyJconURvNbAysuoSFWUJ9tseG2g\">Den\u00fancia<\/a>: 0800227-81.2017.4.05.8504<\/p>\n<p align=\"left\"><a href=\"http:\/\/senoticias.com.br\/se\/wp-content\/uploads\/2017\/09\/Logo-fone-1-2-1-2-4-6-1-1-1-2.jpg\"><img loading=\"lazy\" decoding=\"async\" class=\"aligncenter size-full wp-image-106641\" src=\"http:\/\/senoticias.com.br\/se\/wp-content\/uploads\/2017\/09\/Logo-fone-1-2-1-2-4-6-1-1-1-2.jpg\" alt=\"Logo-fone-1-2-1-2-4-6-1-1-1\" width=\"599\" height=\"78\" srcset=\"https:\/\/senoticias.com.br\/se\/wp-content\/uploads\/2017\/09\/Logo-fone-1-2-1-2-4-6-1-1-1-2.jpg 599w, https:\/\/senoticias.com.br\/se\/wp-content\/uploads\/2017\/09\/Logo-fone-1-2-1-2-4-6-1-1-1-2-300x39.jpg 300w\" sizes=\"(max-width: 599px) 100vw, 599px\" \/><\/a><\/p>\n<p align=\"left\"><em><strong>Acompanhe tamb\u00e9m o SE Not\u00edcias no\u00a0<a href=\"https:\/\/twitter.com\/Senoticias\" target=\"_blank\">Twitter<\/a>,\u00a0<a href=\"https:\/\/www.facebook.com\/senoticias1\" target=\"_blank\">Facebook<\/a>\u00a0e no\u00a0<a href=\"https:\/\/www.instagram.com\/senoticias\/\" target=\"_blank\">Instagram<\/a><\/strong><\/em><\/p>\n<p align=\"left\"><em>Assessoria de Comunica\u00e7\u00e3o<\/em><br \/>\n<em>Minist\u00e9rio P\u00fablico Federal em Sergipe<\/em><\/p>\n","protected":false},"excerpt":{"rendered":"<p>A Justi\u00e7a Federal decidiu bloquear os bens do ex-prefeito de Capela\/SE, Manoel Sukita, devido \u00e0s evid\u00eancias de improbidade administrativa durante os anos de 2005 e 2006. Na a\u00e7\u00e3o, assinada pelo procurador da Rep\u00fablica Fl\u00e1vio Pereira da Costa Matias, constatou-se que as despesas com a educa\u00e7\u00e3o n\u00e3o correspondiam ao valor retirado da conta banc\u00e1ria vinculada ao [&hellip;]<\/p>\n","protected":false},"author":2,"featured_media":68415,"comment_status":"closed","ping_status":"closed","sticky":false,"template":"","format":"standard","meta":{"footnotes":""},"categories":[6],"tags":[5951,978,5952,5950,4654,811],"class_list":{"0":"post-106778","1":"post","2":"type-post","3":"status-publish","4":"format-standard","5":"has-post-thumbnail","7":"category-politica","8":"tag-1-milhao","9":"tag-capela","10":"tag-desvio-de-verbas-da-educacao","11":"tag-justica-bloqueia","12":"tag-justica-federal","13":"tag-sukita"},"_links":{"self":[{"href":"https:\/\/senoticias.com.br\/se\/wp-json\/wp\/v2\/posts\/106778"}],"collection":[{"href":"https:\/\/senoticias.com.br\/se\/wp-json\/wp\/v2\/posts"}],"about":[{"href":"https:\/\/senoticias.com.br\/se\/wp-json\/wp\/v2\/types\/post"}],"author":[{"embeddable":true,"href":"https:\/\/senoticias.com.br\/se\/wp-json\/wp\/v2\/users\/2"}],"replies":[{"embeddable":true,"href":"https:\/\/senoticias.com.br\/se\/wp-json\/wp\/v2\/comments?post=106778"}],"version-history":[{"count":0,"href":"https:\/\/senoticias.com.br\/se\/wp-json\/wp\/v2\/posts\/106778\/revisions"}],"wp:featuredmedia":[{"embeddable":true,"href":"https:\/\/senoticias.com.br\/se\/wp-json\/wp\/v2\/media\/68415"}],"wp:attachment":[{"href":"https:\/\/senoticias.com.br\/se\/wp-json\/wp\/v2\/media?parent=106778"}],"wp:term":[{"taxonomy":"category","embeddable":true,"href":"https:\/\/senoticias.com.br\/se\/wp-json\/wp\/v2\/categories?post=106778"},{"taxonomy":"post_tag","embeddable":true,"href":"https:\/\/senoticias.com.br\/se\/wp-json\/wp\/v2\/tags?post=106778"}],"curies":[{"name":"wp","href":"https:\/\/api.w.org\/{rel}","templated":true}]}}