{"id":106775,"date":"2017-09-19T10:01:24","date_gmt":"2017-09-19T13:01:24","guid":{"rendered":"http:\/\/senoticias.com.br\/se\/?p=106775"},"modified":"2017-09-19T14:52:10","modified_gmt":"2017-09-19T17:52:10","slug":"tres-jovens-sao-assassinados-em-sao-cristovao","status":"publish","type":"post","link":"https:\/\/senoticias.com.br\/se\/tres-jovens-sao-assassinados-em-sao-cristovao\/","title":{"rendered":"Recorde de viol\u00eancia: mais tr\u00eas homic\u00eddios s\u00e3o registrados em S\u00e3o Crist\u00f3v\u00e3o\u2060"},"content":{"rendered":"<p style=\"text-align: justify;\">Na noite desta segunda-feira, 18, por volta das 23h45, no Alto da Divin\u00e9ia, munic\u00edpio de S\u00e3o Crist\u00f3v\u00e3o, tr\u00eas jovens foram assassinados. Segundo informa\u00e7\u00f5es de populares, foram ouvidos mais de trinta disparos de arma de fogo.<\/p>\n<p style=\"text-align: justify;\">Est\u00e3o entre as v\u00edtimas: Diego Batista dos Santos, 22 anos, Jos\u00e9 Cl\u00e9ber Gon\u00e7alves dos Santos, 18 anos, e Edvanio Silva da Concei\u00e7\u00e3o, 24 anos.<\/p>\n<div id=\"attachment_106777\" style=\"width: 609px\" class=\"wp-caption aligncenter\"><a href=\"http:\/\/senoticias.com.br\/se\/wp-content\/uploads\/2017\/09\/WhatsApp-Image-2017-09-19-at-14.48.10-e1505843391609.jpeg\"><img loading=\"lazy\" decoding=\"async\" aria-describedby=\"caption-attachment-106777\" class=\"size-full wp-image-106777\" src=\"http:\/\/senoticias.com.br\/se\/wp-content\/uploads\/2017\/09\/WhatsApp-Image-2017-09-19-at-14.48.10-e1505843391609.jpeg\" alt=\"Segundo a pol\u00edcia,  os tr\u00eas jovens tinham passagem pela pol\u00edcia \" width=\"599\" height=\"599\" \/><\/a><p id=\"caption-attachment-106777\" class=\"wp-caption-text\">Segundo a pol\u00edcia, os tr\u00eas jovens tinham passagem pela pol\u00edcia (foto: redes sociais)<\/p><\/div>\n<p style=\"text-align: justify;\"><strong>Nota da Pol\u00edcia Civil<\/strong><\/p>\n<p>Departamento de Homic\u00eddios e Prote\u00e7\u00e3o \u00e0 Pessoa (DHPP) da Pol\u00edcia j\u00e1 fez os primeiros levantamentos sobre o triplo homic\u00eddio que aconteceu na madrugada desta ter\u00e7a-feira, dia 19, em S\u00e3o Crist\u00f3v\u00e3o.<\/p>\n<p style=\"text-align: justify;\">A pol\u00edcia confirmou que uma das v\u00edtimas, Diego Batista dos Santos, 22 anos, j\u00e1 foi preso e indiciado por porte ilegal de arma, quadrilha ou bando e j\u00e1 era conhecido da pol\u00edcia. Diego foi preso em maio 2016 e liberado meses depois.<\/p>\n<p style=\"text-align: justify;\">As outras v\u00edtimas s\u00e3o Jos\u00e9 Cl\u00e9ber Gon\u00e7alves dos Santos, 18 anos, e Ediv\u00e2nio Silva da Concei\u00e7\u00e3o, 24 anos, ambos investigados em inqu\u00e9ritos policiais do DHPP pela suspeita de roubos e poss\u00edveis homic\u00eddios praticados na regi\u00e3o de S\u00e3o Crist\u00f3v\u00e3o. Todos eram alvos da opera\u00e7\u00e3o realizada pela pol\u00edcia sergipana na \u00faltima sexta-feira, dia 15, em S\u00e3o Crist\u00f3v\u00e3o.<\/p>\n<p style=\"text-align: justify;\">O DHPP j\u00e1 t\u00eam uma linha de investiga\u00e7\u00e3o e suspeita que o crime tenha sido praticado pela briga entre grupos rivais do Alto da Divin\u00e9ia, em S\u00e3o Crist\u00f3v\u00e3o.<\/p>\n<p style=\"text-align: justify;\"><a href=\"http:\/\/senoticias.com.br\/se\/wp-content\/uploads\/2017\/09\/Logo-fone-1-2-1-2-4-6-1-1-1-2.jpg\"><img loading=\"lazy\" decoding=\"async\" class=\"aligncenter size-full wp-image-106641\" src=\"http:\/\/senoticias.com.br\/se\/wp-content\/uploads\/2017\/09\/Logo-fone-1-2-1-2-4-6-1-1-1-2.jpg\" alt=\"Logo-fone-1-2-1-2-4-6-1-1-1\" width=\"599\" height=\"78\" srcset=\"https:\/\/senoticias.com.br\/se\/wp-content\/uploads\/2017\/09\/Logo-fone-1-2-1-2-4-6-1-1-1-2.jpg 599w, https:\/\/senoticias.com.br\/se\/wp-content\/uploads\/2017\/09\/Logo-fone-1-2-1-2-4-6-1-1-1-2-300x39.jpg 300w\" sizes=\"(max-width: 599px) 100vw, 599px\" \/><\/a><\/p>\n<p style=\"text-align: justify;\"><em><strong>Acompanhe tamb\u00e9m o SE Not\u00edcias no\u00a0<a href=\"https:\/\/twitter.com\/Senoticias\" target=\"_blank\">Twitter<\/a>,\u00a0<a href=\"https:\/\/www.facebook.com\/senoticias1\" target=\"_blank\">Facebook<\/a>\u00a0e no\u00a0<a href=\"https:\/\/www.instagram.com\/senoticias\/\" target=\"_blank\">Instagram<\/a><\/strong><\/em><\/p>\n<p style=\"text-align: justify;\"><em>Reda\u00e7\u00e3o do SE Not\u00edcias, com informa\u00e7\u00f5es da SSP\/SE<\/em><\/p>\n","protected":false},"excerpt":{"rendered":"<p>Na noite desta segunda-feira, 18, por volta das 23h45, no Alto da Divin\u00e9ia, munic\u00edpio de S\u00e3o Crist\u00f3v\u00e3o, tr\u00eas jovens foram assassinados. Segundo informa\u00e7\u00f5es de populares, foram ouvidos mais de trinta disparos de arma de fogo. Est\u00e3o entre as v\u00edtimas: Diego Batista dos Santos, 22 anos, Jos\u00e9 Cl\u00e9ber Gon\u00e7alves dos Santos, 18 anos, e Edvanio Silva [&hellip;]<\/p>\n","protected":false},"author":2,"featured_media":106777,"comment_status":"closed","ping_status":"closed","sticky":false,"template":"","format":"standard","meta":{"footnotes":""},"categories":[15,7],"tags":[51,2621,1303,2987],"class_list":{"0":"post-106775","1":"post","2":"type-post","3":"status-publish","4":"format-standard","5":"has-post-thumbnail","7":"category-destaques","8":"category-policia","9":"tag-assassinatos","10":"tag-dhpp","11":"tag-policia","12":"tag-saocristovao"},"_links":{"self":[{"href":"https:\/\/senoticias.com.br\/se\/wp-json\/wp\/v2\/posts\/106775"}],"collection":[{"href":"https:\/\/senoticias.com.br\/se\/wp-json\/wp\/v2\/posts"}],"about":[{"href":"https:\/\/senoticias.com.br\/se\/wp-json\/wp\/v2\/types\/post"}],"author":[{"embeddable":true,"href":"https:\/\/senoticias.com.br\/se\/wp-json\/wp\/v2\/users\/2"}],"replies":[{"embeddable":true,"href":"https:\/\/senoticias.com.br\/se\/wp-json\/wp\/v2\/comments?post=106775"}],"version-history":[{"count":0,"href":"https:\/\/senoticias.com.br\/se\/wp-json\/wp\/v2\/posts\/106775\/revisions"}],"wp:featuredmedia":[{"embeddable":true,"href":"https:\/\/senoticias.com.br\/se\/wp-json\/wp\/v2\/media\/106777"}],"wp:attachment":[{"href":"https:\/\/senoticias.com.br\/se\/wp-json\/wp\/v2\/media?parent=106775"}],"wp:term":[{"taxonomy":"category","embeddable":true,"href":"https:\/\/senoticias.com.br\/se\/wp-json\/wp\/v2\/categories?post=106775"},{"taxonomy":"post_tag","embeddable":true,"href":"https:\/\/senoticias.com.br\/se\/wp-json\/wp\/v2\/tags?post=106775"}],"curies":[{"name":"wp","href":"https:\/\/api.w.org\/{rel}","templated":true}]}}