{"id":106686,"date":"2017-09-15T06:22:41","date_gmt":"2017-09-15T09:22:41","guid":{"rendered":"http:\/\/senoticias.com.br\/se\/?p=106686"},"modified":"2017-09-15T06:29:18","modified_gmt":"2017-09-15T09:29:18","slug":"filho-confessa-que-matou-pai-com-golpes-de-foice-e-enterrou-corpo-no-quintal-em-nossa-senhora-do-socorro","status":"publish","type":"post","link":"https:\/\/senoticias.com.br\/se\/filho-confessa-que-matou-pai-com-golpes-de-foice-e-enterrou-corpo-no-quintal-em-nossa-senhora-do-socorro\/","title":{"rendered":"Filho confessa que matou pai com golpes de foice e enterrou corpo no quintal, em Nossa Senhora do Socorro"},"content":{"rendered":"<div class=\"mc-column content-text active-extra-styles active-capital-letter\" data-block-type=\"unstyled\" data-block-weight=\"65\">\n<p class=\"content-text__container theme-color-primary-first-letter\" style=\"text-align: justify;\" data-track-category=\"Link no Texto\" data-track-links=\"\">O Instituto M\u00e9dico Legal de Sergipe (IML) foi acionado, na tarde desta quinta-feira (14), por volta das 15h, para recolher o corpo do <strong>idoso Angelino<\/strong> dos Santos enterrado no quintal da pr\u00f3pria casa, localizada no Conjunto Marcos Freire I, munic\u00edpio de Nossa Senhora do Socorro, na Grande Aracaju. <strong>Igor Silva dos Santos, 22<\/strong>, confessou que matou o pai com uma foice e enterrou o corpo, informa o <a href=\"https:\/\/g1.globo.com\/se\/sergipe\/noticia\/filho-e-suspeito-de-matar-e-enterrar-pai-idoso-no-quintal.ghtml\"><strong>site<\/strong><\/a> G1 SE.<\/p>\n<div id=\"attachment_106687\" style=\"width: 609px\" class=\"wp-caption aligncenter\"><a href=\"http:\/\/senoticias.com.br\/se\/wp-content\/uploads\/2017\/09\/Suspeito-de-matar-o-pai-SENOTICIAS-e1505467036726.jpg\"><img loading=\"lazy\" decoding=\"async\" aria-describedby=\"caption-attachment-106687\" class=\"size-full wp-image-106687\" src=\"http:\/\/senoticias.com.br\/se\/wp-content\/uploads\/2017\/09\/Suspeito-de-matar-o-pai-SENOTICIAS-e1505467036726.jpg\" alt=\"Igor Silva dos Santos, 22, confessou que matou o pai (Foto: Divulga\u00e7\u00e3o SSP\/SE)\" width=\"599\" height=\"375\" \/><\/a><p id=\"caption-attachment-106687\" class=\"wp-caption-text\">Igor Silva dos Santos, 22, confessou que matou o pai (Foto: Divulga\u00e7\u00e3o SSP\/SE)<\/p><\/div>\n<\/div>\n<div class=\"mc-column content-text active-extra-styles \" data-block-type=\"unstyled\" data-block-weight=\"66\">\n<p class=\"content-text__container \" style=\"text-align: justify;\" data-track-category=\"Link no Texto\" data-track-links=\"\">Segundo a pol\u00edcia, o idoso desapareceu nesta quarta-feira (13). Um dos irm\u00e3os de Igor encontrou o pai enterrado no quintal e acionou a Pol\u00edcia Militar de Sergipe (PM\/SE). De acordo com a delegada Maria Zuln\u00e1ria, respons\u00e1vel pela investiga\u00e7\u00e3o, o rapaz percebeu sangue no ch\u00e3o e seguiu o rastro at\u00e9 encontrar o pai em uma cova rasa. Igor ficou presente na casa durante a abordagem da pol\u00edcia.<\/p>\n<div class=\"mc-column content-text active-extra-styles \" data-block-type=\"unstyled\" data-block-weight=\"22\">\n<p class=\"content-text__container \" style=\"text-align: justify;\" data-track-category=\"Link no Texto\" data-track-links=\"\">\u201cNas primeiras escava\u00e7\u00f5es j\u00e1 encontraram o corpo e de imediato foi reconhecido pelo irm\u00e3o e por Igor\u201d, explica a delegada Maria Zuln\u00e1ria.<\/p>\n<\/div>\n<div class=\"mc-column content-text active-extra-styles \" data-block-type=\"unstyled\" data-block-weight=\"72\">\n<p class=\"content-text__container \" style=\"text-align: justify;\" data-track-category=\"Link no Texto\" data-track-links=\"\">Ele afirmou \u00e0 pol\u00edcia que \u00e9 usu\u00e1rio de drogas e matou o pai depois de uma discuss\u00e3o. \u201cO suspeito disse que brigou com a v\u00edtima, na manh\u00e3 da quarta-feira, depois que o pai reclamou o fato de Igor ser usu\u00e1rio de drogas. E, isso deixou o suspeito irritado. Ent\u00e3o ele pegou a foice, deu um golpe na cabe\u00e7a, depois um golpe no pesco\u00e7o, o pai caiu e ele enterrou\u201d, destacou a delegada.<\/p>\n<p class=\"content-text__container \" style=\"text-align: justify;\" data-track-category=\"Link no Texto\" data-track-links=\"\"><a href=\"http:\/\/senoticias.com.br\/se\/wp-content\/uploads\/2017\/09\/Logo-fone-1-2-1-2-4-6-1-1-1-2.jpg\"><img loading=\"lazy\" decoding=\"async\" class=\"aligncenter size-full wp-image-106641\" src=\"http:\/\/senoticias.com.br\/se\/wp-content\/uploads\/2017\/09\/Logo-fone-1-2-1-2-4-6-1-1-1-2.jpg\" alt=\"Logo-fone-1-2-1-2-4-6-1-1-1\" width=\"599\" height=\"78\" srcset=\"https:\/\/senoticias.com.br\/se\/wp-content\/uploads\/2017\/09\/Logo-fone-1-2-1-2-4-6-1-1-1-2.jpg 599w, https:\/\/senoticias.com.br\/se\/wp-content\/uploads\/2017\/09\/Logo-fone-1-2-1-2-4-6-1-1-1-2-300x39.jpg 300w\" sizes=\"(max-width: 599px) 100vw, 599px\" \/><\/a><\/p>\n<p class=\"content-text__container \" style=\"text-align: justify;\" data-track-category=\"Link no Texto\" data-track-links=\"\"><em><strong>Acompanhe tamb\u00e9m o SE Not\u00edcias no\u00a0<a href=\"https:\/\/twitter.com\/Senoticias\" target=\"_blank\">Twitter<\/a>,\u00a0<a href=\"https:\/\/www.facebook.com\/senoticias1\" target=\"_blank\">Facebook<\/a>\u00a0e no\u00a0<a href=\"https:\/\/www.instagram.com\/senoticias\/\" target=\"_blank\">Instagram<\/a><\/strong><\/em><\/p>\n<\/div>\n<\/div>\n","protected":false},"excerpt":{"rendered":"<p>O Instituto M\u00e9dico Legal de Sergipe (IML) foi acionado, na tarde desta quinta-feira (14), por volta das 15h, para recolher o corpo do idoso Angelino dos Santos enterrado no quintal da pr\u00f3pria casa, localizada no Conjunto Marcos Freire I, munic\u00edpio de Nossa Senhora do Socorro, na Grande Aracaju. Igor Silva dos Santos, 22, confessou que [&hellip;]<\/p>\n","protected":false},"author":2,"featured_media":106687,"comment_status":"closed","ping_status":"closed","sticky":false,"template":"","format":"standard","meta":{"footnotes":""},"categories":[15,7],"tags":[5867,5868,2650,857],"class_list":{"0":"post-106686","1":"post","2":"type-post","3":"status-publish","4":"format-standard","5":"has-post-thumbnail","7":"category-destaques","8":"category-policia","9":"tag-filho-mata-o-pai","10":"tag-golpes-de-foice","11":"tag-nossa-senhora-do-socorro","12":"tag-violencia"},"_links":{"self":[{"href":"https:\/\/senoticias.com.br\/se\/wp-json\/wp\/v2\/posts\/106686"}],"collection":[{"href":"https:\/\/senoticias.com.br\/se\/wp-json\/wp\/v2\/posts"}],"about":[{"href":"https:\/\/senoticias.com.br\/se\/wp-json\/wp\/v2\/types\/post"}],"author":[{"embeddable":true,"href":"https:\/\/senoticias.com.br\/se\/wp-json\/wp\/v2\/users\/2"}],"replies":[{"embeddable":true,"href":"https:\/\/senoticias.com.br\/se\/wp-json\/wp\/v2\/comments?post=106686"}],"version-history":[{"count":0,"href":"https:\/\/senoticias.com.br\/se\/wp-json\/wp\/v2\/posts\/106686\/revisions"}],"wp:featuredmedia":[{"embeddable":true,"href":"https:\/\/senoticias.com.br\/se\/wp-json\/wp\/v2\/media\/106687"}],"wp:attachment":[{"href":"https:\/\/senoticias.com.br\/se\/wp-json\/wp\/v2\/media?parent=106686"}],"wp:term":[{"taxonomy":"category","embeddable":true,"href":"https:\/\/senoticias.com.br\/se\/wp-json\/wp\/v2\/categories?post=106686"},{"taxonomy":"post_tag","embeddable":true,"href":"https:\/\/senoticias.com.br\/se\/wp-json\/wp\/v2\/tags?post=106686"}],"curies":[{"name":"wp","href":"https:\/\/api.w.org\/{rel}","templated":true}]}}