{"id":106682,"date":"2017-09-14T17:56:11","date_gmt":"2017-09-14T20:56:11","guid":{"rendered":"http:\/\/senoticias.com.br\/se\/?p=106682"},"modified":"2017-09-14T18:02:04","modified_gmt":"2017-09-14T21:02:04","slug":"governador-assina-acordo-que-possibilita-voo-regular-entre-aracaju-e-buenos-aires","status":"publish","type":"post","link":"https:\/\/senoticias.com.br\/se\/governador-assina-acordo-que-possibilita-voo-regular-entre-aracaju-e-buenos-aires\/","title":{"rendered":"Governador assina acordo que possibilita voo regular entre Aracaju e Buenos Aires"},"content":{"rendered":"<p style=\"text-align: justify;\">A partir de 04 de novembro deste ano, Sergipe passar\u00e1 a ter voos regulares para Buenos Aires, capital da Argentina, primeiro destino internacional regular do Aeroporto Santa Maria, em Aracaju. Para possibilitar o novo destino a\u00e9reo, o governador Jackson Barreto assinou o Termo de Acordo entre o governo do Estado, por meio por meio da secretaria de Estado de Turismo (Setur), com a Gol Linhas A\u00e9reas, nesta quinta-feira, 14.<\/p>\n<div id=\"attachment_106684\" style=\"width: 609px\" class=\"wp-caption aligncenter\"><a href=\"http:\/\/senoticias.com.br\/se\/wp-content\/uploads\/2017\/09\/FOTO-2-e1505422741255.jpeg\"><img loading=\"lazy\" decoding=\"async\" aria-describedby=\"caption-attachment-106684\" class=\"size-full wp-image-106684\" src=\"http:\/\/senoticias.com.br\/se\/wp-content\/uploads\/2017\/09\/FOTO-2-e1505422741255.jpeg\" alt=\"Ser\u00e1 o primeiro voo internacional regular saindo de Sergipe, o que movimentar\u00e1 a atividade tur\u00edstica e a economia do estado\" width=\"599\" height=\"405\" \/><\/a><p id=\"caption-attachment-106684\" class=\"wp-caption-text\">Ser\u00e1 o primeiro voo internacional regular saindo de Sergipe, o que movimentar\u00e1 a atividade tur\u00edstica e a economia do estado (foto: ASN)<\/p><\/div>\n<p style=\"text-align: justify;\">Para Jackson Barreto, a implanta\u00e7\u00e3o do novo destino a\u00e9reo regular \u00e9 um marco para o estado. \u201c\u00c9 um dia hist\u00f3rico. O primeiro voo internacional saindo de Aracaju. Esse voo da Gol tem uma import\u00e2ncia fundamental porque nos coloca no cen\u00e1rio internacional. \u00c9 um avan\u00e7o muito grande. Resultado do trabalho do nosso governo para fortalecer cada vez mais o turismo. Estamos investindo, atualmente, mais de R$ 100 milh\u00f5es nessa \u00e1rea, para criar mais op\u00e7\u00f5es, mais destinos para aqueles que visitam o nosso estado. Al\u00e9m da iniciativa do governo com as obras, vamos, agora, iniciar tamb\u00e9m um grande trabalho de marketing do nosso estado a n\u00edvel internacional, nacional e regional\u201d, afirmou.<\/p>\n<p style=\"text-align: justify;\">O voo realizado pela Gol far\u00e1 escala em Salvador e o tempo m\u00e9dio de viagem at\u00e9 a capital argentina ser\u00e1 de quatro horas e meia, j\u00e1 contando com a escala. A aeronave ser\u00e1 um Boeing 737-800.<\/p>\n<p style=\"text-align: justify;\">O diretor de Rela\u00e7\u00f5es Institucionais da Gol, Claudio Neves Borges, considera que a nova opera\u00e7\u00e3o abrir\u00e1 as portas do estado para os pa\u00edses do Mercosul. \u201cA Gol tem a honra e privil\u00e9gio de ser a primeira linha a\u00e9rea a fazer o voo internacional regular no estado de Sergipe. A gente v\u00ea com muito bons olhos essa iniciativa. Fizemos uma pesquisa de mercado que prova que existe uma demanda reprimida para o estado. \u00c9 not\u00f3rio que, ao lan\u00e7ar o voo, a gente espera uma explos\u00e3o dessa demanda e prevemos isso com um ponto extremamente positivo para o estado\u201d.<\/p>\n<p style=\"text-align: justify;\">Para viabilizar a opera\u00e7\u00e3o, o governo do Estado concedeu incentivo no QAV (querosene de avia\u00e7\u00e3o), reduzindo a al\u00edquota do ICMS incidente para 6%. Claudio Neves elogiou o esfor\u00e7o do Estado para viabilizar o procedimento. \u201cO governo do Estado merece todos os louros, pois se esfor\u00e7ou para isso. Ele entendeu que o transporte a\u00e9reo \u00e9 um indutor da economia, por isso trabalhou conosco para reduzir o custo do transporte para que a gente pudesse trazer o voo\u201d.<\/p>\n<p style=\"text-align: justify;\">O secret\u00e1rio de Estado do Turismo, F\u00e1bio Henrique, explicou que a implanta\u00e7\u00e3o do voo garantir\u00e1 um maior n\u00famero de turistas argentinos no estado. \u201cA expectativa \u00e9 que tenhamos entre 500 a 600 argentinos todos os meses visitando o nosso estado, para ocupar nossos hot\u00e9is e restaurantes e movimentar toda a cadeia produtiva do turismo\u201d.<\/p>\n<p style=\"text-align: justify;\">Conforme F\u00e1bio Henrique, at\u00e9 o in\u00edcio da opera\u00e7\u00e3o do voo, a Setur realizar\u00e1 a\u00e7\u00f5es promocionais na Argentina para refor\u00e7ar o destino Sergipe. Ser\u00e3o realizadas rodadas de neg\u00f3cios entre os receptivos e hot\u00e9is sergipanos e operadoras, agentes de viagens e a imprensa argentina. F\u00e1bio Henrique falou ainda que a iniciativa promover\u00e1 um aumento de receita para o estado j\u00e1 que as aeronaves da Gol v\u00e3o passar a abastecer em Aracaju.\u00a0\u201cCom o pre\u00e7o promocional previsto pela Gol, de \u00a0300 d\u00f3lares a passagem de ida e volta, muito mais acess\u00edvel que passagens nacionais, isso favorece tanto sergipanos que queiram visitar a Argentina quanto os argentinos a nos conhecerem\u201d, acrescentou o secret\u00e1rio.<\/p>\n<p style=\"text-align: justify;\">A Infraero est\u00e1 desenvolvendo um projeto para que o aeroporto opere com tranquilidade, desenvolvendo uma log\u00edstica integrada com a Receita Federal, Pol\u00edcia Federal, Ag\u00eancia Nacional de Vigil\u00e2ncia Sanit\u00e1ria (Anvisa), Minist\u00e9rio da Agricultura e Governo de Sergipe. O voo j\u00e1 foi autorizado pela Ag\u00eancia Nacional de Avia\u00e7\u00e3o Civil (Anac) e pela autoridade competente de avia\u00e7\u00e3o argentina.<\/p>\n<p style=\"text-align: justify;\">A presidente da Associa\u00e7\u00e3o Brasileira da Ind\u00fastria de Hot\u00e9is\/Sergipe (Abih\/SE), Daniela Mesquita, avaliou a chegada do voo para Argentina como uma excelente not\u00edcia. \u201c\u00c9 uma oportunidade para o destino Sergipe ser promovido na Argentina, at\u00e9 porque sabemos de outros destinos do Nordeste que j\u00e1 est\u00e3o trabalhando o voo e est\u00e3o tendo um excelente resultado. Chega a uma boa hora a assinatura deste voo\u201d.<\/p>\n<p style=\"text-align: justify;\">Segundo o presidente da Associa\u00e7\u00e3o Brasileira de Viagens em Sergipe (Abav\/SE), Jo\u00e3o \u00c1vila,\u00a0a iniciativa beneficia tanto a economia sergipana, quanto sergipanos e argentinos.\u00a0&#8220;A iniciativa privada norteada pelos incentivos do governo fazem a economia fluir. A hist\u00f3ria de Sergipe, nos \u00faltimos anos, passa por uma s\u00e9rie de desafios. N\u00e3o foi f\u00e1cil o caminho at\u00e9 chegarmos a este voo assinado hoje. Isso junta-se a reforma do aeroporto e\u00a0aproximar\u00e1 povos e culturas, para que\u00a0argentinos e sergipanos possam desfrutar mutuamente desses dois\u00a0destinos&#8221;.<\/p>\n<p style=\"text-align: justify;\">O Termo de Ades\u00e3o estabelece ainda que a Gol manter\u00e1, no m\u00ednimo, a mesma quantidade de voos nacionais operacionalizados em 2016 em Sergipe, al\u00e9m de operacionalizar voos extras para o estado no per\u00edodo de alta esta\u00e7\u00e3o, de acordo com a demanda.<\/p>\n<p><strong>Aeroporto<\/strong><\/p>\n<p style=\"text-align: justify;\">Em 2016, o Aeroporto de Aracaju recebeu 1.225.591 passageiros, em 2017, as estat\u00edsticas da Infraero indicam que o aeroporto j\u00e1 recebeu, at\u00e9 o m\u00eas de junho, um total de 603.240 passageiros.<\/p>\n<p style=\"text-align: justify;\">Em 02 de junho, a Infraero apresentou o novo projeto de amplia\u00e7\u00e3o do terminal de passageiros do Aeroporto Santa Maria. A obra est\u00e1 or\u00e7ada em R$ 85 milh\u00f5es, valor que compreende o novo terminal e a amplia\u00e7\u00e3o do p\u00e1tio de aeronaves em 8.500 m\u00b2. Outros R$ 25 milh\u00f5es ser\u00e3o destinados \u00e0 conclus\u00e3o da obra da pista de pouso e decolagem, que j\u00e1 alcan\u00e7aram 80% de execu\u00e7\u00e3o. A Infraero j\u00e1 disp\u00f5e dos R$ 110 milh\u00f5es necess\u00e1rios. Os recursos s\u00e3o oriundos de emendas parlamentares (R$ 70 milh\u00f5es de 2016 e R$ 40 milh\u00f5es do or\u00e7amento de 2017).<\/p>\n<p style=\"text-align: justify;\">Na amplia\u00e7\u00e3o e refor\u00e7o da Pista de Pouso e Decolagem a Infraero j\u00e1 investiu R$ 60 milh\u00f5es. Com as novas interven\u00e7\u00f5es, o total investido no aeroporto atingir\u00e1 R$ 170 milh\u00f5es.<\/p>\n<p style=\"text-align: justify;\">Desde 2013, o governo de Sergipe realizou uma s\u00e9rie de interven\u00e7\u00f5es complementares \u00e0 amplia\u00e7\u00e3o do Complexo Aeroportu\u00e1rio, a exemplo da implanta\u00e7\u00e3o de um novo Sistema Vi\u00e1rio no Entorno do Aeroporto, o desmonte do Morro da Pi\u00e7arreira e a demoli\u00e7\u00e3o do Reservat\u00f3rio de \u00c1gua da Deso, o R-5. Computando-se todas as interven\u00e7\u00f5es executadas, o Governo do Estado executou a\u00e7\u00f5es que corresponderam a um investimento total de aproximadamente R$ 55,5 milh\u00f5es.<\/p>\n<p><strong>Investimentos no Turismo<\/strong><\/p>\n<p style=\"text-align: justify;\">Por meio do Programa de Desenvolvimento do Turismo (Prodetur), linha de cr\u00e9dito entre o governo do Estado e o Banco Interamericano de Desenvolvimento no Brasil (BID), est\u00e3o sendo investidos US$ 100 milh\u00f5es para o desenvolvimento do turismo em Sergipe, no \u00e2mbito do Prodetur Nacional. Cabe ao BID o financiamento de US$ 60 milh\u00f5es, US$ 40 milh\u00f5es s\u00e3o a contrapartida estadual.<\/p>\n<p style=\"text-align: justify;\">Em mar\u00e7o, o governo do Estado, no \u00e2mbito do Prodetur, firmou Ordem de Servi\u00e7o para implanta\u00e7\u00e3o do sistema de esgotamento sanit\u00e1rio no povoado Crasto, um investimento de R$ 5.984.822,66. Na mesma data, o governador Jackson Barreto assinou autoriza\u00e7\u00e3o para abertura do processo licitat\u00f3rio para constru\u00e7\u00e3o da orla do povoado Crasto \u2013 o investimento previsto \u00e9 de R$ 2.757.648,03. A licita\u00e7\u00e3o est\u00e1 sendo finalizada e aguarda autoriza\u00e7\u00e3o da SPU.<\/p>\n<p style=\"text-align: justify;\">Em julho de 2016, o governo do Sergipe inaugurou a orla de Canind\u00e9, um investimento de R$ 6.633.884,61. E est\u00e1 em execu\u00e7\u00e3o a reforma do Centro de Turismo de Aracaju, no qual est\u00e3o sendo investidos R$ 1.345.000,00. Em fevereiro, o governo do Estado apresentou os Cursos de Capacita\u00e7\u00e3o que ser\u00e3o ofertados pelo Prodetur\/SE. As capacita\u00e7\u00f5es correspondem a um investimento de R$ 3.225.459,67. Os cursos ser\u00e3o ministrados por profissionais do Senac, do Sebrae\u00a0e da Universidade Federal de Sergipe.<\/p>\n<p style=\"text-align: justify;\">O secret\u00e1rio F\u00e1bio Henrique informou que, at\u00e9 o final do ano, novas obras do Prodetur devem ser lan\u00e7adas pelo governo. \u201cObras como a reforma da Orla Por do Sol, constru\u00e7\u00e3o da orla do povoado Pontal, em Indiaroba; do Crasto, em Santa Luzia do Itanhi e Curralinho, em Po\u00e7o Redondo, dentre outros. Tamb\u00e9, iremos ter o Plano de Marketing e M\u00eddias de Eventos, que, por determina\u00e7\u00e3o do governador Jackson Barreto, s\u00f3 ser\u00e1 licitado ap\u00f3s ser discutido com o trade tur\u00edstico sergipano. Na pr\u00f3xima semana j\u00e1 vamos iniciar as discuss\u00f5es com o trade para lan\u00e7ar esse projeto que divulgar\u00e1 e consolidar\u00e1 o destino Sergipe no Brasil e no mundo\u201d, destacou F\u00e1bio Henrique.<\/p>\n<p>Com recursos do Prodetur, o governo do Estado ainda disp\u00f5e de R$ 20 milh\u00f5es para projeto e execu\u00e7\u00e3o da obra da orla do litoral sul de Aracaju (Adequa\u00e7\u00e3o urban\u00edstica das praias do litoral sul de Aracaju). O projeto da nova orla est\u00e1 sendo realizado. A orla ter\u00e1 16,5 quil\u00f4metros, se estendendo do final da Passarela do Caranguejo at\u00e9 o farol da praia do Mosqueiro. A interven\u00e7\u00e3o englobar\u00e1 as praias de: Cinel\u00e2ndia, Aruana, Robalo, Ref\u00fagio, N\u00e1ufragos e Mosqueiro. As praias ser\u00e3o urbanizadas e dotadas de infraestrutura.<\/p>\n<p>&nbsp;<\/p>\n<p><a href=\"http:\/\/senoticias.com.br\/se\/wp-content\/uploads\/2017\/09\/Logo-fone-1-2-1-2-4-6-1-1-1-2.jpg\"><img loading=\"lazy\" decoding=\"async\" class=\"aligncenter size-full wp-image-106641\" src=\"http:\/\/senoticias.com.br\/se\/wp-content\/uploads\/2017\/09\/Logo-fone-1-2-1-2-4-6-1-1-1-2.jpg\" alt=\"Logo-fone-1-2-1-2-4-6-1-1-1\" width=\"599\" height=\"78\" srcset=\"https:\/\/senoticias.com.br\/se\/wp-content\/uploads\/2017\/09\/Logo-fone-1-2-1-2-4-6-1-1-1-2.jpg 599w, https:\/\/senoticias.com.br\/se\/wp-content\/uploads\/2017\/09\/Logo-fone-1-2-1-2-4-6-1-1-1-2-300x39.jpg 300w\" sizes=\"(max-width: 599px) 100vw, 599px\" \/><\/a><\/p>\n<p><em><strong>Acompanhe tamb\u00e9m o SE Not\u00edcias no\u00a0<a href=\"https:\/\/twitter.com\/Senoticias\" target=\"_blank\">Twitter<\/a>,\u00a0<a href=\"https:\/\/www.facebook.com\/senoticias1\" target=\"_blank\">Facebook<\/a>\u00a0e no\u00a0<a href=\"https:\/\/www.instagram.com\/senoticias\/\" target=\"_blank\">Instagram<\/a><\/strong><\/em><\/p>\n<p><em>Ag\u00eancia Sergipe de Not\u00edcias<\/em><\/p>\n","protected":false},"excerpt":{"rendered":"<p>A partir de 04 de novembro deste ano, Sergipe passar\u00e1 a ter voos regulares para Buenos Aires, capital da Argentina, primeiro destino internacional regular do Aeroporto Santa Maria, em Aracaju. Para possibilitar o novo destino a\u00e9reo, o governador Jackson Barreto assinou o Termo de Acordo entre o governo do Estado, por meio por meio da [&hellip;]<\/p>\n","protected":false},"author":2,"featured_media":106684,"comment_status":"closed","ping_status":"closed","sticky":false,"template":"","format":"standard","meta":{"footnotes":""},"categories":[6],"tags":[4854,2748,5864,5866,5865],"class_list":{"0":"post-106682","1":"post","2":"type-post","3":"status-publish","4":"format-standard","5":"has-post-thumbnail","7":"category-politica","8":"tag-aeroporto-santa-maria","9":"tag-governador","10":"tag-voo-aracaju-e-buenos-aires","11":"tag-voo-da-gol","12":"tag-voo-regular"},"_links":{"self":[{"href":"https:\/\/senoticias.com.br\/se\/wp-json\/wp\/v2\/posts\/106682"}],"collection":[{"href":"https:\/\/senoticias.com.br\/se\/wp-json\/wp\/v2\/posts"}],"about":[{"href":"https:\/\/senoticias.com.br\/se\/wp-json\/wp\/v2\/types\/post"}],"author":[{"embeddable":true,"href":"https:\/\/senoticias.com.br\/se\/wp-json\/wp\/v2\/users\/2"}],"replies":[{"embeddable":true,"href":"https:\/\/senoticias.com.br\/se\/wp-json\/wp\/v2\/comments?post=106682"}],"version-history":[{"count":0,"href":"https:\/\/senoticias.com.br\/se\/wp-json\/wp\/v2\/posts\/106682\/revisions"}],"wp:featuredmedia":[{"embeddable":true,"href":"https:\/\/senoticias.com.br\/se\/wp-json\/wp\/v2\/media\/106684"}],"wp:attachment":[{"href":"https:\/\/senoticias.com.br\/se\/wp-json\/wp\/v2\/media?parent=106682"}],"wp:term":[{"taxonomy":"category","embeddable":true,"href":"https:\/\/senoticias.com.br\/se\/wp-json\/wp\/v2\/categories?post=106682"},{"taxonomy":"post_tag","embeddable":true,"href":"https:\/\/senoticias.com.br\/se\/wp-json\/wp\/v2\/tags?post=106682"}],"curies":[{"name":"wp","href":"https:\/\/api.w.org\/{rel}","templated":true}]}}