{"id":106678,"date":"2017-09-14T17:38:08","date_gmt":"2017-09-14T20:38:08","guid":{"rendered":"http:\/\/senoticias.com.br\/se\/?p=106678"},"modified":"2017-09-14T17:42:06","modified_gmt":"2017-09-14T20:42:06","slug":"operacao-resulta-na-apreensao-de-drogas-armas-de-fogo-e-prisoes-em-itabaiana","status":"publish","type":"post","link":"https:\/\/senoticias.com.br\/se\/operacao-resulta-na-apreensao-de-drogas-armas-de-fogo-e-prisoes-em-itabaiana\/","title":{"rendered":"Opera\u00e7\u00e3o resulta na apreens\u00e3o de drogas, armas de fogo e pris\u00f5es em Itabaiana"},"content":{"rendered":"<p style=\"text-align: justify;\">A Pol\u00edcia Civil, por meio da Delegacia Regional de Itabaiana, deflagrou\u00a0 desde o dia de ontem, 13, uma opera\u00e7\u00e3o visando combater crimes relacionados ao tr\u00e1fico de drogas, roubos e comercializa\u00e7\u00e3o de armas de fogo no munic\u00edpio serrano do Estado.<\/p>\n<div id=\"attachment_106680\" style=\"width: 609px\" class=\"wp-caption aligncenter\"><a href=\"http:\/\/senoticias.com.br\/se\/wp-content\/uploads\/2017\/09\/Itabaiana-SENOTICIAS-e1505421383876.jpg\"><img loading=\"lazy\" decoding=\"async\" aria-describedby=\"caption-attachment-106680\" class=\"size-full wp-image-106680\" src=\"http:\/\/senoticias.com.br\/se\/wp-content\/uploads\/2017\/09\/Itabaiana-SENOTICIAS-e1505421383876.jpg\" alt=\"Na a\u00e7\u00e3o, dois indiv\u00edduos foram presos, al\u00e9m de dois adolescentes apreendidos\" width=\"599\" height=\"449\" \/><\/a><p id=\"caption-attachment-106680\" class=\"wp-caption-text\">Na a\u00e7\u00e3o, dois indiv\u00edduos foram presos, al\u00e9m de dois adolescentes apreendidos (foto: SSP\/SE)<\/p><\/div>\n<p style=\"text-align: justify;\">Um total de 40 policiais civis participaram da opera\u00e7\u00e3o. O efetivo foi composto por agentes da Delegacia Geral, Coordenadoria de Pol\u00edcia Civil do Interior, Grupo Especial de Repress\u00e3o e Buscas (Gerb) e delegacias de Carira, Frei Paulo e Nossa Senhora da Gl\u00f3ria. Al\u00e9m do efetivo da Pol\u00edcia Civil, os trabalhos contaram tamb\u00e9m com o apoio de profissionais do Grupamento T\u00e1tico A\u00e9reo (GTA) e de militares da Companhia Independente de Policiamento com C\u00e3es (CIPC\u00e3es).<\/p>\n<p style=\"text-align: justify;\">Um ex-presidi\u00e1rio, identificado como Ant\u00f4nio Marcos Leandro, mais conhecido como &#8220;Mac Jhonson&#8221;,\u00a0foi preso em flagrante no povoado Rio das Pedras,\u00a0pelos crimes de tr\u00e1fico de drogas e porte ilegal de arma de fogo. Com ele foi apreendido um rev\u00f3lver calibre 38 com seis muni\u00e7\u00f5es, 20 pinos contendo coca\u00edna, um caderno com anota\u00e7\u00f5es relacionadas \u00e0 pr\u00e1tica do tr\u00e1fico e a quantia de R$ 500,00 em esp\u00e9cie.<\/p>\n<p>&nbsp;<\/p>\n<p style=\"text-align: justify;\">Dois mandados de interna\u00e7\u00e3o tamb\u00e9m foram cumpridos. Trata-se de um casal de adolescentes que praticavam atos infracionais equiparados ao delito de roubo majorado &#8211; especificamente.<\/p>\n<p style=\"text-align: justify;\">Tamb\u00e9m foram apreendidas uma arma de fogo de fabrica\u00e7\u00e3o caseira e uma espingarda calibre 12 em posse de um indiv\u00edduo identificado como Gervasio Pereira da Costa, 64 anos.<\/p>\n<p style=\"text-align: justify;\">Segundo o delegado F\u00e1bio Santana, a a\u00e7\u00e3o faz parte de um planejamento que visa reduzir o crime de tr\u00e1fico de drogas no munic\u00edpio, bem como os \u00edndices de outras modalidades criminosas, a exemplo de roubos e homic\u00eddios. &#8220;Estamos intensificando os trabalhos com o intuito de reduzir os \u00edndices de criminalidade no munic\u00edpio. Prova disso j\u00e1 s\u00e3o os n\u00fameros positivos de redu\u00e7\u00e3o de crimes de homic\u00eddio e roubos, quando comparados ao mesmo per\u00edodo de 2016&#8221;, finalizou.<\/p>\n<p style=\"text-align: justify;\"><a href=\"http:\/\/senoticias.com.br\/se\/wp-content\/uploads\/2017\/09\/Logo-fone-1-2-1-2-4-6-1-1-1-2.jpg\"><img loading=\"lazy\" decoding=\"async\" class=\"aligncenter size-full wp-image-106641\" src=\"http:\/\/senoticias.com.br\/se\/wp-content\/uploads\/2017\/09\/Logo-fone-1-2-1-2-4-6-1-1-1-2.jpg\" alt=\"Logo-fone-1-2-1-2-4-6-1-1-1\" width=\"599\" height=\"78\" srcset=\"https:\/\/senoticias.com.br\/se\/wp-content\/uploads\/2017\/09\/Logo-fone-1-2-1-2-4-6-1-1-1-2.jpg 599w, https:\/\/senoticias.com.br\/se\/wp-content\/uploads\/2017\/09\/Logo-fone-1-2-1-2-4-6-1-1-1-2-300x39.jpg 300w\" sizes=\"(max-width: 599px) 100vw, 599px\" \/><\/a><\/p>\n<p style=\"text-align: justify;\"><em><strong>Acompanhe tamb\u00e9m o SE Not\u00edcias no\u00a0<a href=\"https:\/\/twitter.com\/Senoticias\" target=\"_blank\">Twitter<\/a>,\u00a0<a href=\"https:\/\/www.facebook.com\/senoticias1\" target=\"_blank\">Facebook<\/a>\u00a0e no\u00a0<a href=\"https:\/\/www.instagram.com\/senoticias\/\" target=\"_blank\">Instagram<\/a><\/strong><\/em><\/p>\n<p style=\"text-align: justify;\"><em>por ascom\/SSP\/SE<\/em><\/p>\n","protected":false},"excerpt":{"rendered":"<p>A Pol\u00edcia Civil, por meio da Delegacia Regional de Itabaiana, deflagrou\u00a0 desde o dia de ontem, 13, uma opera\u00e7\u00e3o visando combater crimes relacionados ao tr\u00e1fico de drogas, roubos e comercializa\u00e7\u00e3o de armas de fogo no munic\u00edpio serrano do Estado. Um total de 40 policiais civis participaram da opera\u00e7\u00e3o. O efetivo foi composto por agentes da [&hellip;]<\/p>\n","protected":false},"author":2,"featured_media":106680,"comment_status":"closed","ping_status":"closed","sticky":false,"template":"","format":"standard","meta":{"footnotes":""},"categories":[15,7],"tags":[236,78,2914,5863],"class_list":{"0":"post-106678","1":"post","2":"type-post","3":"status-publish","4":"format-standard","5":"has-post-thumbnail","7":"category-destaques","8":"category-policia","9":"tag-itabaiana","10":"tag-policia-civil","11":"tag-prisoes","12":"tag-prisoes-em-itabaiana"},"_links":{"self":[{"href":"https:\/\/senoticias.com.br\/se\/wp-json\/wp\/v2\/posts\/106678"}],"collection":[{"href":"https:\/\/senoticias.com.br\/se\/wp-json\/wp\/v2\/posts"}],"about":[{"href":"https:\/\/senoticias.com.br\/se\/wp-json\/wp\/v2\/types\/post"}],"author":[{"embeddable":true,"href":"https:\/\/senoticias.com.br\/se\/wp-json\/wp\/v2\/users\/2"}],"replies":[{"embeddable":true,"href":"https:\/\/senoticias.com.br\/se\/wp-json\/wp\/v2\/comments?post=106678"}],"version-history":[{"count":0,"href":"https:\/\/senoticias.com.br\/se\/wp-json\/wp\/v2\/posts\/106678\/revisions"}],"wp:featuredmedia":[{"embeddable":true,"href":"https:\/\/senoticias.com.br\/se\/wp-json\/wp\/v2\/media\/106680"}],"wp:attachment":[{"href":"https:\/\/senoticias.com.br\/se\/wp-json\/wp\/v2\/media?parent=106678"}],"wp:term":[{"taxonomy":"category","embeddable":true,"href":"https:\/\/senoticias.com.br\/se\/wp-json\/wp\/v2\/categories?post=106678"},{"taxonomy":"post_tag","embeddable":true,"href":"https:\/\/senoticias.com.br\/se\/wp-json\/wp\/v2\/tags?post=106678"}],"curies":[{"name":"wp","href":"https:\/\/api.w.org\/{rel}","templated":true}]}}