{"id":106642,"date":"2017-09-13T13:26:51","date_gmt":"2017-09-13T16:26:51","guid":{"rendered":"http:\/\/senoticias.com.br\/se\/?p=106642"},"modified":"2017-09-13T13:37:44","modified_gmt":"2017-09-13T16:37:44","slug":"camara-de-vereadores-de-itaporanga-reprova-taxa-de-iluminacao-publica","status":"publish","type":"post","link":"https:\/\/senoticias.com.br\/se\/camara-de-vereadores-de-itaporanga-reprova-taxa-de-iluminacao-publica\/","title":{"rendered":"Vereadores de Itaporanga reprovam Taxa de Ilumina\u00e7\u00e3o P\u00fablica; assista"},"content":{"rendered":"<p style=\"text-align: justify;\">O prefeito de Itaporanga D&#8217;Ajuda, Ot\u00e1vio Sobral\u00a0(PSDB), sofreu nova derrota na C\u00e2mara Municipal. Sem sem base aliada, o \u00a0peessedebista tem acumulado sucessivos reveses no Legislativo por pura falta de habilidade.<\/p>\n<p style=\"text-align: justify;\">A C\u00e2mara de Vereadores de Itaporanga D&#8217;Ajuda, distante 29 Km de Aracaju, reprovou, na noite de ter\u00e7a-feira, 12, um projeto de lei encaminhado pelo prefeito Ot\u00e1vio Sobral (PSDB) que criava a taxa de ilumina\u00e7\u00e3o p\u00fablica, no \u00e2mbito do munic\u00edpio.\u00a0Por\u00e9m, a medida do prefeito foi revogada pela C\u00e2mara de Vereadores, ap\u00f3s uma ampla mobiliza\u00e7\u00e3o popular.<\/p>\n<div id=\"attachment_106644\" style=\"width: 610px\" class=\"wp-caption aligncenter\"><a href=\"http:\/\/senoticias.com.br\/se\/wp-content\/uploads\/2017\/09\/Otavio-Sobral-SENOTICIAS.jpeg\"><img loading=\"lazy\" decoding=\"async\" aria-describedby=\"caption-attachment-106644\" class=\"size-full wp-image-106644\" src=\"http:\/\/senoticias.com.br\/se\/wp-content\/uploads\/2017\/09\/Otavio-Sobral-SENOTICIAS.jpeg\" alt=\"Sem base aliada, Ot\u00e1vio Sobral sofre nova derrota na C\u00e2mara de Vereadores.\" width=\"600\" height=\"400\" srcset=\"https:\/\/senoticias.com.br\/se\/wp-content\/uploads\/2017\/09\/Otavio-Sobral-SENOTICIAS.jpeg 600w, https:\/\/senoticias.com.br\/se\/wp-content\/uploads\/2017\/09\/Otavio-Sobral-SENOTICIAS-300x200.jpeg 300w, https:\/\/senoticias.com.br\/se\/wp-content\/uploads\/2017\/09\/Otavio-Sobral-SENOTICIAS-90x60.jpeg 90w, https:\/\/senoticias.com.br\/se\/wp-content\/uploads\/2017\/09\/Otavio-Sobral-SENOTICIAS-180x120.jpeg 180w, https:\/\/senoticias.com.br\/se\/wp-content\/uploads\/2017\/09\/Otavio-Sobral-SENOTICIAS-95x64.jpeg 95w\" sizes=\"(max-width: 600px) 100vw, 600px\" \/><\/a><p id=\"caption-attachment-106644\" class=\"wp-caption-text\">Sem base aliada, Ot\u00e1vio Sobral sofre nova derrota na C\u00e2mara de Vereadores (foto: arquivo\/PMI)<\/p><\/div>\n<p style=\"text-align: justify;\">Os vereadores votaram a proposta enviada pela Prefeitura na sess\u00e3o ordin\u00e1ria da \u00faltima ter\u00e7a-feira, 12, o projeto que institu\u00eda a taxa de ilumina\u00e7\u00e3o p\u00fablica.<\/p>\n<p style=\"text-align: justify;\"><strong>Veja abaixo a lista dos vereadores que votaram contra:<\/strong><\/p>\n<p style=\"text-align: justify;\">Os vereadores Thiago Luduvice (PMDB), Renatinho de Z\u00e9 de Lili (PRP), Tonho de Luquinha (PMDB), Nena do Gravat\u00e1 (PPS), Ricardo Possid\u00f4nio (PROS), Concei\u00e7\u00e3o Anchieta\u00a0(PSL) e Ed\u00e9sio do Assentamento (PT), que haviam convocado a popula\u00e7\u00e3o para participar e se manifestar contra as propostas, votaram contra a proposta.<\/p>\n<p style=\"text-align: justify;\"><strong>Confira o nome dos vereadores que votaram a favor da taxa de ilumina\u00e7\u00e3o p\u00fablica:<\/strong><\/p>\n<p style=\"text-align: justify;\">Os vereadores aliados do prefeito Ot\u00e1vio Sobral, foram a favor do Projeto de Lei Complementar n\u00ba 04\/2017 referente a implanta\u00e7\u00e3o da Taxa de Ilumina\u00e7\u00e3o P\u00fablica Municipal. <strong>S\u00e3o eles<\/strong>: Anazilda Sobral (PSB), Silvio Leal (PDT), Marize da Mata (PPS), Wallace da Nova Descoberta (PSD), Neguinho do Sap\u00e9 (PR), L\u00edder do Prefeito e Ivan do Conselho (SD).<\/p>\n<p style=\"text-align: justify;\"><strong>Segunda derrota<\/strong><\/p>\n<p style=\"text-align: justify;\">A\u00a0elei\u00e7\u00e3o para a Mesa Diretora 2017-2018 foi bastante disputada. Foram apresentadas duas chapas, sendo que a do agrupamento de oposi\u00e7\u00e3o, que hoje \u00e9 liderada pela ex-prefeita Gracinha (PMDB), saiu-se vitoriosa.<\/p>\n<p style=\"text-align: justify;\">Com sete votos a cinco, foi eleita para presidente do Legislativo, a vereadora\u00a0<strong>Concei\u00e7\u00e3o Anchieta (PSL)<\/strong>; para vice,\u00a0<strong>Anazilda Sobral (PSB)<\/strong>;\u00a0<strong>Thiago Luduvice (PMDB)<\/strong>, para 1\u00ba secret\u00e1rio, e\u00a0<strong>Ricardo Possid\u00f4nio (PROS)<\/strong>\u00a0para 2\u00ba secret\u00e1rio.<\/p>\n<p style=\"text-align: justify;\">Com a reprova\u00e7\u00e3o do projeto, a oposi\u00e7\u00e3o permanece fortalecida em Itaporanga D\u2019Ajuda.<\/p>\n<p><iframe loading=\"lazy\" src=\"https:\/\/www.youtube.com\/embed\/w5vLfCuijDM\" width=\"560\" height=\"315\" frameborder=\"0\" allowfullscreen=\"allowfullscreen\"><\/iframe><\/p>\n<p><a href=\"http:\/\/senoticias.com.br\/se\/wp-content\/uploads\/2017\/09\/Logo-fone-1-2-1-2-4-6-1-1-1-2.jpg\"><img loading=\"lazy\" decoding=\"async\" class=\"aligncenter size-full wp-image-106641\" src=\"http:\/\/senoticias.com.br\/se\/wp-content\/uploads\/2017\/09\/Logo-fone-1-2-1-2-4-6-1-1-1-2.jpg\" alt=\"Logo-fone-1-2-1-2-4-6-1-1-1\" width=\"599\" height=\"78\" srcset=\"https:\/\/senoticias.com.br\/se\/wp-content\/uploads\/2017\/09\/Logo-fone-1-2-1-2-4-6-1-1-1-2.jpg 599w, https:\/\/senoticias.com.br\/se\/wp-content\/uploads\/2017\/09\/Logo-fone-1-2-1-2-4-6-1-1-1-2-300x39.jpg 300w\" sizes=\"(max-width: 599px) 100vw, 599px\" \/><\/a><\/p>\n<p><em><strong>Acompanhe tamb\u00e9m o SE Not\u00edcias no\u00a0<a href=\"https:\/\/twitter.com\/Senoticias\" target=\"_blank\">Twitter<\/a>,\u00a0<a href=\"https:\/\/www.facebook.com\/senoticias1\" target=\"_blank\">Facebook<\/a>\u00a0e no\u00a0<a href=\"https:\/\/www.instagram.com\/senoticias\/\" target=\"_blank\">Instagram<\/a><\/strong><\/em><\/p>\n<p><em>Reda\u00e7\u00e3o SE Not\u00edcias<\/em><\/p>\n","protected":false},"excerpt":{"rendered":"<p>O prefeito de Itaporanga D&#8217;Ajuda, Ot\u00e1vio Sobral\u00a0(PSDB), sofreu nova derrota na C\u00e2mara Municipal. Sem sem base aliada, o \u00a0peessedebista tem acumulado sucessivos reveses no Legislativo por pura falta de habilidade. A C\u00e2mara de Vereadores de Itaporanga D&#8217;Ajuda, distante 29 Km de Aracaju, reprovou, na noite de ter\u00e7a-feira, 12, um projeto de lei encaminhado pelo prefeito [&hellip;]<\/p>\n","protected":false},"author":2,"featured_media":106644,"comment_status":"closed","ping_status":"closed","sticky":false,"template":"","format":"standard","meta":{"footnotes":""},"categories":[15,38],"tags":[2130,5847,217],"class_list":{"0":"post-106642","1":"post","2":"type-post","3":"status-publish","4":"format-standard","5":"has-post-thumbnail","7":"category-destaques","8":"category-municipios","9":"tag-itaporanga","10":"tag-taxa-de-iluminacao-publica","11":"tag-vereadores"},"_links":{"self":[{"href":"https:\/\/senoticias.com.br\/se\/wp-json\/wp\/v2\/posts\/106642"}],"collection":[{"href":"https:\/\/senoticias.com.br\/se\/wp-json\/wp\/v2\/posts"}],"about":[{"href":"https:\/\/senoticias.com.br\/se\/wp-json\/wp\/v2\/types\/post"}],"author":[{"embeddable":true,"href":"https:\/\/senoticias.com.br\/se\/wp-json\/wp\/v2\/users\/2"}],"replies":[{"embeddable":true,"href":"https:\/\/senoticias.com.br\/se\/wp-json\/wp\/v2\/comments?post=106642"}],"version-history":[{"count":0,"href":"https:\/\/senoticias.com.br\/se\/wp-json\/wp\/v2\/posts\/106642\/revisions"}],"wp:featuredmedia":[{"embeddable":true,"href":"https:\/\/senoticias.com.br\/se\/wp-json\/wp\/v2\/media\/106644"}],"wp:attachment":[{"href":"https:\/\/senoticias.com.br\/se\/wp-json\/wp\/v2\/media?parent=106642"}],"wp:term":[{"taxonomy":"category","embeddable":true,"href":"https:\/\/senoticias.com.br\/se\/wp-json\/wp\/v2\/categories?post=106642"},{"taxonomy":"post_tag","embeddable":true,"href":"https:\/\/senoticias.com.br\/se\/wp-json\/wp\/v2\/tags?post=106642"}],"curies":[{"name":"wp","href":"https:\/\/api.w.org\/{rel}","templated":true}]}}