{"id":106638,"date":"2017-09-13T07:33:41","date_gmt":"2017-09-13T10:33:41","guid":{"rendered":"http:\/\/senoticias.com.br\/se\/?p=106638"},"modified":"2017-09-13T07:40:39","modified_gmt":"2017-09-13T10:40:39","slug":"governador-sugere-mobilizacao-para-cobrar-apoio-do-governo-federal-na-area-de-seguranca","status":"publish","type":"post","link":"https:\/\/senoticias.com.br\/se\/governador-sugere-mobilizacao-para-cobrar-apoio-do-governo-federal-na-area-de-seguranca\/","title":{"rendered":"Governador sugere mobiliza\u00e7\u00e3o para cobrar apoio do governo federal na \u00e1rea de seguran\u00e7a"},"content":{"rendered":"<p style=\"text-align: justify;\">Ap\u00f3s receber a\u00a0<a href=\"http:\/\/senoticias.com.br\/se\/jackson-recebe-a-medalha-jk-maior-homenagem-do-governo-de-minas-gerais\/\"><strong>medalha JK<\/strong><\/a>, o governador Jackson Barreto participou de reuni\u00e3o para tra\u00e7ar uma agenda positiva de interesse dos Estados. Ao lado dos governadores do Piau\u00ed, Jos\u00e9 Wellington Barroso; de Rond\u00f4nia, Conf\u00facio Moura; do Rio Grande do Norte, Robinson Faria; do Acre, Ti\u00e3o Viana; do Mato Grosso, Jos\u00e9 Pedro Gon\u00e7alves Taques e de Minas Gerais, Fernando Pimentel, Jackson sugeriu uma mobiliza\u00e7\u00e3o dos chefes de Executivo para cobrar mais efetividade do governo Federal na seguran\u00e7a p\u00fablica.<\/p>\n<div id=\"attachment_106640\" style=\"width: 609px\" class=\"wp-caption aligncenter\"><a href=\"http:\/\/senoticias.com.br\/se\/wp-content\/uploads\/2017\/09\/2d5a58ad00df1f5d7df7956ba0380caa-e1505298938867.jpg\"><img loading=\"lazy\" decoding=\"async\" aria-describedby=\"caption-attachment-106640\" class=\"size-full wp-image-106640\" src=\"http:\/\/senoticias.com.br\/se\/wp-content\/uploads\/2017\/09\/2d5a58ad00df1f5d7df7956ba0380caa-e1505298938867.jpg\" alt=\"Governador de Sergipe pontuou como imprescind\u00edvel e urgente alertar o governo Federal sobre o problema que tem afligido milh\u00f5es de habitantes e cobrar a\u00e7\u00f5es pr\u00e1ticas da Uni\u00e3o\" width=\"599\" height=\"399\" \/><\/a><p id=\"caption-attachment-106640\" class=\"wp-caption-text\">Jackson Barreto pontuou como imprescind\u00edvel e urgente alertar o governo Federal sobre o problema que tem afligido milh\u00f5es de habitantes e cobrar a\u00e7\u00f5es pr\u00e1ticas da Uni\u00e3o (foto: Manoel Marques)<\/p><\/div>\n<p style=\"text-align: justify;\">Na ocasi\u00e3o, os governadores lan\u00e7aram a Carta de Diamantina. O objetivo do documento, que ser\u00e1 encaminhado \u00e0 Presid\u00eancia da Rep\u00fablica, \u00e9 demonstrar a uni\u00e3o e a urg\u00eancias dos chefes dos Executivos em torno do encontro de contas entre Estados e governo federal &#8211; buscando, assim, recuperar as perdas ocorridas devido a Lei Federal 87\/1996, conhecida como Lei Kandir, que trata sobre a aplica\u00e7\u00e3o do Imposto Sobre Circula\u00e7\u00e3o de Mercadorias e Servi\u00e7os \u2013 ICMS.<\/p>\n<p style=\"text-align: justify;\">Jackson Barreto pontuou como imprescind\u00edvel e urgente alertar o governo Federal sobre o problema que tem afligido milh\u00f5es de habitantes e cobrar a\u00e7\u00f5es pr\u00e1ticas da Uni\u00e3o. \u201cEm rela\u00e7\u00e3o \u00e0 seguran\u00e7a, precisamos buscar recursos, apoios, a exemplo da Ministra Carmen L\u00facia, que luta pelo descontigenciamento dos recursos federais do Fundo Penitenci\u00e1rio, para que o governo Federal assuma sua responsabilidade no fechamento das fronteiras, que est\u00e3o abertas para armas e drogas. Temos que unir for\u00e7as para buscar resolver esse problema que aflige nossas popula\u00e7\u00f5es, que sofrem com a viol\u00eancia&#8221;, disse Jackson.<\/p>\n<p style=\"text-align: justify;\">\u00a0Os chefes dos Executivos debateram, ainda, a necessidade de um novo formato para o F\u00f3rum dos Governadores, evento que re\u00fane todos os governadores do Pa\u00eds na constru\u00e7\u00e3o de pautas conjuntas. \u00a0Para o governador Pimentel, \u00e9 preciso pautas mais focadas, com propostas para melhorar a situa\u00e7\u00e3o financeira de estados e munic\u00edpios. &#8220;\u00c9 dever nosso estruturar essa ferramenta importante para os estados e para o Brasil. A crise vai permanecer com suas consequ\u00eancias por mais tempo e precisamos estar organizados para discutir e encaminhar provid\u00eancias&#8221;, disse Pimentel.<\/p>\n<p><strong>Carta<\/strong><\/p>\n<p style=\"text-align: justify;\">A Carta de Diamantina ressalta que a Lei Kandir, ao isentar o Imposto Sobre Circula\u00e7\u00e3o de Mercadorias e Servi\u00e7os (ICMS) das exporta\u00e7\u00f5es de produtos prim\u00e1rios e commodities, estabeleceu ressarcimentos aos Estados pelas perdas inerentes \u00e0 isen\u00e7\u00e3o. Esses ressarcimentos, portanto, justificam a necessidade de reparar preju\u00edzos ocorridos devido \u00e0 aus\u00eancia de arrecada\u00e7\u00e3o de tributos estaduais.<\/p>\n<p style=\"text-align: justify;\">Fernando Pimentel, anfitri\u00e3o do evento, defendeu que a Uni\u00e3o adote imediatamente o encontro de contas proposto. \u201cEsse documento trata basicamente da Lei Kandir. Esse \u00e9 um processo que est\u00e1 em curso em Bras\u00edlia. J\u00e1 temos uma decis\u00e3o favor\u00e1vel do Supremo Tribunal Federal (STF) aos Estados, dizendo que o prazo vai at\u00e9 novembro deste ano para que essa compensa\u00e7\u00e3o seja regulamentada. Tamb\u00e9m j\u00e1 existe uma Comiss\u00e3o Mista criada no Congresso Nacional para isso. O que n\u00f3s estamos reivindicando \u00e9 que esse ressarcimento seja feito na forma de um encontro de contas. Ou seja, todos os Estados t\u00eam d\u00e9bitos, t\u00eam d\u00edvidas com a Uni\u00e3o, e poder\u00edamos abater dessa d\u00edvida do montante dos ressarcimentos que ter\u00e3o que ser feitos. Isso facilitaria tanto para a Uni\u00e3o quanto para os Estados. A Carta de Diamantina reitera essa reivindica\u00e7\u00e3o\u201d, defendeu.<\/p>\n<p style=\"text-align: justify;\"><strong>Presen\u00e7as<\/strong><\/p>\n<p style=\"text-align: justify;\">Al\u00e9m dos governadores, tamb\u00e9m participaram da reuni\u00e3o o presidente da Assembleia Legislativa de Minas Gerais, Adalclever Lopes, os secret\u00e1rios de Estado de Governo, Odair Cunha, de Planejamento e Gest\u00e3o, Helv\u00e9cio Magalh\u00e3es, de Fazenda, Jos\u00e9 Afonso Bicalho, o advogado geral do Estado, Onofre Batista, o presidente da Codemig, Marco Ant\u00f4nio Castelo Branco, o Procurador-Geral de Justi\u00e7a de Minas Gerais, Ant\u00f4nio S\u00e9rgio Tonet; al\u00e9m dos deputados estaduais Andr\u00e9 Quint\u00e3o, Paulo Guedes, Gustavo Santana, Carlos Henrique, Iran Barbosa, e o prefeito de Diamantina, Juscelino Roque, entre outras autoridades.<\/p>\n<p><a href=\"http:\/\/senoticias.com.br\/se\/wp-content\/uploads\/2017\/09\/Logo-fone-1-2-1-2-4-6-1-1-1-2.jpg\"><img loading=\"lazy\" decoding=\"async\" class=\"aligncenter size-full wp-image-106641\" src=\"http:\/\/senoticias.com.br\/se\/wp-content\/uploads\/2017\/09\/Logo-fone-1-2-1-2-4-6-1-1-1-2.jpg\" alt=\"Logo-fone-1-2-1-2-4-6-1-1-1\" width=\"599\" height=\"78\" srcset=\"https:\/\/senoticias.com.br\/se\/wp-content\/uploads\/2017\/09\/Logo-fone-1-2-1-2-4-6-1-1-1-2.jpg 599w, https:\/\/senoticias.com.br\/se\/wp-content\/uploads\/2017\/09\/Logo-fone-1-2-1-2-4-6-1-1-1-2-300x39.jpg 300w\" sizes=\"(max-width: 599px) 100vw, 599px\" \/><\/a><\/p>\n<p><em><strong>Acompanhe tamb\u00e9m o SE Not\u00edcias no\u00a0<a href=\"https:\/\/twitter.com\/Senoticias\" target=\"_blank\">Twitter<\/a>,\u00a0<a href=\"https:\/\/www.facebook.com\/senoticias1\" target=\"_blank\">Facebook<\/a>\u00a0e no\u00a0<a href=\"https:\/\/www.instagram.com\/senoticias\/\" target=\"_blank\">Instagram<\/a><\/strong><\/em><\/p>\n<p><em>Informa\u00e7\u00f5es da Ag\u00eancia Sergipe de Not\u00edcias<\/em><\/p>\n","protected":false},"excerpt":{"rendered":"<p>Ap\u00f3s receber a\u00a0medalha JK, o governador Jackson Barreto participou de reuni\u00e3o para tra\u00e7ar uma agenda positiva de interesse dos Estados. Ao lado dos governadores do Piau\u00ed, Jos\u00e9 Wellington Barroso; de Rond\u00f4nia, Conf\u00facio Moura; do Rio Grande do Norte, Robinson Faria; do Acre, Ti\u00e3o Viana; do Mato Grosso, Jos\u00e9 Pedro Gon\u00e7alves Taques e de Minas Gerais, [&hellip;]<\/p>\n","protected":false},"author":2,"featured_media":106640,"comment_status":"closed","ping_status":"closed","sticky":false,"template":"","format":"standard","meta":{"footnotes":""},"categories":[6],"tags":[5845,2748,114,4343,5846],"class_list":{"0":"post-106638","1":"post","2":"type-post","3":"status-publish","4":"format-standard","5":"has-post-thumbnail","7":"category-politica","8":"tag-carta-de-diamantina","9":"tag-governador","10":"tag-jackson-barreto","11":"tag-seguranca","12":"tag-sugere-mobilizacao"},"_links":{"self":[{"href":"https:\/\/senoticias.com.br\/se\/wp-json\/wp\/v2\/posts\/106638"}],"collection":[{"href":"https:\/\/senoticias.com.br\/se\/wp-json\/wp\/v2\/posts"}],"about":[{"href":"https:\/\/senoticias.com.br\/se\/wp-json\/wp\/v2\/types\/post"}],"author":[{"embeddable":true,"href":"https:\/\/senoticias.com.br\/se\/wp-json\/wp\/v2\/users\/2"}],"replies":[{"embeddable":true,"href":"https:\/\/senoticias.com.br\/se\/wp-json\/wp\/v2\/comments?post=106638"}],"version-history":[{"count":0,"href":"https:\/\/senoticias.com.br\/se\/wp-json\/wp\/v2\/posts\/106638\/revisions"}],"wp:featuredmedia":[{"embeddable":true,"href":"https:\/\/senoticias.com.br\/se\/wp-json\/wp\/v2\/media\/106640"}],"wp:attachment":[{"href":"https:\/\/senoticias.com.br\/se\/wp-json\/wp\/v2\/media?parent=106638"}],"wp:term":[{"taxonomy":"category","embeddable":true,"href":"https:\/\/senoticias.com.br\/se\/wp-json\/wp\/v2\/categories?post=106638"},{"taxonomy":"post_tag","embeddable":true,"href":"https:\/\/senoticias.com.br\/se\/wp-json\/wp\/v2\/tags?post=106638"}],"curies":[{"name":"wp","href":"https:\/\/api.w.org\/{rel}","templated":true}]}}