{"id":106636,"date":"2017-09-13T07:12:07","date_gmt":"2017-09-13T10:12:07","guid":{"rendered":"http:\/\/senoticias.com.br\/se\/?p=106636"},"modified":"2017-09-13T07:12:07","modified_gmt":"2017-09-13T10:12:07","slug":"professora-e-assassinada-a-tiros-dentro-do-carro-no-estacionamento-de-escola-em-campo-do-brito","status":"publish","type":"post","link":"https:\/\/senoticias.com.br\/se\/professora-e-assassinada-a-tiros-dentro-do-carro-no-estacionamento-de-escola-em-campo-do-brito\/","title":{"rendered":"Professora \u00e9 assassinada a tiros dentro do carro no estacionamento de escola, em Campo do Brito"},"content":{"rendered":"<p style=\"text-align: justify;\">Na noite da \u00faltima ter\u00e7a-feira, 12, um assassinato chocou o munic\u00edpio de Campo do Brito, no Agreste sergipano. Uma professora foi assassinada a tiros dentro de um ve\u00edculo que estava estacionado em uma escola da rede estadual, onde ela trabalhava como coordenadora. O crime aconteceu por volta das 22 hs.<\/p>\n<div id=\"attachment_106637\" style=\"width: 440px\" class=\"wp-caption aligncenter\"><a href=\"http:\/\/senoticias.com.br\/se\/wp-content\/uploads\/2017\/09\/Professora-SENOTICIAS.jpg\"><img loading=\"lazy\" decoding=\"async\" aria-describedby=\"caption-attachment-106637\" class=\"size-full wp-image-106637\" src=\"http:\/\/senoticias.com.br\/se\/wp-content\/uploads\/2017\/09\/Professora-SENOTICIAS.jpg\" alt=\"A professora Ivana Santana Souza Oliveira, 45 anos, foi assassinada quando entrava em ve\u00edculo. (foto: redes sociais)\" width=\"430\" height=\"430\" srcset=\"https:\/\/senoticias.com.br\/se\/wp-content\/uploads\/2017\/09\/Professora-SENOTICIAS.jpg 430w, https:\/\/senoticias.com.br\/se\/wp-content\/uploads\/2017\/09\/Professora-SENOTICIAS-150x150.jpg 150w, https:\/\/senoticias.com.br\/se\/wp-content\/uploads\/2017\/09\/Professora-SENOTICIAS-300x300.jpg 300w\" sizes=\"(max-width: 430px) 100vw, 430px\" \/><\/a><p id=\"caption-attachment-106637\" class=\"wp-caption-text\">A professora Ivana Santana Souza Oliveira, 45 anos, foi assassinada quando entrava em ve\u00edculo. (foto: redes sociais)<\/p><\/div>\n<p style=\"text-align: justify;\">De acordo com relatos de populares, a v\u00edtima, identificada como Ivania Santana Souza Oliveira, de 45 anos, se dirigiu ao ve\u00edculo para ir embora quando dois homens em uma motocicleta se aproximaram e um deles efetuou alguns disparos. Ivania veio a \u00f3bito no local e nenhum pertence dela foi levado.<\/p>\n<p style=\"text-align: justify;\">\nA motiva\u00e7\u00e3o do crime ainda \u00e9 desconhecida e o caso ser\u00e1 investigado pela delegacia do munic\u00edpio. O corpo de Ivania deu entrada no Instituto M\u00e9dico Legal de Sergipe (IML) \u00e0s 03:00 da manh\u00e3 de hoje, 13.<\/p>\n<p style=\"text-align: justify;\"><a href=\"http:\/\/senoticias.com.br\/se\/wp-content\/uploads\/2017\/09\/Logo-fone-1-2-1-2-4-6-1-1-1-1.jpg\"><img loading=\"lazy\" decoding=\"async\" class=\"aligncenter size-full wp-image-106398\" src=\"http:\/\/senoticias.com.br\/se\/wp-content\/uploads\/2017\/09\/Logo-fone-1-2-1-2-4-6-1-1-1-1.jpg\" alt=\"Logo-fone-1-2-1-2-4-6-1-1-1\" width=\"599\" height=\"78\" srcset=\"https:\/\/senoticias.com.br\/se\/wp-content\/uploads\/2017\/09\/Logo-fone-1-2-1-2-4-6-1-1-1-1.jpg 599w, https:\/\/senoticias.com.br\/se\/wp-content\/uploads\/2017\/09\/Logo-fone-1-2-1-2-4-6-1-1-1-1-300x39.jpg 300w\" sizes=\"(max-width: 599px) 100vw, 599px\" \/><\/a><\/p>\n<p style=\"text-align: justify;\"><em><strong>Acompanhe tamb\u00e9m o SE Not\u00edcias no\u00a0<a href=\"https:\/\/twitter.com\/Senoticias\" target=\"_blank\">Twitter<\/a>,\u00a0<a href=\"https:\/\/www.facebook.com\/senoticias1\" target=\"_blank\">Facebook<\/a>\u00a0e no\u00a0<a href=\"https:\/\/www.instagram.com\/senoticias\/\" target=\"_blank\">Instagram<\/a><\/strong><\/em><\/p>\n<p style=\"text-align: justify;\">\n<p style=\"text-align: justify;\"><em>Informa\u00e7\u00f5es do Itnet<\/em><\/p>\n","protected":false},"excerpt":{"rendered":"<p>Na noite da \u00faltima ter\u00e7a-feira, 12, um assassinato chocou o munic\u00edpio de Campo do Brito, no Agreste sergipano. Uma professora foi assassinada a tiros dentro de um ve\u00edculo que estava estacionado em uma escola da rede estadual, onde ela trabalhava como coordenadora. O crime aconteceu por volta das 22 hs. De acordo com relatos de [&hellip;]<\/p>\n","protected":false},"author":2,"featured_media":106637,"comment_status":"closed","ping_status":"closed","sticky":false,"template":"","format":"standard","meta":{"footnotes":""},"categories":[15,7],"tags":[5844,650],"class_list":{"0":"post-106636","1":"post","2":"type-post","3":"status-publish","4":"format-standard","5":"has-post-thumbnail","7":"category-destaques","8":"category-policia","9":"tag-professora-e-assassinada","10":"tag-violencia-em-itabaiana"},"_links":{"self":[{"href":"https:\/\/senoticias.com.br\/se\/wp-json\/wp\/v2\/posts\/106636"}],"collection":[{"href":"https:\/\/senoticias.com.br\/se\/wp-json\/wp\/v2\/posts"}],"about":[{"href":"https:\/\/senoticias.com.br\/se\/wp-json\/wp\/v2\/types\/post"}],"author":[{"embeddable":true,"href":"https:\/\/senoticias.com.br\/se\/wp-json\/wp\/v2\/users\/2"}],"replies":[{"embeddable":true,"href":"https:\/\/senoticias.com.br\/se\/wp-json\/wp\/v2\/comments?post=106636"}],"version-history":[{"count":0,"href":"https:\/\/senoticias.com.br\/se\/wp-json\/wp\/v2\/posts\/106636\/revisions"}],"wp:featuredmedia":[{"embeddable":true,"href":"https:\/\/senoticias.com.br\/se\/wp-json\/wp\/v2\/media\/106637"}],"wp:attachment":[{"href":"https:\/\/senoticias.com.br\/se\/wp-json\/wp\/v2\/media?parent=106636"}],"wp:term":[{"taxonomy":"category","embeddable":true,"href":"https:\/\/senoticias.com.br\/se\/wp-json\/wp\/v2\/categories?post=106636"},{"taxonomy":"post_tag","embeddable":true,"href":"https:\/\/senoticias.com.br\/se\/wp-json\/wp\/v2\/tags?post=106636"}],"curies":[{"name":"wp","href":"https:\/\/api.w.org\/{rel}","templated":true}]}}