{"id":106629,"date":"2017-09-12T13:37:19","date_gmt":"2017-09-12T16:37:19","guid":{"rendered":"http:\/\/senoticias.com.br\/se\/?p=106629"},"modified":"2017-09-12T13:42:51","modified_gmt":"2017-09-12T16:42:51","slug":"jackson-recebe-a-medalha-jk-maior-homenagem-do-governo-de-minas-gerais","status":"publish","type":"post","link":"https:\/\/senoticias.com.br\/se\/jackson-recebe-a-medalha-jk-maior-homenagem-do-governo-de-minas-gerais\/","title":{"rendered":"Jackson recebe a medalha JK, maior homenagem do governo de Minas Gerais"},"content":{"rendered":"<p style=\"text-align: justify;\">Criada em 1995 e concedida pela primeira vez um ano depois, a Medalha JK \u00e9 entregue sempre no dia 12 de setembro, data que marca o nascimento de Kubitschek. Seu objetivo \u00e9 premiar o m\u00e9rito c\u00edvico de personalidades e entidades que prestam servi\u00e7os de excepcional relev\u00e2ncia \u00e0 coletividade e que tenham contribu\u00eddo para o crescimento das institui\u00e7\u00f5es pol\u00edticas e governamentais, bem como para o desenvolvimento do munic\u00edpio, do estado, ou do Pa\u00eds.<\/p>\n<div id=\"attachment_106630\" style=\"width: 600px\" class=\"wp-caption aligncenter\"><a href=\"http:\/\/senoticias.com.br\/se\/wp-content\/uploads\/2017\/09\/WhatsApp-Image-2017-09-12-at-12.39.31-e1505234288631.jpeg\"><img loading=\"lazy\" decoding=\"async\" aria-describedby=\"caption-attachment-106630\" class=\"size-full wp-image-106630\" src=\"http:\/\/senoticias.com.br\/se\/wp-content\/uploads\/2017\/09\/WhatsApp-Image-2017-09-12-at-12.39.31-e1505234288631.jpeg\" alt=\"A comenda faz parte das comemora\u00e7\u00f5es em homenagem ao ex-presidente Juscelino Kubitscheck de Oliveira e \u00e9 uma das mais importantes condecora\u00e7\u00f5es conferidas pelo Estado de Minas Gerais  \" width=\"590\" height=\"787\" \/><\/a><p id=\"caption-attachment-106630\" class=\"wp-caption-text\">A comenda faz parte das comemora\u00e7\u00f5es em homenagem ao ex-presidente Juscelino Kubitscheck e \u00e9 uma das mais importantes condecora\u00e7\u00f5es conferidas pelo Estado de Minas Gerais (foto: ASN)<\/p><\/div>\n<p style=\"text-align: justify;\">Al\u00e9m do governador Jackson Barreto, outros chefes de Estado tamb\u00e9m foram agraciados com a honraria: Jos\u00e9 Wellington Barroso (Piau\u00ed), Conf\u00facio Moura (Rond\u00f4nia), Robinson Faria (Rio Grande do Norte), Ti\u00e3o Viana (Acre), e Jos\u00e9 Pedro Gon\u00e7alves Taques (Mato Grosso). As medalhas foram entregues pelo governador de Minas Gerais, Fernando Pimentel.<\/p>\n<p style=\"text-align: justify;\">Em Diamantina, onde ocorreu a solenidade, Jackson ressaltou o compromisso de Juscelino com o desenvolvimento do Brasil e se emocionou ao lembrar de sua trajet\u00f3ria. &#8220;Quanta emo\u00e7\u00e3o! Quem diria que um menino pobre, do bairro Cirurgia, nascido em Santa Rosa de Lima, nomeado por Juscelino Kubitscheck no Correios, estaria hoje em Minas Gerais, recebendo do governo a medalha do m\u00e9rito JK. \u00c9 uma bela e feliz coincid\u00eancia para minha vida estar aqui, em Diamantina, ouvindo as lembran\u00e7as de Juscelino. Obrigado, presidente JK, por aquele emprego que me deu oportunidade na vida e por tudo que voc\u00ea fez por nosso Pa\u00eds. Eu estou muito emocionado porque n\u00e3o imaginava que um dia estaria governador do Estado recebendo essa homenagem&#8221;.<\/p>\n<p><strong>Juscelino Kubitscheck<\/strong><\/p>\n<p style=\"text-align: justify;\">Juscelino Kubitscheck de Oliveira nasceu em Diamantina em setembro de 1902. Em 1927, formou-se em medicina pela Universidade Federal de Minas Gerais. Em 1934, foi eleito deputado federal, mas seu mandato foi cassado com o Estado Novo. Com a perda do mandato, retornou \u00e0 medicina. Em 1940, foi nomeado prefeito de Belo Horizonte por Benedito Valadares, permanecendo no cargo at\u00e9 outubro de 1945. No final de 1945, foi eleito deputado constituinte pelo PSD. Em 1950, venceu as elei\u00e7\u00f5es para o governo de Minas. Em outubro de 1954, lan\u00e7ou sua candidatura \u00e0 Presid\u00eancia da Rep\u00fablica para a elei\u00e7\u00e3o de 1955.<\/p>\n<p style=\"text-align: justify;\">Em 1950, JK elegeu-se presidente e foi o respons\u00e1vel pela constru\u00e7\u00e3o de Bras\u00edlia. Durante seu mandato, o pa\u00eds viveu um per\u00edodo de desenvolvimento econ\u00f4mico e estabilidade pol\u00edtica.<br \/>\nEm 1962, elegeu-se senador por Goi\u00e1s e tentou viabilizar sua candidatura \u00e0 presid\u00eancia em 1965. No entanto, com o golpe militar de 1964, teve seu mandato cassado e seus direitos pol\u00edticos suspensos. Faleceu em 1976 faleceu em um acidente automobil\u00edstico. JK \u00e9 visto nacionalmente como o pai do Brasil moderno.<\/p>\n<p style=\"text-align: justify;\"><strong>Lei Kandir<\/strong><\/p>\n<p style=\"text-align: justify;\">Ap\u00f3s a entrega da medalha, o governador Fernando Pimentel se reunir\u00e1 com os governadores convidados para debater sobre a Lei Kandir (Lei Complementar 87\/1996). Todos os chefes de executivo estadual foram convidados para o debate.<\/p>\n<p style=\"text-align: justify;\"><a href=\"http:\/\/senoticias.com.br\/se\/wp-content\/uploads\/2017\/09\/Logo-fone-1-2-1-2-4-6-1-1-1-1.jpg\"><img loading=\"lazy\" decoding=\"async\" class=\"aligncenter size-full wp-image-106398\" src=\"http:\/\/senoticias.com.br\/se\/wp-content\/uploads\/2017\/09\/Logo-fone-1-2-1-2-4-6-1-1-1-1.jpg\" alt=\"Logo-fone-1-2-1-2-4-6-1-1-1\" width=\"599\" height=\"78\" srcset=\"https:\/\/senoticias.com.br\/se\/wp-content\/uploads\/2017\/09\/Logo-fone-1-2-1-2-4-6-1-1-1-1.jpg 599w, https:\/\/senoticias.com.br\/se\/wp-content\/uploads\/2017\/09\/Logo-fone-1-2-1-2-4-6-1-1-1-1-300x39.jpg 300w\" sizes=\"(max-width: 599px) 100vw, 599px\" \/><\/a><\/p>\n<p style=\"text-align: justify;\">\n<p style=\"text-align: justify;\"><em><strong>Acompanhe tamb\u00e9m o SE Not\u00edcias no\u00a0<a href=\"https:\/\/twitter.com\/Senoticias\" target=\"_blank\">Twitter<\/a>,\u00a0<a href=\"https:\/\/www.facebook.com\/senoticias1\" target=\"_blank\">Facebook<\/a>\u00a0e no\u00a0<a href=\"https:\/\/www.instagram.com\/senoticias\/\" target=\"_blank\">Instagram<\/a><\/strong><\/em><\/p>\n<p style=\"text-align: justify;\">\n<p style=\"text-align: justify;\"><em>Ag\u00eancia Sergipe de Not\u00edcias<\/em><\/p>\n","protected":false},"excerpt":{"rendered":"<p>Criada em 1995 e concedida pela primeira vez um ano depois, a Medalha JK \u00e9 entregue sempre no dia 12 de setembro, data que marca o nascimento de Kubitschek. Seu objetivo \u00e9 premiar o m\u00e9rito c\u00edvico de personalidades e entidades que prestam servi\u00e7os de excepcional relev\u00e2ncia \u00e0 coletividade e que tenham contribu\u00eddo para o crescimento [&hellip;]<\/p>\n","protected":false},"author":2,"featured_media":106630,"comment_status":"closed","ping_status":"closed","sticky":false,"template":"","format":"standard","meta":{"footnotes":""},"categories":[15],"tags":[5839,114,5840,234],"class_list":{"0":"post-106629","1":"post","2":"type-post","3":"status-publish","4":"format-standard","5":"has-post-thumbnail","7":"category-destaques","8":"tag-homenagem-do-governo","9":"tag-jackson-barreto","10":"tag-medalha-jk","11":"tag-minas-gerais"},"_links":{"self":[{"href":"https:\/\/senoticias.com.br\/se\/wp-json\/wp\/v2\/posts\/106629"}],"collection":[{"href":"https:\/\/senoticias.com.br\/se\/wp-json\/wp\/v2\/posts"}],"about":[{"href":"https:\/\/senoticias.com.br\/se\/wp-json\/wp\/v2\/types\/post"}],"author":[{"embeddable":true,"href":"https:\/\/senoticias.com.br\/se\/wp-json\/wp\/v2\/users\/2"}],"replies":[{"embeddable":true,"href":"https:\/\/senoticias.com.br\/se\/wp-json\/wp\/v2\/comments?post=106629"}],"version-history":[{"count":0,"href":"https:\/\/senoticias.com.br\/se\/wp-json\/wp\/v2\/posts\/106629\/revisions"}],"wp:featuredmedia":[{"embeddable":true,"href":"https:\/\/senoticias.com.br\/se\/wp-json\/wp\/v2\/media\/106630"}],"wp:attachment":[{"href":"https:\/\/senoticias.com.br\/se\/wp-json\/wp\/v2\/media?parent=106629"}],"wp:term":[{"taxonomy":"category","embeddable":true,"href":"https:\/\/senoticias.com.br\/se\/wp-json\/wp\/v2\/categories?post=106629"},{"taxonomy":"post_tag","embeddable":true,"href":"https:\/\/senoticias.com.br\/se\/wp-json\/wp\/v2\/tags?post=106629"}],"curies":[{"name":"wp","href":"https:\/\/api.w.org\/{rel}","templated":true}]}}