{"id":106589,"date":"2017-09-11T13:51:29","date_gmt":"2017-09-11T16:51:29","guid":{"rendered":"http:\/\/senoticias.com.br\/se\/?p=106589"},"modified":"2017-09-11T13:51:29","modified_gmt":"2017-09-11T16:51:29","slug":"jackson-antecipa-se-para-que-nao-falte-agua-na-grande-aracaju","status":"publish","type":"post","link":"https:\/\/senoticias.com.br\/se\/jackson-antecipa-se-para-que-nao-falte-agua-na-grande-aracaju\/","title":{"rendered":"Jackson antecipa-se para que n\u00e3o falte \u00e1gua na Grande Aracaju"},"content":{"rendered":"<p style=\"text-align: justify;\">O governador Jackson Barreto e o governador de S\u00e3o Paulo, Geraldo Alckmin, assinaram termo de empr\u00e9stimo de equipamentos da Sabesp (Companhia de Saneamento B\u00e1sico do Estado de S\u00e3o Paulo) para a Companhia de Abastecimento de Sergipe (Deso) nesta segunda-feira, 11. O termo faz parte da pol\u00edtica de planejamento h\u00eddrico do Estado e garante o abastecimento da regi\u00e3o metropolitana em caso de estiagem.<\/p>\n<div id=\"attachment_106590\" style=\"width: 609px\" class=\"wp-caption aligncenter\"><a href=\"http:\/\/senoticias.com.br\/se\/wp-content\/uploads\/2017\/09\/746e6ed507e9690d48a10bcd7dee9b6e-e1505148515800.jpeg\"><img loading=\"lazy\" decoding=\"async\" aria-describedby=\"caption-attachment-106590\" class=\"size-full wp-image-106590\" src=\"http:\/\/senoticias.com.br\/se\/wp-content\/uploads\/2017\/09\/746e6ed507e9690d48a10bcd7dee9b6e-e1505148515800.jpeg\" alt=\"O governador Jackson Barreto e o governador de S\u00e3o Paulo, Geraldo Alckmin, assinaram termo de empr\u00e9stimo de equipamentos da Sabesp (Companhia de Saneamento B\u00e1sico do Estado de S\u00e3o Paulo) para a Companhia de Abastecimento de Sergipe (Deso) nesta segunda-feira, 11\" width=\"599\" height=\"449\" \/><\/a><p id=\"caption-attachment-106590\" class=\"wp-caption-text\">O governador Jackson Barreto e o governador de S\u00e3o Paulo, Geraldo Alckmin, assinaram termo de empr\u00e9stimo de equipamentos da Sabesp para a Deso nesta segunda-feira, 11 (foto: ASN)<\/p><\/div>\n<p style=\"text-align: justify;\">Os equipamentos s\u00e3o dois flutuantes com conjuntos moto-bombas com vaz\u00e3o de 4 m\u00b3\/s, que foram utilizados durante a crise h\u00eddrica de S\u00e3o Paulo e que n\u00e3o est\u00e3o sendo utilizados no momento. Os aparelhos ficar\u00e3o \u00e0 disposi\u00e7\u00e3o da Deso por seis meses sem custo para o Estado.<\/p>\n<p style=\"text-align: justify;\">Em conversa com Alckmin, Jackson informou que o Rio S\u00e3o Francisco \u00e9 a principal fonte de capita\u00e7\u00e3o de \u00e1gua de Aracaju e de sua regi\u00e3o metropolitana (Barra dos Coqueiros, Nossa Senhora do Socorro e S\u00e3o Crist\u00f3v\u00e3o),\u00a0um aglomerado urbano com mais de 1 milh\u00e3o de habitantes. No entanto, a vaz\u00e3o do Rio vem reduzindo de forma significativa nos \u00faltimos anos, baixado de 1.300 m\u00b3\/s para os atuais 580 m\u00b3\/s, comprometendo o abastecimento. Na avalia\u00e7\u00e3o do governador sergipano, a cess\u00e3o dos equipamentos representa o protagonismo do governo do Estado em se antecipar a um futuro problema de desabastecimento.<\/p>\n<p style=\"text-align: justify;\">\u201cQueremos agradecer a cess\u00e3o dos equipamentos com tecnologia capaz de nos ajudar a garantir o abastecimento de Aracaju e da Grande Aracaju. Vamos levar a tecnologia como medida de preven\u00e7\u00e3o, j\u00e1 que estamos vivendo um momento de grande dificuldades com a adutora que cerca de 1 milh\u00e3o de pessoas em Aracaju e Grande Aracaju. Se at\u00e9 novembro n\u00e3o tivermos chuvas na cabaceira do S\u00e3o Francisco, podemos chegar numa situa\u00e7\u00e3o parecida com a Cantareira. No momento, n\u00e3o h\u00e1 risco de desabastecimento porque temos a barragem do Rio Poxim, que garante 30% do abastecimento da capital e ainda h\u00e1 condi\u00e7\u00e3o de se tirar \u00e1gua do S\u00e3o Francisco\u201d, disse.<\/p>\n<p style=\"text-align: justify;\">Alckmin explicou que o m\u00e9todo de bomba flutuante foi desenvolvido durante a crise h\u00eddrica de 2014. \u201cAdquirimos uma boa tecnologia h\u00eddrica por conta da crise de 2014 e estamos cedendo equipamentos de grande pot\u00eancia para retirar \u00e1gua de regi\u00f5es mais profundas. O Rio S\u00e3o Francisco baixou a vaz\u00e3o em Sergipe, em virtude da grande seca que est\u00e1 ocorrendo, e isso dificulta a retirada de \u00e1gua para a capital. Ent\u00e3o, cedemos para o governo de Sergipe. \u00c9 uma maneira, tamb\u00e9m, de retribuirmos o trabalho de tantos sergipanos que ajudam a construir nosso estado de S\u00e3o Paulo\u201d, declarou, explicando que a cess\u00e3o n\u00e3o compromete o abastecimento paulista j\u00e1 que o sistema Cantareira est\u00e1 com mais de 60% de reserva de \u00e1gua.<\/p>\n<p style=\"text-align: justify;\">A cess\u00e3o do equipamento e demais materiais necess\u00e1rios para sua instala\u00e7\u00e3o, avaliados em R$ 1,023 milh\u00e3o, ser\u00e1 por 180 dias e pode ser estendida, caso seja necess\u00e1rio. N\u00e3o h\u00e1 qualquer custo aos beneficiados. O transporte dos equipamentos ser\u00e1 feito pela Deso, em carretas. A Sabesp disp\u00f5e de assist\u00eancia t\u00e9cnica para instala\u00e7\u00e3o e pr\u00e9-opera\u00e7\u00e3o dos equipamentos.<\/p>\n<p><strong>Hist\u00f3rico<\/strong><\/p>\n<p style=\"text-align: justify;\">Diante da possibilidade de crise h\u00eddrica na capital e regi\u00f5es adjacentes, o governo do Estado, por meio da Deso, e a Sabesp iniciaram tratativas para a possibilidade de empr\u00e9stimo de dois flutuantes com os conjuntos moto-bombas com vaz\u00e3o de 4 m\u00b3\/s, em car\u00e1ter emergencial e tempor\u00e1rio a fim de que se evite o desabastecimento da Regi\u00e3o Metropolitana de Aracaju. A videoconfer\u00eancia foi realizada no dia 21 de agosto.<\/p>\n<p style=\"text-align: justify;\"><a href=\"http:\/\/senoticias.com.br\/se\/wp-content\/uploads\/2017\/09\/Logo-fone-1-2-1-2-4-6-1-1-1-1.jpg\"><img loading=\"lazy\" decoding=\"async\" class=\"aligncenter size-full wp-image-106398\" src=\"http:\/\/senoticias.com.br\/se\/wp-content\/uploads\/2017\/09\/Logo-fone-1-2-1-2-4-6-1-1-1-1.jpg\" alt=\"Logo-fone-1-2-1-2-4-6-1-1-1\" width=\"599\" height=\"78\" srcset=\"https:\/\/senoticias.com.br\/se\/wp-content\/uploads\/2017\/09\/Logo-fone-1-2-1-2-4-6-1-1-1-1.jpg 599w, https:\/\/senoticias.com.br\/se\/wp-content\/uploads\/2017\/09\/Logo-fone-1-2-1-2-4-6-1-1-1-1-300x39.jpg 300w\" sizes=\"(max-width: 599px) 100vw, 599px\" \/><\/a><\/p>\n<p style=\"text-align: justify;\"><em><strong>Acompanhe tamb\u00e9m o SE Not\u00edcias no\u00a0<a href=\"https:\/\/twitter.com\/Senoticias\" target=\"_blank\">Twitter<\/a>,\u00a0<a href=\"https:\/\/www.facebook.com\/senoticias1\" target=\"_blank\">Facebook<\/a>\u00a0e no\u00a0<a href=\"https:\/\/www.instagram.com\/senoticias\/\" target=\"_blank\">Instagram<\/a><\/strong><\/em><\/p>\n<p style=\"text-align: justify;\"><strong><em>Ag\u00eancia Sergipe de Not\u00edcias<\/em><\/strong><\/p>\n","protected":false},"excerpt":{"rendered":"<p>O governador Jackson Barreto e o governador de S\u00e3o Paulo, Geraldo Alckmin, assinaram termo de empr\u00e9stimo de equipamentos da Sabesp (Companhia de Saneamento B\u00e1sico do Estado de S\u00e3o Paulo) para a Companhia de Abastecimento de Sergipe (Deso) nesta segunda-feira, 11. O termo faz parte da pol\u00edtica de planejamento h\u00eddrico do Estado e garante o abastecimento [&hellip;]<\/p>\n","protected":false},"author":2,"featured_media":106590,"comment_status":"closed","ping_status":"closed","sticky":false,"template":"","format":"standard","meta":{"footnotes":""},"categories":[6],"tags":[5809,847,322,2745,114],"class_list":{"0":"post-106589","1":"post","2":"type-post","3":"status-publish","4":"format-standard","5":"has-post-thumbnail","7":"category-politica","8":"tag-geraldo-alckmin","9":"tag-governador-jackson-barreto","10":"tag-grande-aracaju","11":"tag-jackson","12":"tag-jackson-barreto"},"_links":{"self":[{"href":"https:\/\/senoticias.com.br\/se\/wp-json\/wp\/v2\/posts\/106589"}],"collection":[{"href":"https:\/\/senoticias.com.br\/se\/wp-json\/wp\/v2\/posts"}],"about":[{"href":"https:\/\/senoticias.com.br\/se\/wp-json\/wp\/v2\/types\/post"}],"author":[{"embeddable":true,"href":"https:\/\/senoticias.com.br\/se\/wp-json\/wp\/v2\/users\/2"}],"replies":[{"embeddable":true,"href":"https:\/\/senoticias.com.br\/se\/wp-json\/wp\/v2\/comments?post=106589"}],"version-history":[{"count":0,"href":"https:\/\/senoticias.com.br\/se\/wp-json\/wp\/v2\/posts\/106589\/revisions"}],"wp:featuredmedia":[{"embeddable":true,"href":"https:\/\/senoticias.com.br\/se\/wp-json\/wp\/v2\/media\/106590"}],"wp:attachment":[{"href":"https:\/\/senoticias.com.br\/se\/wp-json\/wp\/v2\/media?parent=106589"}],"wp:term":[{"taxonomy":"category","embeddable":true,"href":"https:\/\/senoticias.com.br\/se\/wp-json\/wp\/v2\/categories?post=106589"},{"taxonomy":"post_tag","embeddable":true,"href":"https:\/\/senoticias.com.br\/se\/wp-json\/wp\/v2\/tags?post=106589"}],"curies":[{"name":"wp","href":"https:\/\/api.w.org\/{rel}","templated":true}]}}