{"id":106578,"date":"2017-09-10T18:27:18","date_gmt":"2017-09-10T21:27:18","guid":{"rendered":"http:\/\/senoticias.com.br\/se\/?p=106578"},"modified":"2017-09-10T18:27:18","modified_gmt":"2017-09-10T21:27:18","slug":"papa-francisco-se-fere-no-rosto-em-passagem-pela-colombia","status":"publish","type":"post","link":"https:\/\/senoticias.com.br\/se\/papa-francisco-se-fere-no-rosto-em-passagem-pela-colombia\/","title":{"rendered":"Papa Francisco se fere no rosto em passagem pela Col\u00f4mbia"},"content":{"rendered":"<p style=\"text-align: justify;\">\nO Papa Francisco feriu o rosto durante sua passagem pela cidade de Cartagena, na Col\u00f4mbia. Ao passar pelo bairro de San Francisco, onde aben\u00e7oou a constru\u00e7\u00e3o de moradias populares, o Pont\u00edfice tentou cumprimentar um menino e bateu o rosto no vidro do &#8220;papam\u00f3vel&#8221;. Com a batida, ele sofreu um ferimento no rosto.<\/p>\n<div id=\"attachment_106579\" style=\"width: 609px\" class=\"wp-caption aligncenter\"><a href=\"http:\/\/senoticias.com.br\/se\/wp-content\/uploads\/2017\/09\/Pap-Francisco-senoticias-e1505078705116.jpg\"><img loading=\"lazy\" decoding=\"async\" aria-describedby=\"caption-attachment-106579\" class=\"size-full wp-image-106579\" src=\"http:\/\/senoticias.com.br\/se\/wp-content\/uploads\/2017\/09\/Pap-Francisco-senoticias-e1505078705116.jpg\" alt=\"Pont\u00edficie foi ferido no rosto durante visita a Cartagena \" width=\"599\" height=\"360\" \/><\/a><p id=\"caption-attachment-106579\" class=\"wp-caption-text\">Pont\u00edficie foi ferido no rosto durante visita a Cartagena (foto: Alberto Pizzoli\/AFP)<\/p><\/div>\n<p style=\"text-align: justify;\">Ao parar o &#8220;papam\u00f3vel&#8221;, Francisco recebeu um len\u00e7o de um dos seguran\u00e7as para se limpar. Por conta do ferimento, foi poss\u00edvel ver marcas de sangue no pano e na roupa branca. O Pont\u00edficie sofreu um corte acima do olho e ficou com um incha\u00e7o em parte da bochecha.<\/p>\n<p style=\"text-align: justify;\">O papa foi atendido pelo comandante da Gendarmaria do Vaticano, Domenico Giani.<\/p>\n<p style=\"text-align: justify;\">Mesmo ap\u00f3s o corte, Francisco continuou a caminhada pelo bairro saudando as milhares de pessoas que estavam no local.<\/p>\n<p>N\u00e3o se sabe at\u00e9 o momento o que causou a les\u00e3o \u2014 se foi algum fiel ou se ele se machucou sozinho.<\/p>\n<p>O incidente ocorreu ap\u00f3s Francisco aben\u00e7oar a pedra fundamental de um conjunto residencial para pessoas sem teto na cidade colombiana.<\/p>\n<p style=\"text-align: justify;\">\u2014 Bendito seja, Senhor, Deus de Miseric\u00f3rdia, que em seu Filho nos deu um admir\u00e1vel exemplo de caridade e por ele nos recomendou a viver o mandato de amor, digne-se a dar suas ben\u00e7\u00e3o a esses servidores seus, que se dedicam na ajudam aos outros \u2014, disse durante a ben\u00e7\u00e3o.<\/p>\n<p><strong>PAPA PEDE CONSOLIDA\u00c7\u00c3O DA PAZ NA COL\u00d4MBIA<\/strong><\/p>\n<p style=\"text-align: justify;\">O Papa Francisco pediu nesta sexta-feira aos colombianos c\u00e9ticos sobre o acordo de paz com a antiga guerrilha das Far\u00e7as Armadas Revolucion\u00e1rias da Col\u00f4mbia (Farc) um compromisso sincero de reconcilia\u00e7\u00e3o e perd\u00e3o para que prosperem os esfor\u00e7os do pa\u00eds em colocar um fim ao conflito e para que possa sair do \u201cp\u00e2ntano da viol\u00eancia e do rancor\u201d.<\/p>\n<p style=\"text-align: justify;\">O Pont\u00edfice chegou \u00e0 cidade de Villavicencio, a cerca de 70 quil\u00f4metros da capital Bogot\u00e1, onde foi recebido por centenas de milhares de euf\u00f3ricas pessoas vestidas de branco que cantavam \u201cFrancisco, amigo, o Lllano est\u00e1 contigo\u201d.<\/p>\n<p style=\"text-align: justify;\">O l\u00edder do Vaticano pediu para os colombianos acolherem aqueles que cometeram delitos, reconheceram, se arrependeram e se comprometeram em reparar, como estabelece o acordo de paz com as Farc.<\/p>\n<p style=\"text-align: justify;\"><em><strong>Acompanhe tamb\u00e9m o SE Not\u00edcias no\u00a0<a href=\"https:\/\/twitter.com\/Senoticias\" target=\"_blank\">Twitter<\/a>,\u00a0<a href=\"https:\/\/www.facebook.com\/senoticias1\" target=\"_blank\">Facebook<\/a>\u00a0e no\u00a0<a href=\"https:\/\/www.instagram.com\/senoticias\/\" target=\"_blank\">Instagram<\/a><\/strong><\/em><\/p>\n<p style=\"text-align: justify;\"><a href=\"http:\/\/senoticias.com.br\/se\/wp-content\/uploads\/2017\/09\/Logo-fone-1-2-1-2-4-6-1-1-1-1.jpg\"><img loading=\"lazy\" decoding=\"async\" class=\"aligncenter size-full wp-image-106398\" src=\"http:\/\/senoticias.com.br\/se\/wp-content\/uploads\/2017\/09\/Logo-fone-1-2-1-2-4-6-1-1-1-1.jpg\" alt=\"Logo-fone-1-2-1-2-4-6-1-1-1\" width=\"599\" height=\"78\" srcset=\"https:\/\/senoticias.com.br\/se\/wp-content\/uploads\/2017\/09\/Logo-fone-1-2-1-2-4-6-1-1-1-1.jpg 599w, https:\/\/senoticias.com.br\/se\/wp-content\/uploads\/2017\/09\/Logo-fone-1-2-1-2-4-6-1-1-1-1-300x39.jpg 300w\" sizes=\"(max-width: 599px) 100vw, 599px\" \/><\/a><\/p>\n<p style=\"text-align: justify;\">\n<p style=\"text-align: justify;\"><em>POR\u00a0<span class=\"autor\">O GLOBO COM AG\u00caNCIAS INTERNACIONAIS<\/span><\/em><\/p>\n","protected":false},"excerpt":{"rendered":"<p>O Papa Francisco feriu o rosto durante sua passagem pela cidade de Cartagena, na Col\u00f4mbia. Ao passar pelo bairro de San Francisco, onde aben\u00e7oou a constru\u00e7\u00e3o de moradias populares, o Pont\u00edfice tentou cumprimentar um menino e bateu o rosto no vidro do &#8220;papam\u00f3vel&#8221;. Com a batida, ele sofreu um ferimento no rosto. Ao parar o [&hellip;]<\/p>\n","protected":false},"author":2,"featured_media":106579,"comment_status":"closed","ping_status":"closed","sticky":false,"template":"","format":"standard","meta":{"footnotes":""},"categories":[15,46],"tags":[5797,5070,886,888],"class_list":{"0":"post-106578","1":"post","2":"type-post","3":"status-publish","4":"format-standard","5":"has-post-thumbnail","7":"category-destaques","8":"category-religiao","9":"tag-cartagena","10":"tag-colombia","11":"tag-papa-francisco","12":"tag-vaticano"},"_links":{"self":[{"href":"https:\/\/senoticias.com.br\/se\/wp-json\/wp\/v2\/posts\/106578"}],"collection":[{"href":"https:\/\/senoticias.com.br\/se\/wp-json\/wp\/v2\/posts"}],"about":[{"href":"https:\/\/senoticias.com.br\/se\/wp-json\/wp\/v2\/types\/post"}],"author":[{"embeddable":true,"href":"https:\/\/senoticias.com.br\/se\/wp-json\/wp\/v2\/users\/2"}],"replies":[{"embeddable":true,"href":"https:\/\/senoticias.com.br\/se\/wp-json\/wp\/v2\/comments?post=106578"}],"version-history":[{"count":0,"href":"https:\/\/senoticias.com.br\/se\/wp-json\/wp\/v2\/posts\/106578\/revisions"}],"wp:featuredmedia":[{"embeddable":true,"href":"https:\/\/senoticias.com.br\/se\/wp-json\/wp\/v2\/media\/106579"}],"wp:attachment":[{"href":"https:\/\/senoticias.com.br\/se\/wp-json\/wp\/v2\/media?parent=106578"}],"wp:term":[{"taxonomy":"category","embeddable":true,"href":"https:\/\/senoticias.com.br\/se\/wp-json\/wp\/v2\/categories?post=106578"},{"taxonomy":"post_tag","embeddable":true,"href":"https:\/\/senoticias.com.br\/se\/wp-json\/wp\/v2\/tags?post=106578"}],"curies":[{"name":"wp","href":"https:\/\/api.w.org\/{rel}","templated":true}]}}